{"id":1024,"date":"2015-01-30T22:07:18","date_gmt":"2015-01-30T22:07:18","guid":{"rendered":"http:\/\/irmasdesaojose.com.br\/portal\/?p=1024"},"modified":"2023-12-19T10:54:42","modified_gmt":"2023-12-19T13:54:42","slug":"votos-perpetuos","status":"publish","type":"post","link":"http:\/\/irmasdesaojose.com.br\/portal\/votos-perpetuos\/","title":{"rendered":"Votos Perp\u00e9tuos"},"content":{"rendered":"<p style=\"text-align: justify;\"><span style=\"color: #000000;\">\u00a0 \u00a0 \u00a0 \u00a0 \u00a0 \u00a0 \u00a0 No dia 25 de janeiro de 2015, \u00e0s 11h, na cidade de Curitiba, Par\u00f3quia S\u00e3o Jorge, as Irm\u00e3s:\u00a0<strong>Ir. Rosenilda de F\u00e1tima Santos<\/strong> e <strong>Ir. Faustina da Silva<\/strong>, disseram seu <strong>SIM<\/strong> perp\u00e9tuo a Deus, fazendo os votos perp\u00e9tuos nas m\u00e3os da Delegada Ir. Doris Kulik.<\/span><\/p>\n<p style=\"text-align: justify;\"><span style=\"color: #000000;\">\u00a0 \u00a0 \u00a0 \u00a0 \u00a0 \u00a0 O Arcebispo em\u00e9rito de Curitiba, <strong>Dom Pedro Ant\u00f4nio Marchetti Fedalto<\/strong> presidiu a celebra\u00e7\u00e3o Eucar\u00edstica dos <strong>Votos Perp\u00e9tuos<\/strong> de nossas duas Irm\u00e3s, juntamente com outros Padres amigos da Congrega\u00e7\u00e3o. Para esse momento t\u00e3o\u00a0importante\u00a0para toda a nossa Congrega\u00e7\u00e3o, vieram muitas Irm\u00e3s das comunidades da Delega\u00e7\u00e3o Brasileira e especialmente Ir. Celsa e Ir. Antonella, ambas polonesas, que trabalham na Alemanha. Estiveram tamb\u00e9m presentes familiares e amigos das Irm\u00e3s.<\/span><\/p>\n<p style=\"text-align: justify;\"><span style=\"color: #000000;\">\u00a0 \u00a0 \u00a0 \u00a0 \u00a0 \u00a0 \u00a0 \u00a0Atrav\u00e9s da consagra\u00e7\u00e3o a Deus, pelos\u00a0votos de perp\u00e9tua\u00a0<strong>CASTIDADE<\/strong>, <strong>POBREZA<\/strong> e <strong>OBEDI\u00caNCIA<\/strong>, as Irm\u00e3s foram\u00a0<strong>&#8220;desposadas ao Esposo \u00danico Jesus Cristo&#8221;<\/strong>\u00a0e tornaram-se membros definitivos da Congrega\u00e7\u00e3o das Irm\u00e3s de S\u00e3o Jos\u00e9, na qual com grande amor e alegria, dedicar\u00e3o toda a sua vida em favor de Deus e do pr\u00f3ximo! Como sinal externo dessa consagra\u00e7\u00e3o perp\u00e9tua, as Irm\u00e3s recebem a alian\u00e7a de prata, com o nome de JESUS\u00a0inscrito.<\/span><\/p>\n<p style=\"text-align: justify;\"><span style=\"color: #000000;\">\u00a0 \u00a0 \u00a0 \u00a0 \u00a0 \u00a0 \u00a0 Agradecemos a todos que rezaram, apoiaram e ajudaram a Ir. Rosenilda e Ir. Faustina e \u00e0s confiamos as ora\u00e7\u00f5es de todos, para que sejam sempre um testemunho alegre e fiel do amor de Deus.<\/span><\/p>\n<p style=\"text-align: center;\"><\/p>\n<p style=\"text-align: justify;\"><span style=\"color: #000000;\">\u00a0<\/span><\/p>\n","protected":false},"excerpt":{"rendered":"<p>\u00a0 \u00a0 \u00a0 \u00a0 \u00a0 \u00a0 \u00a0 No dia 25 de janeiro de 2015, \u00e0s 11h, na cidade de Curitiba, Par\u00f3quia S\u00e3o Jorge, as Irm\u00e3s:\u00a0Ir. Rosenilda de F\u00e1tima Santos e Ir. Faustina da Silva, disseram seu SIM perp\u00e9tuo a Deus, fazendo os votos perp\u00e9tuos nas m\u00e3os da Delegada Ir. Doris Kulik. \u00a0 \u00a0 \u00a0 \u00a0 [&hellip;]<\/p>\n","protected":false},"author":1,"featured_media":0,"comment_status":"open","ping_status":"open","sticky":false,"template":"","format":"standard","meta":{"_monsterinsights_skip_tracking":false,"_monsterinsights_sitenote_active":false,"_monsterinsights_sitenote_note":"","_monsterinsights_sitenote_category":0,"jetpack_post_was_ever_published":false,"_jetpack_newsletter_access":"","_jetpack_dont_email_post_to_subs":false,"_jetpack_newsletter_tier_id":0,"_jetpack_memberships_contains_paywalled_content":false,"footnotes":"","_jetpack_memberships_contains_paid_content":false,"jetpack_publicize_message":"","jetpack_publicize_feature_enabled":true,"jetpack_social_post_already_shared":true,"jetpack_social_options":{"image_generator_settings":{"template":"highway","enabled":false}}},"categories":[1],"tags":[57,12,73],"jetpack_publicize_connections":[],"jetpack_featured_media_url":"","jetpack_shortlink":"https:\/\/wp.me\/p4Ftkv-gw","jetpack_sharing_enabled":true,"_links":{"self":[{"href":"http:\/\/irmasdesaojose.com.br\/portal\/wp-json\/wp\/v2\/posts\/1024"}],"collection":[{"href":"http:\/\/irmasdesaojose.com.br\/portal\/wp-json\/wp\/v2\/posts"}],"about":[{"href":"http:\/\/irmasdesaojose.com.br\/portal\/wp-json\/wp\/v2\/types\/post"}],"author":[{"embeddable":true,"href":"http:\/\/irmasdesaojose.com.br\/portal\/wp-json\/wp\/v2\/users\/1"}],"replies":[{"embeddable":true,"href":"http:\/\/irmasdesaojose.com.br\/portal\/wp-json\/wp\/v2\/comments?post=1024"}],"version-history":[{"count":13,"href":"http:\/\/irmasdesaojose.com.br\/portal\/wp-json\/wp\/v2\/posts\/1024\/revisions"}],"predecessor-version":[{"id":7975,"href":"http:\/\/irmasdesaojose.com.br\/portal\/wp-json\/wp\/v2\/posts\/1024\/revisions\/7975"}],"wp:attachment":[{"href":"http:\/\/irmasdesaojose.com.br\/portal\/wp-json\/wp\/v2\/media?parent=1024"}],"wp:term":[{"taxonomy":"category","embeddable":true,"href":"http:\/\/irmasdesaojose.com.br\/portal\/wp-json\/wp\/v2\/categories?post=1024"},{"taxonomy":"post_tag","embeddable":true,"href":"http:\/\/irmasdesaojose.com.br\/portal\/wp-json\/wp\/v2\/tags?post=1024"}],"curies":[{"name":"wp","href":"https:\/\/api.w.org\/{rel}","templated":true}]}}