{"id":1739,"date":"2016-01-11T13:57:58","date_gmt":"2016-01-11T13:57:58","guid":{"rendered":"http:\/\/irmasdesaojose.com.br\/portal\/?p=1739"},"modified":"2016-01-11T16:15:44","modified_gmt":"2016-01-11T16:15:44","slug":"oracoes-pela-nova-madre-jana","status":"publish","type":"post","link":"http:\/\/irmasdesaojose.com.br\/portal\/oracoes-pela-nova-madre-jana\/","title":{"rendered":"Ora\u00e7\u00f5es pela nova Madre Jana"},"content":{"rendered":"<p style=\"text-align: justify;\"><span style=\"color: #000000;\">\u00a0 \u00a0 \u00a0 No dia 6 de janeiro, as Irm\u00e3s de toda nossa Congrega\u00e7\u00e3o rezaram pela nova <strong>Madre Geral Irm\u00e3 Jana Przetak<\/strong> e <strong>seu Conselho<\/strong> no Santu\u00e1rio\u00a0da Divina Miseric\u00f3rdia em Crac\u00f3via na Pol\u00f4nia. <\/span><\/p>\n<p style=\"text-align: justify;\"><span style=\"color: #000000;\">\u00a0 \u00a0 \u00a0 \u00a0 \u00a0 As Irm\u00e3s da Comunidade da Cidade Ol\u00edmpica, em S\u00e3o Lu\u00eds do Maranh\u00e3o, tamb\u00e9m se uniram a elas em ora\u00e7\u00f5es, no Santu\u00e1rio de S\u00e3o Jos\u00e9 do Ribamar, MA.\u00a0<\/span><span style=\"color: #000000;\">Agradeceram a Deus pela intercess\u00e3o de S\u00e3o Jos\u00e9, Padroeiro da Congrega\u00e7\u00e3o e tamb\u00e9m do Maranh\u00e3o, pelos\u00a012 anos do Governo Geral da Madre Leticja Niemczura, durante a Santa Missa e pediram a\u00a0b\u00ean\u00e7\u00e3o de\u00a0Deus, a prote\u00e7\u00e3o e a luz do Esp\u00edrito Santo para a Madre\u00a0Jana e seu\u00a0Conselho.<\/span><\/p>\n<p style=\"text-align: center;\">\n<div id=\"slideshow-1746-69f2c109b5efb\" class=\"wk-slideshow wk-slideshow-default\" data-widgetkit=\"slideshow\" data-options='{\"style\":\"default\",\"autoplay\":1,\"interval\":5000,\"width\":1000,\"height\":380,\"duration\":500,\"index\":0,\"order\":\"default\",\"navigation\":1,\"buttons\":0,\"slices\":20,\"animated\":\"fade\",\"caption_animation_duration\":500}'>\n\t<div>\n\t\t<ul class=\"slides\">\n\n\t\t\t\t\t\t\t\t\t<li>\n\t\t\t\t<article class=\"wk-content clearfix\"><img src=\"https:\/\/i0.wp.com\/irmasdesaojose.com.br\/portal\/wp-content\/uploads\/2016\/01\/20160106_182433-e1452517358178.jpg?resize=525%2C700\" alt=\"20160106_182433\" width=\"525\" height=\"700\" class=\"size-full wp-image-1744 aligncenter\" data-recalc-dims=\"1\" \/><\/article>\n\t\t\t<\/li>\n\t\t\t\t\t\t\t\t\t\t\t\t<li>\n\t\t\t\t<article class=\"wk-content clearfix\"><img src=\"data:image\/gif;base64,R0lGODlhAQABAJEAAAAAAP\/\/\/\/\/\/\/wAAACH5BAEHAAIALAAAAAABAAEAAAICVAEAOw==\" data-src=\"http:\/\/irmasdesaojose.com.br\/portal\/wp-content\/uploads\/2016\/01\/20160106_180816-e1452517145332.jpg\" alt=\"20160106_180816\" width=\"525\" height=\"700\" class=\"size-full wp-image-1740 aligncenter\" \/><\/article>\n\t\t\t<\/li>\n\t\t\t\t\t\t\t\t\t\t\t\t<li>\n\t\t\t\t<article class=\"wk-content clearfix\"><img src=\"data:image\/gif;base64,R0lGODlhAQABAJEAAAAAAP\/\/\/\/\/\/\/wAAACH5BAEHAAIALAAAAAABAAEAAAICVAEAOw==\" data-src=\"http:\/\/irmasdesaojose.com.br\/portal\/wp-content\/uploads\/2016\/01\/20160106_181327-e1452517334522.jpg\" alt=\"20160106_181327\" width=\"525\" height=\"700\" class=\"size-full wp-image-1742 aligncenter\" \/><\/article>\n\t\t\t<\/li>\n\t\t\t\t\t\t\t\t\t\t\t\t<li>\n\t\t\t\t<article class=\"wk-content clearfix\"><img src=\"data:image\/gif;base64,R0lGODlhAQABAJEAAAAAAP\/\/\/\/\/\/\/wAAACH5BAEHAAIALAAAAAABAAEAAAICVAEAOw==\" data-src=\"http:\/\/irmasdesaojose.com.br\/portal\/wp-content\/uploads\/2016\/01\/20160106_181308-e1452517170630.jpg\" alt=\"20160106_181308\" width=\"525\" height=\"700\" class=\"size-full wp-image-1741 aligncenter\" \/><\/article>\n\t\t\t<\/li>\n\t\t\t\t\t\t\t\t\t\t\t\t<li>\n\t\t\t\t<article class=\"wk-content clearfix\"><img src=\"data:image\/gif;base64,R0lGODlhAQABAJEAAAAAAP\/\/\/\/\/\/\/wAAACH5BAEHAAIALAAAAAABAAEAAAICVAEAOw==\" data-src=\"http:\/\/irmasdesaojose.com.br\/portal\/wp-content\/uploads\/2016\/01\/IMG-20160107-WA0000-e1452528825632.jpg\" alt=\"IMG-20160107-WA0000\" width=\"525\" height=\"700\" class=\"size-full wp-image-1751 aligncenter\" \/><\/article>\n\t\t\t<\/li>\n\t\t\t\t\t\t\t\t<\/ul>\n\t\t\t\t<div class=\"caption\"><\/div><ul class=\"captions\"><li><\/li><li><\/li><li><\/li><li><\/li><li><\/li><\/ul>\n\t<\/div>\n\t<ul class=\"nav\"><li><span><\/span><\/li><li><span><\/span><\/li><li><span><\/span><\/li><li><span><\/span><\/li><li><span><\/span><\/li><\/ul><\/div><\/p>\n","protected":false},"excerpt":{"rendered":"<p>\u00a0 \u00a0 \u00a0 No dia 6 de janeiro, as Irm\u00e3s de toda nossa Congrega\u00e7\u00e3o rezaram pela nova Madre Geral Irm\u00e3 Jana Przetak e seu Conselho no Santu\u00e1rio\u00a0da Divina Miseric\u00f3rdia em Crac\u00f3via na Pol\u00f4nia. \u00a0 \u00a0 \u00a0 \u00a0 \u00a0 As Irm\u00e3s da Comunidade da Cidade Ol\u00edmpica, em S\u00e3o Lu\u00eds do Maranh\u00e3o, tamb\u00e9m se uniram a elas [&hellip;]<\/p>\n","protected":false},"author":1,"featured_media":0,"comment_status":"open","ping_status":"open","sticky":false,"template":"","format":"standard","meta":{"_monsterinsights_skip_tracking":false,"_monsterinsights_sitenote_active":false,"_monsterinsights_sitenote_note":"","_monsterinsights_sitenote_category":0,"jetpack_post_was_ever_published":false,"_jetpack_newsletter_access":"","_jetpack_dont_email_post_to_subs":false,"_jetpack_newsletter_tier_id":0,"_jetpack_memberships_contains_paywalled_content":false,"footnotes":"","_jetpack_memberships_contains_paid_content":false,"jetpack_publicize_message":"","jetpack_publicize_feature_enabled":true,"jetpack_social_post_already_shared":true,"jetpack_social_options":{"image_generator_settings":{"template":"highway","enabled":false}}},"categories":[1],"tags":[13,91,90,21,89],"jetpack_publicize_connections":[],"jetpack_featured_media_url":"","jetpack_shortlink":"https:\/\/wp.me\/p4Ftkv-s3","jetpack_sharing_enabled":true,"_links":{"self":[{"href":"http:\/\/irmasdesaojose.com.br\/portal\/wp-json\/wp\/v2\/posts\/1739"}],"collection":[{"href":"http:\/\/irmasdesaojose.com.br\/portal\/wp-json\/wp\/v2\/posts"}],"about":[{"href":"http:\/\/irmasdesaojose.com.br\/portal\/wp-json\/wp\/v2\/types\/post"}],"author":[{"embeddable":true,"href":"http:\/\/irmasdesaojose.com.br\/portal\/wp-json\/wp\/v2\/users\/1"}],"replies":[{"embeddable":true,"href":"http:\/\/irmasdesaojose.com.br\/portal\/wp-json\/wp\/v2\/comments?post=1739"}],"version-history":[{"count":5,"href":"http:\/\/irmasdesaojose.com.br\/portal\/wp-json\/wp\/v2\/posts\/1739\/revisions"}],"predecessor-version":[{"id":1749,"href":"http:\/\/irmasdesaojose.com.br\/portal\/wp-json\/wp\/v2\/posts\/1739\/revisions\/1749"}],"wp:attachment":[{"href":"http:\/\/irmasdesaojose.com.br\/portal\/wp-json\/wp\/v2\/media?parent=1739"}],"wp:term":[{"taxonomy":"category","embeddable":true,"href":"http:\/\/irmasdesaojose.com.br\/portal\/wp-json\/wp\/v2\/categories?post=1739"},{"taxonomy":"post_tag","embeddable":true,"href":"http:\/\/irmasdesaojose.com.br\/portal\/wp-json\/wp\/v2\/tags?post=1739"}],"curies":[{"name":"wp","href":"https:\/\/api.w.org\/{rel}","templated":true}]}}