{"id":2719,"date":"2016-02-02T14:05:35","date_gmt":"2016-02-02T16:05:35","guid":{"rendered":"http:\/\/irmasdesaojose.com.br\/portal\/?p=2719"},"modified":"2023-08-17T16:18:43","modified_gmt":"2023-08-17T19:18:43","slug":"dia-da-vida-consagrada","status":"publish","type":"post","link":"http:\/\/irmasdesaojose.com.br\/portal\/dia-da-vida-consagrada\/","title":{"rendered":"Dia da Vida Consagrada"},"content":{"rendered":"<h3 style=\"text-align: justify;\"><strong><span style=\"color: #000000;\">O Papa Francisco durante a audi\u00eancia no dia 01 de fevereiro, na Sala Paulo VI, no Vaticano, aos participantes do Jubileu da Vida Consagrada, disse:\u00a0<\/span><\/strong><\/h3>\n<h3 style=\"text-align: justify;\"><\/h3>\n<p style=\"text-align: center;\"><em><span style=\"color: #000000;\"><strong>&#8220;A vida consagrada deve conduzir \u00e0 proximidade com as pessoas, proximidade f\u00edsica, espiritual, conhecer as pessoas&#8221;<\/strong>, recordando que \u201cseguir Cristo significa carregar sobre si o ferido que encontramos ao longo da estrada, ir \u00e0 procura da ovelha perdida, estar pr\u00f3ximo \u00e0s pessoas, partilhar suas alegrias e suas dores, mostrar com o nosso amor o rosto paterno de Deus e o carinho maternal da Igreja. Proximidade: qual \u00e9 o primeiro pr\u00f3ximo de um consagrado ou consagrada? O irm\u00e3o ou irm\u00e3 da comunidade. Este \u00e9 o seu primeiro pr\u00f3ximo. \u00c9 uma proximidade bonita, boa e com carinho.\u201d<\/span><\/em><\/p>\n<h3 style=\"text-align: justify;\"><span style=\"color: #008000;\">No dia de hoje, 02 de Fevereiro, festa da Apresenta\u00e7\u00e3o do Senhor no Templo e de Nossa Senhora das Candeias, festejamos o Dia dos Consagrados!<\/span><\/h3>\n<h1 style=\"text-align: right;\"><img decoding=\"async\" loading=\"lazy\" class=\"wp-image-2721 aligncenter\" src=\"https:\/\/i0.wp.com\/irmasdesaojose.com.br\/portal\/wp-content\/uploads\/2016\/02\/nossa-senhora-da-paz.png?resize=263%2C356\" alt=\"nossa senhora da paz\" width=\"263\" height=\"356\" srcset=\"https:\/\/i0.wp.com\/irmasdesaojose.com.br\/portal\/wp-content\/uploads\/2016\/02\/nossa-senhora-da-paz.png?w=503 503w, https:\/\/i0.wp.com\/irmasdesaojose.com.br\/portal\/wp-content\/uploads\/2016\/02\/nossa-senhora-da-paz.png?resize=221%2C300 221w\" sizes=\"(max-width: 263px) 100vw, 263px\" data-recalc-dims=\"1\" \/><span style=\"color: #0000ff;\">Parab\u00e9ns aos Consagrados!\u00a0<\/span><\/h1>\n","protected":false},"excerpt":{"rendered":"<p>O Papa Francisco durante a audi\u00eancia no dia 01 de fevereiro, na Sala Paulo VI, no Vaticano, aos participantes do Jubileu da Vida Consagrada, disse:\u00a0 &#8220;A vida consagrada deve conduzir \u00e0 proximidade com as pessoas, proximidade f\u00edsica, espiritual, conhecer as pessoas&#8221;, recordando que \u201cseguir Cristo significa carregar sobre si o ferido que encontramos ao longo [&hellip;]<\/p>\n","protected":false},"author":1,"featured_media":0,"comment_status":"open","ping_status":"open","sticky":false,"template":"","format":"standard","meta":{"_monsterinsights_skip_tracking":false,"_monsterinsights_sitenote_active":false,"_monsterinsights_sitenote_note":"","_monsterinsights_sitenote_category":0,"jetpack_post_was_ever_published":false,"_jetpack_newsletter_access":"","_jetpack_dont_email_post_to_subs":false,"_jetpack_newsletter_tier_id":0,"_jetpack_memberships_contains_paywalled_content":false,"footnotes":"","_jetpack_memberships_contains_paid_content":false,"jetpack_publicize_message":"","jetpack_publicize_feature_enabled":true,"jetpack_social_post_already_shared":true,"jetpack_social_options":{"image_generator_settings":{"template":"highway","enabled":false}}},"categories":[1],"tags":[64,96],"jetpack_publicize_connections":[],"jetpack_featured_media_url":"","jetpack_shortlink":"https:\/\/wp.me\/p4Ftkv-HR","jetpack_sharing_enabled":true,"_links":{"self":[{"href":"http:\/\/irmasdesaojose.com.br\/portal\/wp-json\/wp\/v2\/posts\/2719"}],"collection":[{"href":"http:\/\/irmasdesaojose.com.br\/portal\/wp-json\/wp\/v2\/posts"}],"about":[{"href":"http:\/\/irmasdesaojose.com.br\/portal\/wp-json\/wp\/v2\/types\/post"}],"author":[{"embeddable":true,"href":"http:\/\/irmasdesaojose.com.br\/portal\/wp-json\/wp\/v2\/users\/1"}],"replies":[{"embeddable":true,"href":"http:\/\/irmasdesaojose.com.br\/portal\/wp-json\/wp\/v2\/comments?post=2719"}],"version-history":[{"count":6,"href":"http:\/\/irmasdesaojose.com.br\/portal\/wp-json\/wp\/v2\/posts\/2719\/revisions"}],"predecessor-version":[{"id":7954,"href":"http:\/\/irmasdesaojose.com.br\/portal\/wp-json\/wp\/v2\/posts\/2719\/revisions\/7954"}],"wp:attachment":[{"href":"http:\/\/irmasdesaojose.com.br\/portal\/wp-json\/wp\/v2\/media?parent=2719"}],"wp:term":[{"taxonomy":"category","embeddable":true,"href":"http:\/\/irmasdesaojose.com.br\/portal\/wp-json\/wp\/v2\/categories?post=2719"},{"taxonomy":"post_tag","embeddable":true,"href":"http:\/\/irmasdesaojose.com.br\/portal\/wp-json\/wp\/v2\/tags?post=2719"}],"curies":[{"name":"wp","href":"https:\/\/api.w.org\/{rel}","templated":true}]}}