{"id":340,"date":"2014-01-12T21:01:03","date_gmt":"2014-01-12T21:01:03","guid":{"rendered":"http:\/\/irmasdesaojose.com.br\/portal\/?p=340"},"modified":"2014-07-03T17:57:58","modified_gmt":"2014-07-03T17:57:58","slug":"primeiros-votos-das-irmas-de-sao-jose","status":"publish","type":"post","link":"http:\/\/irmasdesaojose.com.br\/portal\/primeiros-votos-das-irmas-de-sao-jose\/","title":{"rendered":"Primeiros Votos das Irm\u00e3s de S\u00e3o Jos\u00e9"},"content":{"rendered":"<p style=\"text-align: justify;\">\u00a0 \u00a0 \u00a0 \u00a0 \u00a0<span style=\"color: #000000;\"> A\u00a0Delega\u00e7\u00e3o Brasileira da Congrega\u00e7\u00e3o das Irm\u00e3s de S\u00e3o Jos\u00e9 compartilhou a alegria da <strong>Profiss\u00e3o Religiosa dos Primeiros Votos<\/strong> das cinco irm\u00e3s Neoprofessas: <strong>Ir. Cristina, Ir. Vit\u00f3ria, Ir. Paula, Ir. Maria Anita e Ir. Mirian,<\/strong> na Festa do Batismo do Senhor, ou seja, no dia 12 de janeiro de 2014, na igreja paroquial de S\u00e3o Francisco Xavier, <strong>em Mon\u00e7\u00e3o, MA<\/strong>. Foi um not\u00e1vel evento para a par\u00f3quia local, pois as cinco Irm\u00e3s s\u00e3o naturais desta cidade. Esta tamb\u00e9m foi uma das raz\u00f5es para que os primeiros votos ocorressem fora da casa do noviciado da Congrega\u00e7\u00e3o.<\/span><\/p>\n<p style=\"text-align: center;\"><a href=\"https:\/\/i0.wp.com\/irmasdesaojose.com.br\/portal\/wp-content\/uploads\/2014\/07\/2.-Os-primeiros-Votos-Mon\u00e7\u00e3o-5-e1404407352374.jpg\"><img decoding=\"async\" loading=\"lazy\" class=\"alignnone size-medium wp-image-345\" src=\"https:\/\/i0.wp.com\/irmasdesaojose.com.br\/portal\/wp-content\/uploads\/2014\/07\/2.-Os-primeiros-Votos-Mon\u00e7\u00e3o-5.jpg?resize=300%2C225\" alt=\"Primeiros Votos - Mon\u00e7\u00e3o, MA\" width=\"300\" height=\"225\" data-recalc-dims=\"1\" \/><\/a><\/p>\n<p style=\"text-align: justify;\"><!--more--><\/p>\n<p style=\"text-align: justify;\">\u00a0 \u00a0 \u00a0 \u00a0 \u00a0 \u00a0 \u00a0<span style=\"color: #000000;\"> \u00a0A Eucaristia foi presidida pelo <strong>Bispo de Viana, MA, Dom Sebasti\u00e3o Lima Duarte.<\/strong> Os demais Sacerdotes vieram de S\u00e3o Luis, MA, das par\u00f3quias onde as Irm\u00e3s trabalham. Para esta celebra\u00e7\u00e3o vieram tamb\u00e9m as Irm\u00e3s de nossas outras comunidades, completando assim a alegria de acolher as Irm\u00e3s Neoprofessas na Congrega\u00e7\u00e3o das Irm\u00e3s de S\u00e3o Jos\u00e9.<\/span><\/p>\n<p style=\"text-align: center;\"><a href=\"https:\/\/i0.wp.com\/irmasdesaojose.com.br\/portal\/wp-content\/uploads\/2014\/07\/2.-Os-primeiros-Votos-Mon\u00e7\u00e3o-15-e1404408261185.jpg\"><img decoding=\"async\" loading=\"lazy\" class=\"alignnone size-medium wp-image-354\" src=\"https:\/\/i0.wp.com\/irmasdesaojose.com.br\/portal\/wp-content\/uploads\/2014\/07\/2.-Os-primeiros-Votos-Mon\u00e7\u00e3o-15.jpg?resize=225%2C300\" alt=\"2. Os primeiros Votos - Mon\u00e7\u00e3o (15)\" width=\"225\" height=\"300\" data-recalc-dims=\"1\" \/><\/a>\u00a0\u00a0<a href=\"https:\/\/i0.wp.com\/irmasdesaojose.com.br\/portal\/wp-content\/uploads\/2014\/07\/2.-Os-primeiros-Votos-Mon\u00e7\u00e3o-36-e1404407705637.jpg\"><img decoding=\"async\" loading=\"lazy\" class=\"alignnone size-medium wp-image-347\" src=\"https:\/\/i0.wp.com\/irmasdesaojose.com.br\/portal\/wp-content\/uploads\/2014\/07\/2.-Os-primeiros-Votos-Mon\u00e7\u00e3o-36.jpg?resize=300%2C225\" alt=\"2. Os primeiros Votos - Mon\u00e7\u00e3o (36)\" width=\"300\" height=\"225\" data-recalc-dims=\"1\" \/><\/a><\/p>\n<p style=\"text-align: center;\"><a href=\"https:\/\/i0.wp.com\/irmasdesaojose.com.br\/portal\/wp-content\/uploads\/2014\/07\/2.-Os-primeiros-Votos-Mon\u00e7\u00e3o-16-e1404407795116.jpg\"><img decoding=\"async\" loading=\"lazy\" class=\"alignnone size-medium wp-image-348\" src=\"https:\/\/i0.wp.com\/irmasdesaojose.com.br\/portal\/wp-content\/uploads\/2014\/07\/2.-Os-primeiros-Votos-Mon\u00e7\u00e3o-16.jpg?resize=227%2C300\" alt=\"2. Os primeiros Votos - Mon\u00e7\u00e3o (16)\" width=\"227\" height=\"300\" data-recalc-dims=\"1\" \/><\/a>\u00a0<a href=\"https:\/\/i0.wp.com\/irmasdesaojose.com.br\/portal\/wp-content\/uploads\/2014\/07\/2.-Os-primeiros-Votos-Mon\u00e7\u00e3o-20-e1404407964597.jpg\"><img decoding=\"async\" loading=\"lazy\" class=\"alignnone size-medium wp-image-349\" src=\"https:\/\/i0.wp.com\/irmasdesaojose.com.br\/portal\/wp-content\/uploads\/2014\/07\/2.-Os-primeiros-Votos-Mon\u00e7\u00e3o-20.jpg?resize=225%2C300\" alt=\"2. Os primeiros Votos - Mon\u00e7\u00e3o (20)\" width=\"225\" height=\"300\" data-recalc-dims=\"1\" \/><\/a>\u00a0<a href=\"https:\/\/i0.wp.com\/irmasdesaojose.com.br\/portal\/wp-content\/uploads\/2014\/07\/2.-Os-primeiros-Votos-Mon\u00e7\u00e3o-21.jpg\"><img decoding=\"async\" loading=\"lazy\" class=\"alignnone size-medium wp-image-350\" src=\"https:\/\/i0.wp.com\/irmasdesaojose.com.br\/portal\/wp-content\/uploads\/2014\/07\/2.-Os-primeiros-Votos-Mon\u00e7\u00e3o-21.jpg?resize=225%2C300\" alt=\"2. Os primeiros Votos - Mon\u00e7\u00e3o (21)\" width=\"225\" height=\"300\" srcset=\"https:\/\/i0.wp.com\/irmasdesaojose.com.br\/portal\/wp-content\/uploads\/2014\/07\/2.-Os-primeiros-Votos-Mon\u00e7\u00e3o-21.jpg?resize=225%2C300 225w, https:\/\/i0.wp.com\/irmasdesaojose.com.br\/portal\/wp-content\/uploads\/2014\/07\/2.-Os-primeiros-Votos-Mon\u00e7\u00e3o-21.jpg?resize=768%2C1024 768w, https:\/\/i0.wp.com\/irmasdesaojose.com.br\/portal\/wp-content\/uploads\/2014\/07\/2.-Os-primeiros-Votos-Mon\u00e7\u00e3o-21.jpg?w=2000 2000w, https:\/\/i0.wp.com\/irmasdesaojose.com.br\/portal\/wp-content\/uploads\/2014\/07\/2.-Os-primeiros-Votos-Mon\u00e7\u00e3o-21.jpg?w=3000 3000w\" sizes=\"(max-width: 225px) 100vw, 225px\" data-recalc-dims=\"1\" \/><\/a><\/p>\n<p style=\"text-align: center;\"><a href=\"https:\/\/i0.wp.com\/irmasdesaojose.com.br\/portal\/wp-content\/uploads\/2014\/07\/2.-Os-primeiros-Votos-Mon\u00e7\u00e3o-22-e1404408031432.jpg\"><img decoding=\"async\" loading=\"lazy\" class=\"alignnone size-medium wp-image-351\" src=\"https:\/\/i0.wp.com\/irmasdesaojose.com.br\/portal\/wp-content\/uploads\/2014\/07\/2.-Os-primeiros-Votos-Mon\u00e7\u00e3o-22.jpg?resize=225%2C300\" alt=\"2. Os primeiros Votos - Mon\u00e7\u00e3o (22)\" width=\"225\" height=\"300\" data-recalc-dims=\"1\" \/><\/a>\u00a0<a href=\"https:\/\/i0.wp.com\/irmasdesaojose.com.br\/portal\/wp-content\/uploads\/2014\/07\/2.-Os-primeiros-Votos-Mon\u00e7\u00e3o-24-e1404408052634.jpg\"><img decoding=\"async\" loading=\"lazy\" class=\"alignnone size-medium wp-image-352\" src=\"https:\/\/i0.wp.com\/irmasdesaojose.com.br\/portal\/wp-content\/uploads\/2014\/07\/2.-Os-primeiros-Votos-Mon\u00e7\u00e3o-24.jpg?resize=237%2C300\" alt=\"2. Os primeiros Votos - Mon\u00e7\u00e3o (24)\" width=\"237\" height=\"300\" data-recalc-dims=\"1\" \/><\/a><\/p>\n<p style=\"text-align: justify;\">\u00a0 \u00a0 \u00a0 \u00a0 \u00a0 \u00a0 \u00a0<span style=\"color: #000000;\"> Confiamos cada uma das nossas Irm\u00e3s Neoprofessas ao amor de Deus para que cumpram fielmente a Sua vontade no servi\u00e7o do Reino e na miss\u00e3o para a qual ser\u00e3o enviadas. Em primeiro lugar, pedimos a elas a santidade da vida religiosa e as recomendamos \u00e0 intercess\u00e3o dos nossos Santos Padroeiros especialmente, o nosso <strong>Pai Fundador &#8211; S\u00e3o Sigismundo Gorazdowski<\/strong>.<\/span><\/p>\n<p style=\"text-align: center;\"><a href=\"https:\/\/i0.wp.com\/irmasdesaojose.com.br\/portal\/wp-content\/uploads\/2014\/07\/2.-Os-primeiros-Votos-Mon\u00e7\u00e3o-8-e1404407617105.jpg\"><img decoding=\"async\" loading=\"lazy\" class=\"alignnone size-medium wp-image-346\" src=\"https:\/\/i0.wp.com\/irmasdesaojose.com.br\/portal\/wp-content\/uploads\/2014\/07\/2.-Os-primeiros-Votos-Mon\u00e7\u00e3o-8.jpg?resize=300%2C225\" alt=\"2. Os primeiros Votos - Mon\u00e7\u00e3o (8)\" width=\"300\" height=\"225\" data-recalc-dims=\"1\" \/><\/a>\u00a0<a href=\"https:\/\/i0.wp.com\/irmasdesaojose.com.br\/portal\/wp-content\/uploads\/2014\/07\/2.-Os-primeiros-Votos-Mon\u00e7\u00e3o-2-e1404408492958.jpg\"><img decoding=\"async\" loading=\"lazy\" class=\"alignnone size-medium wp-image-355\" src=\"https:\/\/i0.wp.com\/irmasdesaojose.com.br\/portal\/wp-content\/uploads\/2014\/07\/2.-Os-primeiros-Votos-Mon\u00e7\u00e3o-2.jpg?resize=300%2C225\" alt=\"2. Os primeiros Votos - Mon\u00e7\u00e3o (2)\" width=\"300\" height=\"225\" data-recalc-dims=\"1\" \/><\/a><\/p>\n<p style=\"text-align: justify;\">\u00a0 \u00a0 \u00a0 \u00a0 \u00a0 A cerim\u00f4nia dos votos foi precedida pela <strong>&#8220;Semana Vocacional&#8221;<\/strong>, organizada pelas Irm\u00e3s da Par\u00f3quia de S\u00e3o Francisco Xavier. Outras Irm\u00e3s, seminaristas da diocese e de v\u00e1rios grupos pastorais leigos, foram convidados a cooperar nesta semana. Cada equipe fez visitas \u00e0s fam\u00edlias e organizou encontros para falar um pouco mais sobre as voca\u00e7\u00f5es. Ao t\u00e9rmino dos encontros havia a Eucaristia, ou a celebra\u00e7\u00e3o da Palavra, na inten\u00e7\u00e3o das voca\u00e7\u00f5es. Assim, os encontros ocorreram em 10 povoados e em todos os bairros da cidade Mon\u00e7\u00e3o.<\/p>\n<p style=\"text-align: center;\"><a href=\"https:\/\/i0.wp.com\/irmasdesaojose.com.br\/portal\/wp-content\/uploads\/2014\/07\/2.-Os-primeiros-Votos-Mon\u00e7\u00e3o-53-e1404408525252.jpg\"><img decoding=\"async\" loading=\"lazy\" class=\"alignnone size-medium wp-image-356\" src=\"https:\/\/i0.wp.com\/irmasdesaojose.com.br\/portal\/wp-content\/uploads\/2014\/07\/2.-Os-primeiros-Votos-Mon\u00e7\u00e3o-53.jpg?resize=300%2C225\" alt=\"2. Os primeiros Votos - Mon\u00e7\u00e3o (53)\" width=\"300\" height=\"225\" data-recalc-dims=\"1\" \/><\/a>\u00a0<a href=\"https:\/\/i0.wp.com\/irmasdesaojose.com.br\/portal\/wp-content\/uploads\/2014\/07\/2.-Os-primeiros-Votos-Mon\u00e7\u00e3o-54-e1404408559906.jpg\"><img decoding=\"async\" loading=\"lazy\" class=\"alignnone size-medium wp-image-357\" src=\"https:\/\/i0.wp.com\/irmasdesaojose.com.br\/portal\/wp-content\/uploads\/2014\/07\/2.-Os-primeiros-Votos-Mon\u00e7\u00e3o-54.jpg?resize=300%2C225\" alt=\"2. Os primeiros Votos - Mon\u00e7\u00e3o (54)\" width=\"300\" height=\"225\" data-recalc-dims=\"1\" \/><\/a>\u00a0<a href=\"https:\/\/i0.wp.com\/irmasdesaojose.com.br\/portal\/wp-content\/uploads\/2014\/07\/2.-Os-primeiros-Votos-Mon\u00e7\u00e3o-72-e1404408641305.jpg\"><img decoding=\"async\" loading=\"lazy\" class=\"alignnone size-medium wp-image-359\" src=\"https:\/\/i0.wp.com\/irmasdesaojose.com.br\/portal\/wp-content\/uploads\/2014\/07\/2.-Os-primeiros-Votos-Mon\u00e7\u00e3o-72.jpg?resize=300%2C225\" alt=\"2. Os primeiros Votos - Mon\u00e7\u00e3o (72)\" width=\"300\" height=\"225\" data-recalc-dims=\"1\" \/><\/a><\/p>\n","protected":false},"excerpt":{"rendered":"<p>\u00a0 \u00a0 \u00a0 \u00a0 \u00a0 A\u00a0Delega\u00e7\u00e3o Brasileira da Congrega\u00e7\u00e3o das Irm\u00e3s de S\u00e3o Jos\u00e9 compartilhou a alegria da Profiss\u00e3o Religiosa dos Primeiros Votos das cinco irm\u00e3s Neoprofessas: Ir. Cristina, Ir. Vit\u00f3ria, Ir. Paula, Ir. Maria Anita e Ir. Mirian, na Festa do Batismo do Senhor, ou seja, no dia 12 de janeiro de 2014, na [&hellip;]<\/p>\n","protected":false},"author":1,"featured_media":0,"comment_status":"open","ping_status":"open","sticky":false,"template":"","format":"standard","meta":{"_monsterinsights_skip_tracking":false,"_monsterinsights_sitenote_active":false,"_monsterinsights_sitenote_note":"","_monsterinsights_sitenote_category":0,"jetpack_post_was_ever_published":false,"_jetpack_newsletter_access":"","_jetpack_dont_email_post_to_subs":false,"_jetpack_newsletter_tier_id":0,"_jetpack_memberships_contains_paywalled_content":false,"footnotes":"","_jetpack_memberships_contains_paid_content":false,"jetpack_publicize_message":"","jetpack_publicize_feature_enabled":true,"jetpack_social_post_already_shared":true,"jetpack_social_options":{"image_generator_settings":{"template":"highway","enabled":false}}},"categories":[1],"tags":[12,13,14,11],"jetpack_publicize_connections":[],"jetpack_featured_media_url":"","jetpack_shortlink":"https:\/\/wp.me\/p4Ftkv-5u","jetpack_sharing_enabled":true,"_links":{"self":[{"href":"http:\/\/irmasdesaojose.com.br\/portal\/wp-json\/wp\/v2\/posts\/340"}],"collection":[{"href":"http:\/\/irmasdesaojose.com.br\/portal\/wp-json\/wp\/v2\/posts"}],"about":[{"href":"http:\/\/irmasdesaojose.com.br\/portal\/wp-json\/wp\/v2\/types\/post"}],"author":[{"embeddable":true,"href":"http:\/\/irmasdesaojose.com.br\/portal\/wp-json\/wp\/v2\/users\/1"}],"replies":[{"embeddable":true,"href":"http:\/\/irmasdesaojose.com.br\/portal\/wp-json\/wp\/v2\/comments?post=340"}],"version-history":[{"count":7,"href":"http:\/\/irmasdesaojose.com.br\/portal\/wp-json\/wp\/v2\/posts\/340\/revisions"}],"predecessor-version":[{"id":371,"href":"http:\/\/irmasdesaojose.com.br\/portal\/wp-json\/wp\/v2\/posts\/340\/revisions\/371"}],"wp:attachment":[{"href":"http:\/\/irmasdesaojose.com.br\/portal\/wp-json\/wp\/v2\/media?parent=340"}],"wp:term":[{"taxonomy":"category","embeddable":true,"href":"http:\/\/irmasdesaojose.com.br\/portal\/wp-json\/wp\/v2\/categories?post=340"},{"taxonomy":"post_tag","embeddable":true,"href":"http:\/\/irmasdesaojose.com.br\/portal\/wp-json\/wp\/v2\/tags?post=340"}],"curies":[{"name":"wp","href":"https:\/\/api.w.org\/{rel}","templated":true}]}}