{"id":3479,"date":"2016-02-17T09:06:43","date_gmt":"2016-02-17T11:06:43","guid":{"rendered":"http:\/\/irmasdesaojose.com.br\/portal\/?p=3479"},"modified":"2016-02-24T10:44:54","modified_gmt":"2016-02-24T13:44:54","slug":"132-anos-das-irmas-de-sao-jose","status":"publish","type":"post","link":"http:\/\/irmasdesaojose.com.br\/portal\/132-anos-das-irmas-de-sao-jose\/","title":{"rendered":"132 anos das Irm\u00e3s de S\u00e3o Jos\u00e9!"},"content":{"rendered":"<p><img decoding=\"async\" loading=\"lazy\" class=\"size-full wp-image-3480 aligncenter\" src=\"https:\/\/i0.wp.com\/irmasdesaojose.com.br\/portal\/wp-content\/uploads\/2016\/02\/132.jpg?resize=682%2C491\" alt=\"132\" width=\"682\" height=\"491\" srcset=\"https:\/\/i0.wp.com\/irmasdesaojose.com.br\/portal\/wp-content\/uploads\/2016\/02\/132.jpg?w=682 682w, https:\/\/i0.wp.com\/irmasdesaojose.com.br\/portal\/wp-content\/uploads\/2016\/02\/132.jpg?resize=300%2C216 300w\" sizes=\"(max-width: 682px) 100vw, 682px\" data-recalc-dims=\"1\" \/><\/p>\n<p>&nbsp;<\/p>\n<p style=\"text-align: justify;\"><span style=\"color: #000000;\"><strong>Dia 17 de fevereiro 1884<\/strong> as primeiras\u00a04 Josefitas entram para o Noviciado e assim come\u00e7a a hist\u00f3ria da <strong>Congrega\u00e7\u00e3o das Irm\u00e3s de S\u00e3o Jos\u00e9<\/strong>, que continua sem cessar! Esta Fam\u00edlia Religiosa nasceu do amor ardente do seu Fundador &#8211; <strong>Padre S\u00e3o Sigismundo Gorazdowski. <\/strong>Certo dia ele nos escreveu:\u00a0<\/span><\/p>\n<p style=\"text-align: center;\"><em><strong>&#8220;Minhas amadas filhas&#8230; <\/strong><\/em><\/p>\n<p style=\"text-align: center;\"><em><strong>vale a pena trabalhar por Voc\u00eas n\u00e3o apenas por algum tempo,<\/strong><\/em><\/p>\n<p style=\"text-align: center;\"><em><strong> mas at\u00e9\u00a0sacrificar\u00a0por Voc\u00eas toda a vida&#8230;&#8221;<\/strong><\/em><\/p>\n<h4 style=\"text-align: justify;\"><strong><span style=\"color: #008000;\">Hoje, depois de 132 anos, Louvamos a Deus pelo nosso Pai Fundador e pelos cora\u00e7\u00f5es Josefitas que est\u00e3o em Deus e as m\u00e3os que servem a todos os IRM\u00c3OS necessitados! Que S\u00e3o Jos\u00e9 nos proteja de todos os males e nos\u00a0ensine a viver, rezar e trabalhar com Cristo! \u00a0<\/span><\/strong><\/h4>\n<p><img decoding=\"async\" loading=\"lazy\" class=\"size-full wp-image-3483 aligncenter\" src=\"https:\/\/i0.wp.com\/irmasdesaojose.com.br\/portal\/wp-content\/uploads\/2016\/02\/132-b.jpg?resize=682%2C491\" alt=\"132 b\" width=\"682\" height=\"491\" srcset=\"https:\/\/i0.wp.com\/irmasdesaojose.com.br\/portal\/wp-content\/uploads\/2016\/02\/132-b.jpg?w=682 682w, https:\/\/i0.wp.com\/irmasdesaojose.com.br\/portal\/wp-content\/uploads\/2016\/02\/132-b.jpg?resize=300%2C216 300w\" sizes=\"(max-width: 682px) 100vw, 682px\" data-recalc-dims=\"1\" \/><\/p>\n<hr \/>\n<p><img decoding=\"async\" loading=\"lazy\" class=\"size-thumbnail wp-image-3503 alignleft\" src=\"https:\/\/i0.wp.com\/irmasdesaojose.com.br\/portal\/wp-content\/uploads\/2016\/02\/Hino.png?resize=150%2C150\" alt=\"Hino\" width=\"150\" height=\"150\" srcset=\"https:\/\/i0.wp.com\/irmasdesaojose.com.br\/portal\/wp-content\/uploads\/2016\/02\/Hino.png?resize=150%2C150 150w, https:\/\/i0.wp.com\/irmasdesaojose.com.br\/portal\/wp-content\/uploads\/2016\/02\/Hino.png?zoom=2&amp;resize=150%2C150 300w, https:\/\/i0.wp.com\/irmasdesaojose.com.br\/portal\/wp-content\/uploads\/2016\/02\/Hino.png?zoom=3&amp;resize=150%2C150 450w\" sizes=\"(max-width: 150px) 100vw, 150px\" data-recalc-dims=\"1\" \/><\/p>\n<p><span style=\"color: #000000;\">Veja o v\u00eddeo:\u00a0<\/span><\/p>\n<p><span style=\"color: #0000ff;\"><a style=\"color: #0000ff;\" href=\"https:\/\/www.youtube.com\/watch?v=G6K1X49lQT8\">https:\/\/www.youtube.com\/watch?v=G6K1X49lQT8<\/a><\/span><\/p>\n","protected":false},"excerpt":{"rendered":"<p>&nbsp; Dia 17 de fevereiro 1884 as primeiras\u00a04 Josefitas entram para o Noviciado e assim come\u00e7a a hist\u00f3ria da Congrega\u00e7\u00e3o das Irm\u00e3s de S\u00e3o Jos\u00e9, que continua sem cessar! Esta Fam\u00edlia Religiosa nasceu do amor ardente do seu Fundador &#8211; Padre S\u00e3o Sigismundo Gorazdowski. Certo dia ele nos escreveu:\u00a0 &#8220;Minhas amadas filhas&#8230; vale a pena [&hellip;]<\/p>\n","protected":false},"author":1,"featured_media":0,"comment_status":"open","ping_status":"open","sticky":false,"template":"","format":"standard","meta":{"_monsterinsights_skip_tracking":false,"_monsterinsights_sitenote_active":false,"_monsterinsights_sitenote_note":"","_monsterinsights_sitenote_category":0,"jetpack_post_was_ever_published":false,"_jetpack_newsletter_access":"","_jetpack_dont_email_post_to_subs":false,"_jetpack_newsletter_tier_id":0,"_jetpack_memberships_contains_paywalled_content":false,"footnotes":"","_jetpack_memberships_contains_paid_content":false,"jetpack_publicize_message":"","jetpack_publicize_feature_enabled":true,"jetpack_social_post_already_shared":true,"jetpack_social_options":{"image_generator_settings":{"template":"highway","enabled":false}}},"categories":[1],"tags":[104,57,103,49],"jetpack_publicize_connections":[],"jetpack_featured_media_url":"","jetpack_shortlink":"https:\/\/wp.me\/p4Ftkv-U7","jetpack_sharing_enabled":true,"_links":{"self":[{"href":"http:\/\/irmasdesaojose.com.br\/portal\/wp-json\/wp\/v2\/posts\/3479"}],"collection":[{"href":"http:\/\/irmasdesaojose.com.br\/portal\/wp-json\/wp\/v2\/posts"}],"about":[{"href":"http:\/\/irmasdesaojose.com.br\/portal\/wp-json\/wp\/v2\/types\/post"}],"author":[{"embeddable":true,"href":"http:\/\/irmasdesaojose.com.br\/portal\/wp-json\/wp\/v2\/users\/1"}],"replies":[{"embeddable":true,"href":"http:\/\/irmasdesaojose.com.br\/portal\/wp-json\/wp\/v2\/comments?post=3479"}],"version-history":[{"count":8,"href":"http:\/\/irmasdesaojose.com.br\/portal\/wp-json\/wp\/v2\/posts\/3479\/revisions"}],"predecessor-version":[{"id":3664,"href":"http:\/\/irmasdesaojose.com.br\/portal\/wp-json\/wp\/v2\/posts\/3479\/revisions\/3664"}],"wp:attachment":[{"href":"http:\/\/irmasdesaojose.com.br\/portal\/wp-json\/wp\/v2\/media?parent=3479"}],"wp:term":[{"taxonomy":"category","embeddable":true,"href":"http:\/\/irmasdesaojose.com.br\/portal\/wp-json\/wp\/v2\/categories?post=3479"},{"taxonomy":"post_tag","embeddable":true,"href":"http:\/\/irmasdesaojose.com.br\/portal\/wp-json\/wp\/v2\/tags?post=3479"}],"curies":[{"name":"wp","href":"https:\/\/api.w.org\/{rel}","templated":true}]}}