{"id":375,"date":"2014-05-02T18:07:52","date_gmt":"2014-05-02T18:07:52","guid":{"rendered":"http:\/\/irmasdesaojose.com.br\/portal\/?p=375"},"modified":"2014-07-04T17:39:58","modified_gmt":"2014-07-04T17:39:58","slug":"encontro-do-juniorado","status":"publish","type":"post","link":"http:\/\/irmasdesaojose.com.br\/portal\/encontro-do-juniorado\/","title":{"rendered":"Encontro do juniorado"},"content":{"rendered":"<p style=\"text-align: justify;\"><span style=\"color: #000000;\">\u00a0 \u00a0 \u00a0 \u00a0 \u00a0 \u00a0 <\/span>\u00a0<span style=\"color: #000000;\"> Aconteceu o <strong>encontro de forma\u00e7\u00e3o da etapa do juniorado<\/strong>,\u00a0com todas as junioristas da Delega\u00e7\u00e3o Brasileira,\u00a0\u00a0nos dias 01 a 04 de maio na cidade de Curitiba, PR.<\/span><\/p>\n<p><a href=\"https:\/\/i0.wp.com\/irmasdesaojose.com.br\/portal\/wp-content\/uploads\/2014\/07\/IMG_1678-e1404411072966.jpg\"><img decoding=\"async\" loading=\"lazy\" class=\"aligncenter wp-image-376 size-full\" src=\"https:\/\/i0.wp.com\/irmasdesaojose.com.br\/portal\/wp-content\/uploads\/2014\/07\/IMG_1678-e1404411072966.jpg?resize=700%2C525\" alt=\"IMG_1678\" width=\"700\" height=\"525\" data-recalc-dims=\"1\" \/><\/a><\/p>\n<p><a href=\"https:\/\/i0.wp.com\/irmasdesaojose.com.br\/portal\/wp-content\/uploads\/2014\/07\/spotkanie-junioratu-01-03.05-3-e1404411152865.jpg\"><img decoding=\"async\" loading=\"lazy\" class=\"aligncenter wp-image-379 size-full\" src=\"https:\/\/i0.wp.com\/irmasdesaojose.com.br\/portal\/wp-content\/uploads\/2014\/07\/spotkanie-junioratu-01-03.05-3-e1404411152865.jpg?resize=700%2C525\" alt=\"spotkanie junioratu 01-03.05 (3)\" width=\"700\" height=\"525\" data-recalc-dims=\"1\" \/><\/a><\/p>\n<p style=\"text-align: justify;\"><span style=\"color: #000000;\">\u00a0\u00a0\u00a0\u00a0\u00a0\u00a0\u00a0\u00a0\u00a0\u00a0\u00a0 <\/span><!--more--><\/p>\n<p style=\"text-align: justify;\"><span style=\"color: #000000;\">\u00a0 \u00a0 \u00a0 \u00a0 \u00a0 \u00a0 \u00a0 \u00a0 \u00a0Ir. Doris, que \u00e9 a mestra do juniorado, come\u00e7ou o encontro fazendo uma introdu\u00e7\u00e3o para a Lectio Divina. Houve tamb\u00e9m um dia de forma\u00e7\u00e3o com o Padre Raimundo Ferreira Alves, da Congrega\u00e7\u00e3o da Sagrada Fam\u00edlia de Nazar\u00e9, que as aproximou da <strong>Exorta\u00e7\u00e3o Apost\u00f3lica Evangelii Gaudium (A alegria do Evangelho)<\/strong>. Durante o encontro tiveram momentos de Adora\u00e7\u00e3o ao Sant\u00edssimo Sacramento, ora\u00e7\u00f5es em comum, partilhas e recrea\u00e7\u00f5es.<\/span><\/p>\n<p style=\"text-align: center;\"><a href=\"https:\/\/i0.wp.com\/irmasdesaojose.com.br\/portal\/wp-content\/uploads\/2014\/07\/spotkanie-junioratu-01-03.05-2-e1404411120428.jpg\"><img decoding=\"async\" loading=\"lazy\" class=\"alignnone size-full wp-image-378\" src=\"https:\/\/i0.wp.com\/irmasdesaojose.com.br\/portal\/wp-content\/uploads\/2014\/07\/spotkanie-junioratu-01-03.05-2-e1404411120428.jpg?resize=700%2C525\" alt=\"spotkanie junioratu 01-03.05 (2)\" width=\"700\" height=\"525\" data-recalc-dims=\"1\" \/><\/a><\/p>\n<p style=\"text-align: center;\"><a href=\"https:\/\/i0.wp.com\/irmasdesaojose.com.br\/portal\/wp-content\/uploads\/2014\/07\/spotkanie-junioratu-01-03.05-1-e1404411262875.jpg\"><img decoding=\"async\" loading=\"lazy\" class=\"alignnone size-full wp-image-377\" src=\"https:\/\/i0.wp.com\/irmasdesaojose.com.br\/portal\/wp-content\/uploads\/2014\/07\/spotkanie-junioratu-01-03.05-1-e1404411262875.jpg?resize=700%2C525\" alt=\"spotkanie junioratu 01-03.05 (1)\" width=\"700\" height=\"525\" srcset=\"https:\/\/i0.wp.com\/irmasdesaojose.com.br\/portal\/wp-content\/uploads\/2014\/07\/spotkanie-junioratu-01-03.05-1-e1404411262875.jpg?w=700 700w, https:\/\/i0.wp.com\/irmasdesaojose.com.br\/portal\/wp-content\/uploads\/2014\/07\/spotkanie-junioratu-01-03.05-1-e1404411262875.jpg?resize=300%2C225 300w\" sizes=\"(max-width: 700px) 100vw, 700px\" data-recalc-dims=\"1\" \/><\/a><\/p>\n<p style=\"text-align: justify;\"><span style=\"color: #000000;\">\u00a0\u00a0\u00a0\u00a0\u00a0\u00a0\u00a0\u00a0\u00a0\u00a0\u00a0 O encontro propiciou \u00e0s junioristas a aprofundarem-se mais na F\u00e9, atrav\u00e9s das forma\u00e7\u00f5es e refletirem sobre sua vida religiosa.<\/span><\/p>\n<p style=\"text-align: center;\"><a href=\"https:\/\/i0.wp.com\/irmasdesaojose.com.br\/portal\/wp-content\/uploads\/2014\/07\/IMG_1658-e1404495515171.jpg\"><img decoding=\"async\" loading=\"lazy\" class=\"alignnone size-full wp-image-408\" src=\"https:\/\/i0.wp.com\/irmasdesaojose.com.br\/portal\/wp-content\/uploads\/2014\/07\/IMG_1658-e1404495515171.jpg?resize=700%2C933\" alt=\"IMG_1658\" width=\"700\" height=\"933\" data-recalc-dims=\"1\" \/><\/a><\/p>\n<p><a href=\"https:\/\/i0.wp.com\/irmasdesaojose.com.br\/portal\/wp-content\/uploads\/2014\/07\/spotkanie-junioratu-01-03.05-4-e1404411187870.jpg\"><img decoding=\"async\" loading=\"lazy\" class=\"size-full wp-image-380 aligncenter\" src=\"https:\/\/i0.wp.com\/irmasdesaojose.com.br\/portal\/wp-content\/uploads\/2014\/07\/spotkanie-junioratu-01-03.05-4-e1404411187870.jpg?resize=700%2C525\" alt=\"spotkanie junioratu 01-03.05 (4)\" width=\"700\" height=\"525\" data-recalc-dims=\"1\" \/><\/a><\/p>\n","protected":false},"excerpt":{"rendered":"<p>\u00a0 \u00a0 \u00a0 \u00a0 \u00a0 \u00a0 \u00a0 Aconteceu o encontro de forma\u00e7\u00e3o da etapa do juniorado,\u00a0com todas as junioristas da Delega\u00e7\u00e3o Brasileira,\u00a0\u00a0nos dias 01 a 04 de maio na cidade de Curitiba, PR. \u00a0\u00a0\u00a0\u00a0\u00a0\u00a0\u00a0\u00a0\u00a0\u00a0\u00a0<\/p>\n","protected":false},"author":1,"featured_media":0,"comment_status":"open","ping_status":"open","sticky":false,"template":"","format":"standard","meta":{"_monsterinsights_skip_tracking":false,"_monsterinsights_sitenote_active":false,"_monsterinsights_sitenote_note":"","_monsterinsights_sitenote_category":0,"jetpack_post_was_ever_published":false,"_jetpack_newsletter_access":"","_jetpack_dont_email_post_to_subs":false,"_jetpack_newsletter_tier_id":0,"_jetpack_memberships_contains_paywalled_content":false,"footnotes":"","_jetpack_memberships_contains_paid_content":false,"jetpack_publicize_message":"","jetpack_publicize_feature_enabled":true,"jetpack_social_post_already_shared":true,"jetpack_social_options":{"image_generator_settings":{"template":"highway","enabled":false}}},"categories":[1],"tags":[17,16,13,19,18],"jetpack_publicize_connections":[],"jetpack_featured_media_url":"","jetpack_shortlink":"https:\/\/wp.me\/p4Ftkv-63","jetpack_sharing_enabled":true,"_links":{"self":[{"href":"http:\/\/irmasdesaojose.com.br\/portal\/wp-json\/wp\/v2\/posts\/375"}],"collection":[{"href":"http:\/\/irmasdesaojose.com.br\/portal\/wp-json\/wp\/v2\/posts"}],"about":[{"href":"http:\/\/irmasdesaojose.com.br\/portal\/wp-json\/wp\/v2\/types\/post"}],"author":[{"embeddable":true,"href":"http:\/\/irmasdesaojose.com.br\/portal\/wp-json\/wp\/v2\/users\/1"}],"replies":[{"embeddable":true,"href":"http:\/\/irmasdesaojose.com.br\/portal\/wp-json\/wp\/v2\/comments?post=375"}],"version-history":[{"count":9,"href":"http:\/\/irmasdesaojose.com.br\/portal\/wp-json\/wp\/v2\/posts\/375\/revisions"}],"predecessor-version":[{"id":449,"href":"http:\/\/irmasdesaojose.com.br\/portal\/wp-json\/wp\/v2\/posts\/375\/revisions\/449"}],"wp:attachment":[{"href":"http:\/\/irmasdesaojose.com.br\/portal\/wp-json\/wp\/v2\/media?parent=375"}],"wp:term":[{"taxonomy":"category","embeddable":true,"href":"http:\/\/irmasdesaojose.com.br\/portal\/wp-json\/wp\/v2\/categories?post=375"},{"taxonomy":"post_tag","embeddable":true,"href":"http:\/\/irmasdesaojose.com.br\/portal\/wp-json\/wp\/v2\/tags?post=375"}],"curies":[{"name":"wp","href":"https:\/\/api.w.org\/{rel}","templated":true}]}}