{"id":386,"date":"2014-05-05T18:26:49","date_gmt":"2014-05-05T18:26:49","guid":{"rendered":"http:\/\/irmasdesaojose.com.br\/portal\/?p=386"},"modified":"2014-07-03T20:00:26","modified_gmt":"2014-07-03T20:00:26","slug":"vigilia-vocacional","status":"publish","type":"post","link":"http:\/\/irmasdesaojose.com.br\/portal\/vigilia-vocacional\/","title":{"rendered":"Vig\u00edlia Vocacional"},"content":{"rendered":"<p style=\"text-align: justify;\"><span style=\"color: #000000;\">\u00a0 \u00a0 \u00a0 \u00a0 \u00a0 As Irm\u00e3s de S\u00e3o Jos\u00e9 juntamente com\u00a0os seminaristas dos Padres Marianos organizaram uma\u00a0<strong>Vig\u00edlia de ora\u00e7\u00e3o pelas voca\u00e7\u00f5es<\/strong> sacerdotais e religiosas, no dia 04 de maio de 2014,\u00a0no Santu\u00e1rio da Divina Miseric\u00f3rdia em Curitiba, PR.<\/span><\/p>\n<p style=\"text-align: center;\"><a href=\"https:\/\/i0.wp.com\/irmasdesaojose.com.br\/portal\/wp-content\/uploads\/2014\/07\/IMG_1679-e1404417543794.jpg\"><img decoding=\"async\" loading=\"lazy\" class=\"alignnone size-full wp-image-409\" src=\"https:\/\/i0.wp.com\/irmasdesaojose.com.br\/portal\/wp-content\/uploads\/2014\/07\/IMG_1679-e1404417543794.jpg?resize=700%2C525\" alt=\"IMG_1679\" width=\"700\" height=\"525\" data-recalc-dims=\"1\" \/><\/a><\/p>\n<p style=\"text-align: center;\"><a href=\"https:\/\/i0.wp.com\/irmasdesaojose.com.br\/portal\/wp-content\/uploads\/2014\/07\/czuwanie-w-intenmcji-powolan-3-4.05-1-e1404413471736.jpg\"><img decoding=\"async\" loading=\"lazy\" class=\"alignnone size-full wp-image-387\" src=\"https:\/\/i0.wp.com\/irmasdesaojose.com.br\/portal\/wp-content\/uploads\/2014\/07\/czuwanie-w-intenmcji-powolan-3-4.05-1-e1404413471736.jpg?resize=700%2C525\" alt=\"czuwanie w intenmcji powolan 3-4.05 (1)\" width=\"700\" height=\"525\" data-recalc-dims=\"1\" \/><\/a><\/p>\n<p style=\"text-align: justify;\"><!--more--><\/p>\n<p><span style=\"color: #000000;\">\u00a0 \u00a0 \u00a0 \u00a0 \u00a0<\/span><\/p>\n<p><span style=\"color: #000000;\"><a href=\"https:\/\/i0.wp.com\/irmasdesaojose.com.br\/portal\/wp-content\/uploads\/2014\/07\/czuwanie-w-intenmcji-powolan-3-4.05-4-e1404413432658.jpg\"><img decoding=\"async\" loading=\"lazy\" class=\"size-full wp-image-390 aligncenter\" src=\"https:\/\/i0.wp.com\/irmasdesaojose.com.br\/portal\/wp-content\/uploads\/2014\/07\/czuwanie-w-intenmcji-powolan-3-4.05-4-e1404413432658.jpg?resize=700%2C525\" alt=\"czuwanie w intenmcji powolan 3-4.05 (4)\" width=\"700\" height=\"525\" data-recalc-dims=\"1\" \/><\/a><\/span><\/p>\n<p>&nbsp;<\/p>\n<p><a href=\"https:\/\/i0.wp.com\/irmasdesaojose.com.br\/portal\/wp-content\/uploads\/2014\/07\/IMG_1681-e1404417603442.jpg\"><img decoding=\"async\" loading=\"lazy\" class=\"size-full wp-image-410 aligncenter\" src=\"https:\/\/i0.wp.com\/irmasdesaojose.com.br\/portal\/wp-content\/uploads\/2014\/07\/IMG_1681-e1404417603442.jpg?resize=700%2C525\" alt=\"IMG_1681\" width=\"700\" height=\"525\" data-recalc-dims=\"1\" \/><\/a><\/p>\n<p style=\"text-align: center;\"><a href=\"https:\/\/i0.wp.com\/irmasdesaojose.com.br\/portal\/wp-content\/uploads\/2014\/07\/czuwanie-w-intenmcji-powolan-3-4.05-3-e1404413497901.jpg\"><img decoding=\"async\" loading=\"lazy\" class=\"alignnone size-full wp-image-389\" src=\"https:\/\/i0.wp.com\/irmasdesaojose.com.br\/portal\/wp-content\/uploads\/2014\/07\/czuwanie-w-intenmcji-powolan-3-4.05-3-e1404413497901.jpg?resize=700%2C525\" alt=\"czuwanie w intenmcji powolan 3-4.05 (3)\" width=\"700\" height=\"525\" data-recalc-dims=\"1\" \/><\/a><\/p>\n<p style=\"text-align: justify;\"><span style=\"color: #000000;\">\u00a0 \u00a0\u00a0<span style=\"color: #000000;\">A vig\u00edlia i<\/span>niciou com a <strong>Santa Missa<\/strong> celebrada pelo Padre Rog\u00e9rio Tanan Diniz, MIC. Ap\u00f3s, houve o testemunho vocacional do Ir. Marcelo, MIC, seguido de um teatro preparado pelas junioristas Josefitas, sobre o Senhor da Messe. Durante a madrugada, diante de Jesus no Sant\u00edssimo Sacramento, rezamos o Ros\u00e1rio, a Via-Sacra, cantamos o of\u00edcio da Imaculada Concei\u00e7\u00e3o, celebramos a ora\u00e7\u00e3o Lit\u00fargica das Laudes encerrando a vig\u00edlia com a Santa Missa celebrada pelo Padre Anchieta Francisco Cardoso Muniz, MIC, p\u00e1roco do Santu\u00e1rio.\u00a0<\/span><\/p>\n<p style=\"text-align: center;\"><a href=\"https:\/\/i0.wp.com\/irmasdesaojose.com.br\/portal\/wp-content\/uploads\/2014\/07\/czuwanie-w-intenmcji-powolan-3-4.05-6-e1404413413378.jpg\"><img decoding=\"async\" loading=\"lazy\" class=\"alignnone size-full wp-image-391\" src=\"https:\/\/i0.wp.com\/irmasdesaojose.com.br\/portal\/wp-content\/uploads\/2014\/07\/czuwanie-w-intenmcji-powolan-3-4.05-6-e1404413413378.jpg?resize=700%2C525\" alt=\"czuwanie w intenmcji powolan 3-4.05 (6)\" width=\"700\" height=\"525\" data-recalc-dims=\"1\" \/><\/a><\/p>\n","protected":false},"excerpt":{"rendered":"<p>\u00a0 \u00a0 \u00a0 \u00a0 \u00a0 As Irm\u00e3s de S\u00e3o Jos\u00e9 juntamente com\u00a0os seminaristas dos Padres Marianos organizaram uma\u00a0Vig\u00edlia de ora\u00e7\u00e3o pelas voca\u00e7\u00f5es sacerdotais e religiosas, no dia 04 de maio de 2014,\u00a0no Santu\u00e1rio da Divina Miseric\u00f3rdia em Curitiba, PR.<\/p>\n","protected":false},"author":1,"featured_media":0,"comment_status":"open","ping_status":"open","sticky":false,"template":"","format":"standard","meta":{"_monsterinsights_skip_tracking":false,"_monsterinsights_sitenote_active":false,"_monsterinsights_sitenote_note":"","_monsterinsights_sitenote_category":0,"jetpack_post_was_ever_published":false,"_jetpack_newsletter_access":"","_jetpack_dont_email_post_to_subs":false,"_jetpack_newsletter_tier_id":0,"_jetpack_memberships_contains_paywalled_content":false,"footnotes":"","_jetpack_memberships_contains_paid_content":false,"jetpack_publicize_message":"","jetpack_publicize_feature_enabled":true,"jetpack_social_post_already_shared":true,"jetpack_social_options":{"image_generator_settings":{"template":"highway","enabled":false}}},"categories":[1],"tags":[17,13,21,23,24,20,22],"jetpack_publicize_connections":[],"jetpack_featured_media_url":"","jetpack_shortlink":"https:\/\/wp.me\/p4Ftkv-6e","jetpack_sharing_enabled":true,"_links":{"self":[{"href":"http:\/\/irmasdesaojose.com.br\/portal\/wp-json\/wp\/v2\/posts\/386"}],"collection":[{"href":"http:\/\/irmasdesaojose.com.br\/portal\/wp-json\/wp\/v2\/posts"}],"about":[{"href":"http:\/\/irmasdesaojose.com.br\/portal\/wp-json\/wp\/v2\/types\/post"}],"author":[{"embeddable":true,"href":"http:\/\/irmasdesaojose.com.br\/portal\/wp-json\/wp\/v2\/users\/1"}],"replies":[{"embeddable":true,"href":"http:\/\/irmasdesaojose.com.br\/portal\/wp-json\/wp\/v2\/comments?post=386"}],"version-history":[{"count":4,"href":"http:\/\/irmasdesaojose.com.br\/portal\/wp-json\/wp\/v2\/posts\/386\/revisions"}],"predecessor-version":[{"id":393,"href":"http:\/\/irmasdesaojose.com.br\/portal\/wp-json\/wp\/v2\/posts\/386\/revisions\/393"}],"wp:attachment":[{"href":"http:\/\/irmasdesaojose.com.br\/portal\/wp-json\/wp\/v2\/media?parent=386"}],"wp:term":[{"taxonomy":"category","embeddable":true,"href":"http:\/\/irmasdesaojose.com.br\/portal\/wp-json\/wp\/v2\/categories?post=386"},{"taxonomy":"post_tag","embeddable":true,"href":"http:\/\/irmasdesaojose.com.br\/portal\/wp-json\/wp\/v2\/tags?post=386"}],"curies":[{"name":"wp","href":"https:\/\/api.w.org\/{rel}","templated":true}]}}