{"id":3909,"date":"2015-04-21T21:33:03","date_gmt":"2015-04-22T00:33:03","guid":{"rendered":"http:\/\/irmasdesaojose.com.br\/portal\/?p=3909"},"modified":"2016-03-27T21:22:22","modified_gmt":"2016-03-28T00:22:22","slug":"decoracao-da-semana-santa","status":"publish","type":"post","link":"http:\/\/irmasdesaojose.com.br\/portal\/decoracao-da-semana-santa\/","title":{"rendered":"Decora\u00e7\u00e3o da Semana Santa"},"content":{"rendered":"<p style=\"text-align: justify;\"><span style=\"color: #000000;\">Tamb\u00e9m neste ano as Irm\u00e3s de S\u00e3o Jos\u00e9: ir. Dominika e ir. Doris fizeram decora\u00e7\u00e3o para o\u00a0<strong>Tr\u00edduo\u00a0Pascal e a Festa da Miseric\u00f3rdia\u00a0na paroquia S\u00e3o Jorge em Curitiba.\u00a0<\/strong><\/span><\/p>\n<p style=\"text-align: center;\">\n<div class=\"wk-gallery wk-gallery-wall clearfix round margin \">\n\n\t\t\n\t\t\t\n\t\t\t\t\t<a class=\"\" href=\"\/portal\/wp-content\/uploads\/photo-gallery\/IMG_2705.JPG\" data-lightbox=\"group:3912-69f2ae4dd30d1\" title=\"Altar decorado para Quinta-feira Santa \" data-spotlight=\"effect:bottom\"><img src=\"\/portal\/wp-content\/plugins\/widgetkit\/cache\/gallery\/3912\/IMG_2705-98e476f20e.JPG\" width=\"270\" height=\"180\" alt=\"IMG_2705\" \/><div class=\"overlay\">Altar decorado para Quinta-feira Santa <\/div><\/a>\n\t\t\t\t\n\t\t\n\t\t\t\n\t\t\t\t\t<a class=\"\" href=\"\/portal\/wp-content\/uploads\/photo-gallery\/IMG_2710.JPG\" data-lightbox=\"group:3912-69f2ae4dd30d1\" title=\"Decora\u00e7\u00e3o para a Missa de Lava-p\u00e9s\" data-spotlight=\"effect:bottom\"><img src=\"\/portal\/wp-content\/plugins\/widgetkit\/cache\/gallery\/3912\/IMG_2710-9b04973319.JPG\" width=\"270\" height=\"180\" alt=\"IMG_2710\" \/><div class=\"overlay\">Decora\u00e7\u00e3o para a Missa de Lava-p\u00e9s<\/div><\/a>\n\t\t\t\t\n\t\t\n\t\t\t\n\t\t\t\t\t<a class=\"\" href=\"\/portal\/wp-content\/uploads\/photo-gallery\/IMG_2712.JPG\" data-lightbox=\"group:3912-69f2ae4dd30d1\" title=\"Decora\u00e7\u00e3o no sal\u00e3o paroquial para a vig\u00edlia \" data-spotlight=\"effect:bottom\"><img src=\"\/portal\/wp-content\/plugins\/widgetkit\/cache\/gallery\/3912\/IMG_2712-22fd8ee6c1.JPG\" width=\"270\" height=\"180\" alt=\"IMG_2712\" \/><div class=\"overlay\">Decora\u00e7\u00e3o no sal\u00e3o paroquial para a vig\u00edlia <\/div><\/a>\n\t\t\t\t\n\t\t\n\t\t\t\n\t\t\t\t\t<a class=\"\" href=\"\/portal\/wp-content\/uploads\/photo-gallery\/IMG_2714.JPG\" data-lightbox=\"group:3912-69f2ae4dd30d1\" title=\"IMG_2714\" ><img src=\"\/portal\/wp-content\/plugins\/widgetkit\/cache\/gallery\/3912\/IMG_2714-228f76c716.JPG\" width=\"270\" height=\"180\" alt=\"IMG_2714\" \/><\/a>\n\t\t\t\t\n\t\t\n\t\t\t\n\t\t\t\t\t<a class=\"\" href=\"\/portal\/wp-content\/uploads\/photo-gallery\/IMG_2747.JPG\" data-lightbox=\"group:3912-69f2ae4dd30d1\" title=\"Decora\u00e7\u00e3o para a Vig\u00edlia Pascal\" data-spotlight=\"effect:bottom\"><img src=\"\/portal\/wp-content\/plugins\/widgetkit\/cache\/gallery\/3912\/IMG_2747-5a1bec333f.JPG\" width=\"270\" height=\"180\" alt=\"IMG_2747\" \/><div class=\"overlay\">Decora\u00e7\u00e3o para a Vig\u00edlia Pascal<\/div><\/a>\n\t\t\t\t\n\t\t\n\t\t\t\n\t\t\t\t\t<a class=\"\" href=\"\/portal\/wp-content\/uploads\/photo-gallery\/IMG_2761.JPG\" data-lightbox=\"group:3912-69f2ae4dd30d1\" title=\"Sexta-feira Santa\" data-spotlight=\"effect:bottom\"><img src=\"\/portal\/wp-content\/plugins\/widgetkit\/cache\/gallery\/3912\/IMG_2761-daaf971184.JPG\" width=\"270\" height=\"180\" alt=\"IMG_2761\" \/><div class=\"overlay\">Sexta-feira Santa<\/div><\/a>\n\t\t\t\t\n\t\t\n\t\t\t\n\t\t\t\t\t<a class=\"\" href=\"\/portal\/wp-content\/uploads\/photo-gallery\/IMG_2762.JPG\" data-lightbox=\"group:3912-69f2ae4dd30d1\" title=\"Decora\u00e7\u00e3o da Igreja para a Festa da Divina Miseric\u00f3rdia\" data-spotlight=\"effect:bottom\"><img src=\"\/portal\/wp-content\/plugins\/widgetkit\/cache\/gallery\/3912\/IMG_2762-946150643f.JPG\" width=\"270\" height=\"180\" alt=\"IMG_2762\" \/><div class=\"overlay\">Decora\u00e7\u00e3o da Igreja para a Festa da Divina Miseric\u00f3rdia<\/div><\/a>\n\t\t\t\t\n\t\t\n\t\t\t\n\t\t\t\t\t<a class=\"\" href=\"\/portal\/wp-content\/uploads\/photo-gallery\/IMG_2763.JPG\" data-lightbox=\"group:3912-69f2ae4dd30d1\" title=\"IMG_2763\" ><img src=\"\/portal\/wp-content\/plugins\/widgetkit\/cache\/gallery\/3912\/IMG_2763-54f14acc47.JPG\" width=\"270\" height=\"180\" alt=\"IMG_2763\" \/><\/a>\n\t\t\t\t\n\t\t\n\t\t\t\n\t\t\t\t\t<a class=\"\" href=\"\/portal\/wp-content\/uploads\/photo-gallery\/IMG_2764.JPG\" data-lightbox=\"group:3912-69f2ae4dd30d1\" title=\"IMG_2764\" ><img src=\"\/portal\/wp-content\/plugins\/widgetkit\/cache\/gallery\/3912\/IMG_2764-5e73147420.JPG\" width=\"270\" height=\"180\" alt=\"IMG_2764\" \/><\/a>\n\t\t\t\t\n\t\t\n\t\t\t\n\t\t\t\t\t<a class=\"\" href=\"\/portal\/wp-content\/uploads\/photo-gallery\/IMG_2765.JPG\" data-lightbox=\"group:3912-69f2ae4dd30d1\" title=\"IMG_2765\" ><img src=\"\/portal\/wp-content\/plugins\/widgetkit\/cache\/gallery\/3912\/IMG_2765-963d6ebac3.JPG\" width=\"270\" height=\"180\" alt=\"IMG_2765\" \/><\/a>\n\t\t\t\t\n\t\t\n\t\t\t\n\t\t\t\t\t<a class=\"\" href=\"\/portal\/wp-content\/uploads\/photo-gallery\/IMG_2767.JPG\" data-lightbox=\"group:3912-69f2ae4dd30d1\" title=\"IMG_2767\" ><img src=\"\/portal\/wp-content\/plugins\/widgetkit\/cache\/gallery\/3912\/IMG_2767-ead3997aa4.JPG\" width=\"270\" height=\"180\" alt=\"IMG_2767\" \/><\/a>\n\t\t\t\t\n\t\n<\/div>\n\n<\/p>\n<p>&nbsp;<\/p>\n","protected":false},"excerpt":{"rendered":"<p>Tamb\u00e9m neste ano as Irm\u00e3s de S\u00e3o Jos\u00e9: ir. Dominika e ir. Doris fizeram decora\u00e7\u00e3o para o\u00a0Tr\u00edduo\u00a0Pascal e a Festa da Miseric\u00f3rdia\u00a0na paroquia S\u00e3o Jorge em Curitiba.\u00a0 &nbsp;<\/p>\n","protected":false},"author":1,"featured_media":0,"comment_status":"open","ping_status":"open","sticky":false,"template":"","format":"standard","meta":{"_monsterinsights_skip_tracking":false,"_monsterinsights_sitenote_active":false,"_monsterinsights_sitenote_note":"","_monsterinsights_sitenote_category":0,"jetpack_post_was_ever_published":false,"_jetpack_newsletter_access":"","_jetpack_dont_email_post_to_subs":false,"_jetpack_newsletter_tier_id":0,"_jetpack_memberships_contains_paywalled_content":false,"footnotes":"","_jetpack_memberships_contains_paid_content":false,"jetpack_publicize_message":"","jetpack_publicize_feature_enabled":true,"jetpack_social_post_already_shared":true,"jetpack_social_options":{"image_generator_settings":{"template":"highway","enabled":false}}},"categories":[1],"tags":[114,111,113,13,51,112],"jetpack_publicize_connections":[],"jetpack_featured_media_url":"","jetpack_shortlink":"https:\/\/wp.me\/p4Ftkv-113","jetpack_sharing_enabled":true,"_links":{"self":[{"href":"http:\/\/irmasdesaojose.com.br\/portal\/wp-json\/wp\/v2\/posts\/3909"}],"collection":[{"href":"http:\/\/irmasdesaojose.com.br\/portal\/wp-json\/wp\/v2\/posts"}],"about":[{"href":"http:\/\/irmasdesaojose.com.br\/portal\/wp-json\/wp\/v2\/types\/post"}],"author":[{"embeddable":true,"href":"http:\/\/irmasdesaojose.com.br\/portal\/wp-json\/wp\/v2\/users\/1"}],"replies":[{"embeddable":true,"href":"http:\/\/irmasdesaojose.com.br\/portal\/wp-json\/wp\/v2\/comments?post=3909"}],"version-history":[{"count":4,"href":"http:\/\/irmasdesaojose.com.br\/portal\/wp-json\/wp\/v2\/posts\/3909\/revisions"}],"predecessor-version":[{"id":3915,"href":"http:\/\/irmasdesaojose.com.br\/portal\/wp-json\/wp\/v2\/posts\/3909\/revisions\/3915"}],"wp:attachment":[{"href":"http:\/\/irmasdesaojose.com.br\/portal\/wp-json\/wp\/v2\/media?parent=3909"}],"wp:term":[{"taxonomy":"category","embeddable":true,"href":"http:\/\/irmasdesaojose.com.br\/portal\/wp-json\/wp\/v2\/categories?post=3909"},{"taxonomy":"post_tag","embeddable":true,"href":"http:\/\/irmasdesaojose.com.br\/portal\/wp-json\/wp\/v2\/tags?post=3909"}],"curies":[{"name":"wp","href":"https:\/\/api.w.org\/{rel}","templated":true}]}}