{"id":4024,"date":"2016-05-15T11:10:12","date_gmt":"2016-05-15T14:10:12","guid":{"rendered":"http:\/\/irmasdesaojose.com.br\/portal\/?p=4024"},"modified":"2016-05-21T14:35:50","modified_gmt":"2016-05-21T17:35:50","slug":"4024-2","status":"publish","type":"post","link":"http:\/\/irmasdesaojose.com.br\/portal\/4024-2\/","title":{"rendered":"Primeira Eucaristia no Rio de Janeiro"},"content":{"rendered":"<p style=\"text-align: justify;\"><span style=\"color: #000000;\">No s\u00e1bado <\/span><strong style=\"color: #000000;\">dia 07 de maio de 2016, na Par\u00f3quia de S\u00e3o Sebasti\u00e3o,\u00a0Ilha do Governador, Rio de Janeiro<\/strong><span style=\"color: #000000;\">, houve\u00a0a celebra\u00e7\u00e3o da <\/span><strong style=\"color: #000000;\">Primeira Eucaristia<\/strong><span style=\"color: #000000;\">. Depois de dois anos de prepara\u00e7\u00e3o, <\/span><em><span style=\"color: #000000;\">30 crian\u00e7as e 1 adulto (o pai de uma das crian\u00e7as!), receberam pela primeira vez a Santa Comunh\u00e3o.<\/span><\/em><span style=\"color: #000000;\">\u00a0O P\u00e1roco, Padre Marcos Dabkowski, MIC, explicou em sua homilia o sentido da amizade com Jesus e a sua import\u00e2ncia em\u00a0nossa vida di\u00e1ria.\u00a0<\/span><\/p>\n<p style=\"text-align: justify;\"><span style=\"color: #000000;\">Nos tr\u00eas dias seguintes \u00e0 Primeira Eucaristia: de segunda a quarta-feira, as crian\u00e7as tiveram\u00a0seu Tr\u00edduo (semana branca), durante a qual receberam as lembran\u00e7as da cruz e do ter\u00e7o.<\/span><\/p>\n<p style=\"text-align: center;\">\n<div id=\"slideshow-4031-69f2be28217bf\" class=\"wk-slideshow wk-slideshow-default\" data-widgetkit=\"slideshow\" data-options='{\"style\":\"default\",\"autoplay\":1,\"interval\":5000,\"width\":\"auto\",\"height\":\"auto\",\"duration\":500,\"index\":0,\"order\":\"random\",\"navigation\":1,\"buttons\":0,\"slices\":20,\"animated\":\"swipe\",\"caption_animation_duration\":500}'>\n\t<div>\n\t\t<ul class=\"slides\">\n\n\t\t\t\t\t\t\t\t\t<li>\n\t\t\t\t<article class=\"wk-content clearfix\"><img src=\"https:\/\/i0.wp.com\/irmasdesaojose.com.br\/portal\/wp-content\/uploads\/2016\/05\/Slide4-1.jpg?resize=682%2C491\" alt=\"Slide4\" width=\"682\" height=\"491\" class=\"size-full wp-image-4030 aligncenter\" data-recalc-dims=\"1\" \/><\/article>\n\t\t\t<\/li>\n\t\t\t\t\t\t\t\t\t\t\t\t<li>\n\t\t\t\t<article class=\"wk-content clearfix\"><img src=\"data:image\/gif;base64,R0lGODlhAQABAJEAAAAAAP\/\/\/\/\/\/\/wAAACH5BAEHAAIALAAAAAABAAEAAAICVAEAOw==\" data-src=\"http:\/\/irmasdesaojose.com.br\/portal\/wp-content\/uploads\/2016\/05\/Slide2-4.jpg\" alt=\"Slide2\" width=\"682\" height=\"491\" class=\"size-full wp-image-4090 aligncenter\" \/><\/article>\n\t\t\t<\/li>\n\t\t\t\t\t\t\t\t\t\t\t\t<li>\n\t\t\t\t<article class=\"wk-content clearfix\"><img src=\"data:image\/gif;base64,R0lGODlhAQABAJEAAAAAAP\/\/\/\/\/\/\/wAAACH5BAEHAAIALAAAAAABAAEAAAICVAEAOw==\" data-src=\"http:\/\/irmasdesaojose.com.br\/portal\/wp-content\/uploads\/2016\/05\/Slide1-4.jpg\" alt=\"Slide1\" width=\"682\" height=\"491\" class=\"size-full wp-image-4089 aligncenter\" \/><\/article>\n\t\t\t<\/li>\n\t\t\t\t\t\t\t\t\t\t\t\t<li>\n\t\t\t\t<article class=\"wk-content clearfix\"><img src=\"data:image\/gif;base64,R0lGODlhAQABAJEAAAAAAP\/\/\/\/\/\/\/wAAACH5BAEHAAIALAAAAAABAAEAAAICVAEAOw==\" data-src=\"http:\/\/irmasdesaojose.com.br\/portal\/wp-content\/uploads\/2016\/05\/Slide3-5.jpg\" alt=\"Slide3\" width=\"682\" height=\"491\" class=\"size-full wp-image-4087 aligncenter\" \/><\/article>\n\t\t\t<\/li>\n\t\t\t\t\t\t\t\t<\/ul>\n\t\t\t\t<div class=\"caption\"><\/div><ul class=\"captions\"><li><\/li><li><\/li><li><\/li><li><\/li><\/ul>\n\t<\/div>\n\t<ul class=\"nav\"><li><span><\/span><\/li><li><span><\/span><\/li><li><span><\/span><\/li><li><span><\/span><\/li><\/ul><\/div><\/p>\n","protected":false},"excerpt":{"rendered":"<p>No s\u00e1bado dia 07 de maio de 2016, na Par\u00f3quia de S\u00e3o Sebasti\u00e3o,\u00a0Ilha do Governador, Rio de Janeiro, houve\u00a0a celebra\u00e7\u00e3o da Primeira Eucaristia. Depois de dois anos de prepara\u00e7\u00e3o, 30 crian\u00e7as e 1 adulto (o pai de uma das crian\u00e7as!), receberam pela primeira vez a Santa Comunh\u00e3o.\u00a0O P\u00e1roco, Padre Marcos Dabkowski, MIC, explicou em sua [&hellip;]<\/p>\n","protected":false},"author":1,"featured_media":0,"comment_status":"open","ping_status":"open","sticky":false,"template":"","format":"standard","meta":{"_monsterinsights_skip_tracking":false,"_monsterinsights_sitenote_active":false,"_monsterinsights_sitenote_note":"","_monsterinsights_sitenote_category":0,"jetpack_post_was_ever_published":false,"_jetpack_newsletter_access":"","_jetpack_dont_email_post_to_subs":false,"_jetpack_newsletter_tier_id":0,"_jetpack_memberships_contains_paywalled_content":false,"footnotes":"","_jetpack_memberships_contains_paid_content":false,"jetpack_publicize_message":"","jetpack_publicize_feature_enabled":true,"jetpack_social_post_already_shared":true,"jetpack_social_options":{"image_generator_settings":{"template":"highway","enabled":false}}},"categories":[1],"tags":[13,126,119,69,125],"jetpack_publicize_connections":[],"jetpack_featured_media_url":"","jetpack_shortlink":"https:\/\/wp.me\/p4Ftkv-12U","jetpack_sharing_enabled":true,"_links":{"self":[{"href":"http:\/\/irmasdesaojose.com.br\/portal\/wp-json\/wp\/v2\/posts\/4024"}],"collection":[{"href":"http:\/\/irmasdesaojose.com.br\/portal\/wp-json\/wp\/v2\/posts"}],"about":[{"href":"http:\/\/irmasdesaojose.com.br\/portal\/wp-json\/wp\/v2\/types\/post"}],"author":[{"embeddable":true,"href":"http:\/\/irmasdesaojose.com.br\/portal\/wp-json\/wp\/v2\/users\/1"}],"replies":[{"embeddable":true,"href":"http:\/\/irmasdesaojose.com.br\/portal\/wp-json\/wp\/v2\/comments?post=4024"}],"version-history":[{"count":8,"href":"http:\/\/irmasdesaojose.com.br\/portal\/wp-json\/wp\/v2\/posts\/4024\/revisions"}],"predecessor-version":[{"id":4055,"href":"http:\/\/irmasdesaojose.com.br\/portal\/wp-json\/wp\/v2\/posts\/4024\/revisions\/4055"}],"wp:attachment":[{"href":"http:\/\/irmasdesaojose.com.br\/portal\/wp-json\/wp\/v2\/media?parent=4024"}],"wp:term":[{"taxonomy":"category","embeddable":true,"href":"http:\/\/irmasdesaojose.com.br\/portal\/wp-json\/wp\/v2\/categories?post=4024"},{"taxonomy":"post_tag","embeddable":true,"href":"http:\/\/irmasdesaojose.com.br\/portal\/wp-json\/wp\/v2\/tags?post=4024"}],"curies":[{"name":"wp","href":"https:\/\/api.w.org\/{rel}","templated":true}]}}