{"id":4034,"date":"2016-05-03T11:35:36","date_gmt":"2016-05-03T14:35:36","guid":{"rendered":"http:\/\/irmasdesaojose.com.br\/portal\/?p=4034"},"modified":"2016-05-21T16:02:36","modified_gmt":"2016-05-21T19:02:36","slug":"confirmo-com-todo-coracao-os-votos-feitos-no-dia-da-minha-primeira-profissao","status":"publish","type":"post","link":"http:\/\/irmasdesaojose.com.br\/portal\/confirmo-com-todo-coracao-os-votos-feitos-no-dia-da-minha-primeira-profissao\/","title":{"rendered":"Confirmo de todo o cora\u00e7\u00e3o os Votos feitos no dia da minha Primeira Profiss\u00e3o&#8230;."},"content":{"rendered":"<p style=\"text-align: justify;\"><span style=\"color: #000000;\">Este ano de 2016 \u00e9 um ano muito especial para nossas Irm\u00e3s que festejam o <strong>Jubileu de 60, 50 e 25 anos de Vida Religiosa.<\/strong>\u00a0<\/span><\/p>\n<p style=\"text-align: justify;\"><span style=\"color: #000000;\">No m\u00eas de<\/span><span style=\"color: #000000;\">\u00a0Janeiro, ao final dos exerc\u00edcios espirituais de &#8220;Lectio Divina&#8221;, na Casa Provincial da<\/span><span style=\"color: #000000;\">\u00a0cidade de Tarn\u00f3via, na Pol\u00f4nia, as Irm\u00e3s de S\u00e3o Jos\u00e9 festejaram o Jubileu da Vida Religiosa, comemorando o\u00a0<span style=\"color: #800000;\"><strong>60\u00ba anivers\u00e1rio da Ir. M\u00aa Gertruda Trebunia, Ir. M\u00aa Adolfina Hali\u017cak\u00a0e Ir. M\u00aa Dominika Gajda; 50\u00ba anivers\u00e1rio da Ir. M\u00aa Valentyna Pawlikowska, Ir. M\u00aa Rosariana Sitar\u00a0e o\u00a025\u00ba anivers\u00e1rio das Irm\u00e3s: Ir. M\u00aa Ignes Salejda, Ir. M\u00aa Kamilia Wolska, Ir. M\u00aa Annes Rozum,\u00a0Ir. M\u00aa Doris Kulik, Ir. M\u00aa Wanda Matysik, Ir. M\u00aa Noela Czach, Ir. M\u00aa Manuela \u015awitajska, Ir. M\u00aa Rachela R\u0105pa\u0142a, Ir. Maria Daria \u015aledziona, Ir. M\u00aa Kordiana Bojarska\u00a0e\u00a0Ir. M\u00aa Margaretta P\u0119zio\u0142. <\/strong><\/span><\/span><\/p>\n<p style=\"text-align: justify;\"><span style=\"color: #000000;\">Durante a Santa Missa solene as Irm\u00e3s Jubilantes, em seus bancos bem decorados e com velas acesas em suas m\u00e3os, renovaram seus Votos. Depois festejaram, juntamente com as todas as Irm\u00e3s, durante uma refei\u00e7\u00e3o festiva\u00a0e durante a apresenta\u00e7\u00e3o das crian\u00e7as da creche de Tarn\u00f3via. <\/span><\/p>\n<p style=\"text-align: center;\"><span style=\"color: #000000;\">\u00a0\n<div id=\"slideshow-4040-69f2c0d7c497e\" class=\"wk-slideshow wk-slideshow-default\" data-widgetkit=\"slideshow\" data-options='{\"style\":\"default\",\"autoplay\":1,\"interval\":5000,\"width\":\"auto\",\"height\":\"auto\",\"duration\":500,\"index\":0,\"order\":\"default\",\"navigation\":1,\"buttons\":0,\"slices\":20,\"animated\":\"scroll\",\"caption_animation_duration\":500}'>\n\t<div>\n\t\t<ul class=\"slides\">\n\n\t\t\t\t\t\t\t\t\t<li>\n\t\t\t\t<article class=\"wk-content clearfix\"><img src=\"https:\/\/i0.wp.com\/irmasdesaojose.com.br\/portal\/wp-content\/uploads\/2016\/05\/Slide3-2.jpg?resize=682%2C491\" alt=\"Slide3\" width=\"682\" height=\"491\" class=\"size-full wp-image-4038 aligncenter\" data-recalc-dims=\"1\" \/><\/article>\n\t\t\t<\/li>\n\t\t\t\t\t\t\t\t\t\t\t\t<li>\n\t\t\t\t<article class=\"wk-content clearfix\"><img src=\"data:image\/gif;base64,R0lGODlhAQABAJEAAAAAAP\/\/\/\/\/\/\/wAAACH5BAEHAAIALAAAAAABAAEAAAICVAEAOw==\" data-src=\"http:\/\/irmasdesaojose.com.br\/portal\/wp-content\/uploads\/2016\/05\/Slide1-3.jpg\" alt=\"Slide1\" width=\"682\" height=\"491\" class=\"size-full wp-image-4085 aligncenter\" \/><\/article>\n\t\t\t<\/li>\n\t\t\t\t\t\t\t\t\t\t\t\t<li>\n\t\t\t\t<article class=\"wk-content clearfix\"><img src=\"data:image\/gif;base64,R0lGODlhAQABAJEAAAAAAP\/\/\/\/\/\/\/wAAACH5BAEHAAIALAAAAAABAAEAAAICVAEAOw==\" data-src=\"http:\/\/irmasdesaojose.com.br\/portal\/wp-content\/uploads\/2016\/05\/Slide2-2.jpg\" alt=\"Slide2\" width=\"682\" height=\"491\" class=\"size-full wp-image-4083 aligncenter\" \/><\/article>\n\t\t\t<\/li>\n\t\t\t\t\t\t\t\t\t\t\t\t<li>\n\t\t\t\t<article class=\"wk-content clearfix\"><img src=\"data:image\/gif;base64,R0lGODlhAQABAJEAAAAAAP\/\/\/\/\/\/\/wAAACH5BAEHAAIALAAAAAABAAEAAAICVAEAOw==\" data-src=\"http:\/\/irmasdesaojose.com.br\/portal\/wp-content\/uploads\/2016\/05\/Slide4-2.jpg\" alt=\"Slide4\" width=\"682\" height=\"491\" class=\"size-full wp-image-4039 aligncenter\" \/><\/article>\n\t\t\t<\/li>\n\t\t\t\t\t\t\t\t<\/ul>\n\t\t\t\t<div class=\"caption\"><\/div><ul class=\"captions\"><li><\/li><li><\/li><li><\/li><li><\/li><\/ul>\n\t<\/div>\n\t<ul class=\"nav\"><li><span><\/span><\/li><li><span><\/span><\/li><li><span><\/span><\/li><li><span><\/span><\/li><\/ul><\/div><\/span><\/p>\n<h4 style=\"text-align: justify;\"><span style=\"color: #000000;\">Dentre as\u00a0Irm\u00e3s Jubilantes est\u00e1 tamb\u00e9m a nossa <span style=\"color: #ff0000;\"><strong>Irm\u00e3 Superiora da Delega\u00e7\u00e3o Brasileira &#8211; Ir. Doris Kulik. <\/strong><span style=\"color: #000000;\">Por conta disso, no <strong>dia 01 de\u00a0<\/strong><\/span><\/span><strong>maio,<\/strong> juntamente com toda a\u00a0<strong>nossa Delega\u00e7\u00e3o, festejamos o seu Jubileu de Prata<\/strong>. Durante a celebra\u00e7\u00e3o Eucar\u00edstica presidida pelo Padre Ednilson de Jesus Dantas, MIC, agradecemos a Deus\u00a0pelo dom da Vida da Irm\u00e3 e a gra\u00e7a da Sua voca\u00e7\u00e3o religiosa. <\/span><\/h4>\n<p style=\"text-align: center;\"><span style=\"color: #000000;\">\n<div id=\"slideshow-4047-69f2c0d7c5079\" class=\"wk-slideshow wk-slideshow-default\" data-widgetkit=\"slideshow\" data-options='{\"style\":\"default\",\"autoplay\":1,\"interval\":5000,\"width\":\"auto\",\"height\":\"auto\",\"duration\":500,\"index\":0,\"order\":\"default\",\"navigation\":1,\"buttons\":0,\"slices\":20,\"animated\":\"fade\",\"caption_animation_duration\":500}'>\n\t<div>\n\t\t<ul class=\"slides\">\n\n\t\t\t\t\t\t\t\t\t<li>\n\t\t\t\t<article class=\"wk-content clearfix\"><img src=\"https:\/\/i0.wp.com\/irmasdesaojose.com.br\/portal\/wp-content\/uploads\/2016\/05\/Slide1-3.jpg?resize=682%2C491\" alt=\"Slide1\" width=\"682\" height=\"491\" class=\"size-full wp-image-4044 aligncenter\" data-recalc-dims=\"1\" \/><\/article>\n\t\t\t<\/li>\n\t\t\t\t\t\t\t\t\t\t\t\t<li>\n\t\t\t\t<article class=\"wk-content clearfix\"><img src=\"data:image\/gif;base64,R0lGODlhAQABAJEAAAAAAP\/\/\/\/\/\/\/wAAACH5BAEHAAIALAAAAAABAAEAAAICVAEAOw==\" data-src=\"http:\/\/irmasdesaojose.com.br\/portal\/wp-content\/uploads\/2016\/05\/Slide2-1.jpg\" alt=\"Slide2\" width=\"682\" height=\"491\" class=\"size-full wp-image-4077 aligncenter\" \/><\/article>\n\t\t\t<\/li>\n\t\t\t\t\t\t\t\t\t\t\t\t<li>\n\t\t\t\t<article class=\"wk-content clearfix\"><img src=\"data:image\/gif;base64,R0lGODlhAQABAJEAAAAAAP\/\/\/\/\/\/\/wAAACH5BAEHAAIALAAAAAABAAEAAAICVAEAOw==\" data-src=\"http:\/\/irmasdesaojose.com.br\/portal\/wp-content\/uploads\/2016\/05\/Slide3-3.jpg\" alt=\"Slide3\" width=\"682\" height=\"491\" class=\"size-full wp-image-4046 aligncenter\" \/><\/article>\n\t\t\t<\/li>\n\t\t\t\t\t\t\t\t\t\t\t\t<li>\n\t\t\t\t<article class=\"wk-content clearfix\"><img src=\"data:image\/gif;base64,R0lGODlhAQABAJEAAAAAAP\/\/\/\/\/\/\/wAAACH5BAEHAAIALAAAAAABAAEAAAICVAEAOw==\" data-src=\"http:\/\/irmasdesaojose.com.br\/portal\/wp-content\/uploads\/2016\/05\/Zdjecia-na-strone.jpg\" alt=\"Zdjecia na strone\" width=\"682\" height=\"491\" class=\"size-full wp-image-4051 aligncenter\" \/><\/article>\n\t\t\t<\/li>\n\t\t\t\t\t\t\t\t<\/ul>\n\t\t\t\t<div class=\"caption\"><\/div><ul class=\"captions\"><li><\/li><li><\/li><li><\/li><li><\/li><\/ul>\n\t<\/div>\n\t<ul class=\"nav\"><li><span><\/span><\/li><li><span><\/span><\/li><li><span><\/span><\/li><li><span><\/span><\/li><\/ul><\/div>\u00a0\u00a0<\/span><\/p>\n<p style=\"text-align: justify;\">\n","protected":false},"excerpt":{"rendered":"<p>Este ano de 2016 \u00e9 um ano muito especial para nossas Irm\u00e3s que festejam o Jubileu de 60, 50 e 25 anos de Vida Religiosa.\u00a0 No m\u00eas de\u00a0Janeiro, ao final dos exerc\u00edcios espirituais de &#8220;Lectio Divina&#8221;, na Casa Provincial da\u00a0cidade de Tarn\u00f3via, na Pol\u00f4nia, as Irm\u00e3s de S\u00e3o Jos\u00e9 festejaram o Jubileu da Vida Religiosa, [&hellip;]<\/p>\n","protected":false},"author":1,"featured_media":0,"comment_status":"open","ping_status":"open","sticky":false,"template":"","format":"standard","meta":{"_monsterinsights_skip_tracking":false,"_monsterinsights_sitenote_active":false,"_monsterinsights_sitenote_note":"","_monsterinsights_sitenote_category":0,"jetpack_post_was_ever_published":false,"_jetpack_newsletter_access":"","_jetpack_dont_email_post_to_subs":false,"_jetpack_newsletter_tier_id":0,"_jetpack_memberships_contains_paywalled_content":false,"footnotes":"","_jetpack_memberships_contains_paid_content":false,"jetpack_publicize_message":"","jetpack_publicize_feature_enabled":true,"jetpack_social_post_already_shared":true,"jetpack_social_options":{"image_generator_settings":{"template":"highway","enabled":false}}},"categories":[1],"tags":[57,17,110,124],"jetpack_publicize_connections":[],"jetpack_featured_media_url":"","jetpack_shortlink":"https:\/\/wp.me\/p4Ftkv-134","jetpack_sharing_enabled":true,"_links":{"self":[{"href":"http:\/\/irmasdesaojose.com.br\/portal\/wp-json\/wp\/v2\/posts\/4034"}],"collection":[{"href":"http:\/\/irmasdesaojose.com.br\/portal\/wp-json\/wp\/v2\/posts"}],"about":[{"href":"http:\/\/irmasdesaojose.com.br\/portal\/wp-json\/wp\/v2\/types\/post"}],"author":[{"embeddable":true,"href":"http:\/\/irmasdesaojose.com.br\/portal\/wp-json\/wp\/v2\/users\/1"}],"replies":[{"embeddable":true,"href":"http:\/\/irmasdesaojose.com.br\/portal\/wp-json\/wp\/v2\/comments?post=4034"}],"version-history":[{"count":17,"href":"http:\/\/irmasdesaojose.com.br\/portal\/wp-json\/wp\/v2\/posts\/4034\/revisions"}],"predecessor-version":[{"id":4091,"href":"http:\/\/irmasdesaojose.com.br\/portal\/wp-json\/wp\/v2\/posts\/4034\/revisions\/4091"}],"wp:attachment":[{"href":"http:\/\/irmasdesaojose.com.br\/portal\/wp-json\/wp\/v2\/media?parent=4034"}],"wp:term":[{"taxonomy":"category","embeddable":true,"href":"http:\/\/irmasdesaojose.com.br\/portal\/wp-json\/wp\/v2\/categories?post=4034"},{"taxonomy":"post_tag","embeddable":true,"href":"http:\/\/irmasdesaojose.com.br\/portal\/wp-json\/wp\/v2\/tags?post=4034"}],"curies":[{"name":"wp","href":"https:\/\/api.w.org\/{rel}","templated":true}]}}