{"id":4191,"date":"2016-05-04T09:58:20","date_gmt":"2016-05-04T12:58:20","guid":{"rendered":"http:\/\/irmasdesaojose.com.br\/portal\/?p=4191"},"modified":"2016-06-30T10:21:16","modified_gmt":"2016-06-30T13:21:16","slug":"mes-mariano-na-barra","status":"publish","type":"post","link":"http:\/\/irmasdesaojose.com.br\/portal\/mes-mariano-na-barra\/","title":{"rendered":"M\u00eas Mariano &#8211; na Barra"},"content":{"rendered":"<div id=\"yui_3_16_0_ym19_1_1467201084012_5090\" class=\"yiv1150031858ecxMsoNormal\" style=\"text-align: justify;\" align=\"center\"><span style=\"color: #000000;\"><span id=\"yui_3_16_0_ym19_1_1467201084012_5095\">Em <strong>Barra do Corda<\/strong> o <span style=\"color: #000080;\">m\u00eas de Maio<\/span>, \u00e9 muito especial por ocasi\u00e3o da padroeira do col\u00e9gio, onde trabalham as Irm\u00e3s de S\u00e3o Jos\u00e9. Ir. Joana &#8211; diretora nos informa, que no <span style=\"color: #0000ff;\"><strong>Col\u00e9gio Nossa Senhora de F\u00e1tima<\/strong><\/span>, com um m<\/span><span id=\"yui_3_16_0_ym19_1_1467201084012_5092\">omento de ora\u00e7\u00e3o <\/span><span id=\"yui_3_16_0_ym19_1_1467201084012_5092\">com os professores, alunos e funcion\u00e1rios f<\/span><span id=\"yui_3_16_0_ym19_1_1467201084012_5092\">oi aberto o m\u00eas de maio, e em seguida com b<\/span><span id=\"yui_3_16_0_ym19_1_1467201084012_5089\">\u00ean\u00e7\u00e3o e entrega dos quadros de Nossa Senhora, os alunos levarem lhes para rezarem em casa com os seus familiares.\u00a0<\/span><\/span><\/div>\n<div class=\"yiv1150031858ecxMsoNormal\" style=\"text-align: justify;\" align=\"center\"><\/div>\n<div class=\"yiv1150031858ecxMsoNormal\" style=\"text-align: center;\" align=\"center\">\n<div id=\"slideshow-4198-69f2be513658c\" class=\"wk-slideshow wk-slideshow-default\" data-widgetkit=\"slideshow\" data-options='{\"style\":\"default\",\"autoplay\":1,\"interval\":5000,\"width\":\"auto\",\"height\":\"auto\",\"duration\":500,\"index\":0,\"order\":\"default\",\"navigation\":1,\"buttons\":0,\"slices\":20,\"animated\":\"slide\",\"caption_animation_duration\":500}'>\n\t<div>\n\t\t<ul class=\"slides\">\n\n\t\t\t\t\t\t\t\t\t<li>\n\t\t\t\t<article class=\"wk-content clearfix\"><img src=\"https:\/\/i0.wp.com\/irmasdesaojose.com.br\/portal\/wp-content\/uploads\/2016\/06\/Slide4.jpg?resize=682%2C491\" alt=\"Slide4\" class=\"size-full wp-image-4197 aligncenter\" height=\"491\" width=\"682\" data-recalc-dims=\"1\" \/><\/article>\n\t\t\t<\/li>\n\t\t\t\t\t\t\t\t\t\t\t\t<li>\n\t\t\t\t<article class=\"wk-content clearfix\"><img src=\"data:image\/gif;base64,R0lGODlhAQABAJEAAAAAAP\/\/\/\/\/\/\/wAAACH5BAEHAAIALAAAAAABAAEAAAICVAEAOw==\" data-src=\"http:\/\/irmasdesaojose.com.br\/portal\/wp-content\/uploads\/2016\/06\/Slide2.jpg\" alt=\"Slide2\" class=\"size-full wp-image-4195 aligncenter\" height=\"491\" width=\"682\" \/><\/article>\n\t\t\t<\/li>\n\t\t\t\t\t\t\t\t\t\t\t\t<li>\n\t\t\t\t<article class=\"wk-content clearfix\"><img src=\"data:image\/gif;base64,R0lGODlhAQABAJEAAAAAAP\/\/\/\/\/\/\/wAAACH5BAEHAAIALAAAAAABAAEAAAICVAEAOw==\" data-src=\"http:\/\/irmasdesaojose.com.br\/portal\/wp-content\/uploads\/2016\/06\/Slide3.jpg\" alt=\"Slide3\" class=\"size-full wp-image-4196 aligncenter\" height=\"491\" width=\"682\" \/><\/article>\n\t\t\t<\/li>\n\t\t\t\t\t\t\t\t\t\t\t\t<li>\n\t\t\t\t<article class=\"wk-content clearfix\"><img src=\"data:image\/gif;base64,R0lGODlhAQABAJEAAAAAAP\/\/\/\/\/\/\/wAAACH5BAEHAAIALAAAAAABAAEAAAICVAEAOw==\" data-src=\"http:\/\/irmasdesaojose.com.br\/portal\/wp-content\/uploads\/2016\/06\/Slide1.jpg\" alt=\"Slide1\" class=\"size-full wp-image-4194 aligncenter\" height=\"491\" width=\"682\" \/><\/article>\n\t\t\t<\/li>\n\t\t\t\t\t\t\t\t<\/ul>\n\t\t\t\t<div class=\"caption\"><\/div><ul class=\"captions\"><li><\/li><li><\/li><li><\/li><li><\/li><\/ul>\n\t<\/div>\n\t<ul class=\"nav\"><li><span><\/span><\/li><li><span><\/span><\/li><li><span><\/span><\/li><li><span><\/span><\/li><\/ul><\/div><\/div>\n","protected":false},"excerpt":{"rendered":"<p>Em Barra do Corda o m\u00eas de Maio, \u00e9 muito especial por ocasi\u00e3o da padroeira do col\u00e9gio, onde trabalham as Irm\u00e3s de S\u00e3o Jos\u00e9. Ir. Joana &#8211; diretora nos informa, que no Col\u00e9gio Nossa Senhora de F\u00e1tima, com um momento de ora\u00e7\u00e3o com os professores, alunos e funcion\u00e1rios foi aberto o m\u00eas de maio, e [&hellip;]<\/p>\n","protected":false},"author":1,"featured_media":0,"comment_status":"open","ping_status":"open","sticky":false,"template":"","format":"standard","meta":{"_monsterinsights_skip_tracking":false,"_monsterinsights_sitenote_active":false,"_monsterinsights_sitenote_note":"","_monsterinsights_sitenote_category":0,"jetpack_post_was_ever_published":false,"_jetpack_newsletter_access":"","_jetpack_dont_email_post_to_subs":false,"_jetpack_newsletter_tier_id":0,"_jetpack_memberships_contains_paywalled_content":false,"footnotes":"","_jetpack_memberships_contains_paid_content":false,"jetpack_publicize_message":"","jetpack_publicize_feature_enabled":true,"jetpack_social_post_already_shared":true,"jetpack_social_options":{"image_generator_settings":{"template":"highway","enabled":false}}},"categories":[1],"tags":[77,127,10,13,55],"jetpack_publicize_connections":[],"jetpack_featured_media_url":"","jetpack_shortlink":"https:\/\/wp.me\/p4Ftkv-15B","jetpack_sharing_enabled":true,"_links":{"self":[{"href":"http:\/\/irmasdesaojose.com.br\/portal\/wp-json\/wp\/v2\/posts\/4191"}],"collection":[{"href":"http:\/\/irmasdesaojose.com.br\/portal\/wp-json\/wp\/v2\/posts"}],"about":[{"href":"http:\/\/irmasdesaojose.com.br\/portal\/wp-json\/wp\/v2\/types\/post"}],"author":[{"embeddable":true,"href":"http:\/\/irmasdesaojose.com.br\/portal\/wp-json\/wp\/v2\/users\/1"}],"replies":[{"embeddable":true,"href":"http:\/\/irmasdesaojose.com.br\/portal\/wp-json\/wp\/v2\/comments?post=4191"}],"version-history":[{"count":4,"href":"http:\/\/irmasdesaojose.com.br\/portal\/wp-json\/wp\/v2\/posts\/4191\/revisions"}],"predecessor-version":[{"id":4199,"href":"http:\/\/irmasdesaojose.com.br\/portal\/wp-json\/wp\/v2\/posts\/4191\/revisions\/4199"}],"wp:attachment":[{"href":"http:\/\/irmasdesaojose.com.br\/portal\/wp-json\/wp\/v2\/media?parent=4191"}],"wp:term":[{"taxonomy":"category","embeddable":true,"href":"http:\/\/irmasdesaojose.com.br\/portal\/wp-json\/wp\/v2\/categories?post=4191"},{"taxonomy":"post_tag","embeddable":true,"href":"http:\/\/irmasdesaojose.com.br\/portal\/wp-json\/wp\/v2\/tags?post=4191"}],"curies":[{"name":"wp","href":"https:\/\/api.w.org\/{rel}","templated":true}]}}