{"id":4202,"date":"2016-06-10T10:23:32","date_gmt":"2016-06-10T13:23:32","guid":{"rendered":"http:\/\/irmasdesaojose.com.br\/portal\/?p=4202"},"modified":"2016-07-01T16:41:26","modified_gmt":"2016-07-01T19:41:26","slug":"coroacao-de-nossa-senhora-na-barra","status":"publish","type":"post","link":"http:\/\/irmasdesaojose.com.br\/portal\/coroacao-de-nossa-senhora-na-barra\/","title":{"rendered":"Coroa\u00e7\u00e3o de Nossa Senhora, Barra do Corda"},"content":{"rendered":"<div class=\"yiv6902158283ecxMsoNormal\" style=\"text-align: justify;\" align=\"center\"><span style=\"color: #000000;\">A manh\u00e3 do dia <strong>13 de maio <\/strong>em <strong>Barra do Corda, Maranh\u00e3o,<\/strong> no Col\u00e9gio dedicado aos cuidados de <strong><span style=\"color: #000080;\">Nossa Senhora de F\u00e1tima<\/span><\/strong> foi festiva e cheia das ora\u00e7\u00f5es das Irm\u00e3s, Professores e alunos.\u00a0<\/span><span style=\"color: #000000;\">Reunindo todos na quadra de esportes, Irm\u00e3 Joana Jacotenski &#8211; diretora do Col\u00e9gio -, lembrou a todos o <span style=\"color: #0000ff;\">pedido de Nossa Senhora de F\u00e1tima: de penit\u00eancia, pela paz no mundo e a convers\u00e3o dos pecadores<\/span>.<br \/>\n<\/span><\/div>\n<div class=\"yiv6902158283ecxMsoNormal\" align=\"center\"><span style=\"color: #000000;\">Assim come\u00e7ou o dia de festividades que teve\u00a0car\u00e1ter solene, pedindo uma reflex\u00e3o criativa e a mobiliza\u00e7\u00e3o interior para o bem maior.<\/span><\/div>\n<div class=\"yiv6902158283ecxMsoNormal\" style=\"text-align: justify;\" align=\"center\"><span id=\"yui_3_16_0_ym19_1_1467201084012_6781\" style=\"color: #000000;\">Ir. Paula, que trabalha neste Col\u00e9gio, partilhou:\u00a0<em>os alunos foram motivados a terem confian\u00e7a na intercess\u00e3o da M\u00e3e de Deus, e como sinal externo de amor a Sant\u00edssima M\u00e3e, no final realizaram a tradicional\u00a0<\/em><\/span><em><span style=\"color: #000000;\">Coroa\u00e7\u00e3o de sua imagem.<\/span><\/em><\/div>\n<div class=\"yiv6902158283ecxMsoNormal\" style=\"text-align: justify;\" align=\"center\"><\/div>\n<div class=\"yiv6902158283ecxMsoNormal\" style=\"text-align: center;\" align=\"center\">\u00a0\n<div id=\"slideshow-4214-69f2c0da62f98\" class=\"wk-slideshow wk-slideshow-default\" data-widgetkit=\"slideshow\" data-options='{\"style\":\"default\",\"autoplay\":1,\"interval\":5000,\"width\":\"auto\",\"height\":\"auto\",\"duration\":500,\"index\":0,\"order\":\"default\",\"navigation\":1,\"buttons\":0,\"slices\":20,\"animated\":\"scroll\",\"caption_animation_duration\":500}'>\n\t<div>\n\t\t<ul class=\"slides\">\n\n\t\t\t\t\t\t\t\t\t<li>\n\t\t\t\t<article class=\"wk-content clearfix\"><img src=\"https:\/\/i0.wp.com\/irmasdesaojose.com.br\/portal\/wp-content\/uploads\/2016\/06\/Slide4-1.jpg?resize=682%2C491\" alt=\"Slide4\" class=\"size-full wp-image-4208 aligncenter\" height=\"491\" width=\"682\" data-recalc-dims=\"1\" \/><\/article>\n\t\t\t<\/li>\n\t\t\t\t\t\t\t\t\t\t\t\t<li>\n\t\t\t\t<article class=\"wk-content clearfix\"><img src=\"data:image\/gif;base64,R0lGODlhAQABAJEAAAAAAP\/\/\/\/\/\/\/wAAACH5BAEHAAIALAAAAAABAAEAAAICVAEAOw==\" data-src=\"http:\/\/irmasdesaojose.com.br\/portal\/wp-content\/uploads\/2016\/06\/Slide5.jpg\" alt=\"Slide5\" class=\"size-full wp-image-4209 aligncenter\" height=\"491\" width=\"682\" \/><\/article>\n\t\t\t<\/li>\n\t\t\t\t\t\t\t\t\t\t\t\t<li>\n\t\t\t\t<article class=\"wk-content clearfix\"><img src=\"data:image\/gif;base64,R0lGODlhAQABAJEAAAAAAP\/\/\/\/\/\/\/wAAACH5BAEHAAIALAAAAAABAAEAAAICVAEAOw==\" data-src=\"http:\/\/irmasdesaojose.com.br\/portal\/wp-content\/uploads\/2016\/06\/Slide2-1.jpg\" alt=\"Slide2\" class=\"size-full wp-image-4206 aligncenter\" height=\"491\" width=\"682\" \/><\/article>\n\t\t\t<\/li>\n\t\t\t\t\t\t\t\t\t\t\t\t<li>\n\t\t\t\t<article class=\"wk-content clearfix\"><img src=\"data:image\/gif;base64,R0lGODlhAQABAJEAAAAAAP\/\/\/\/\/\/\/wAAACH5BAEHAAIALAAAAAABAAEAAAICVAEAOw==\" data-src=\"http:\/\/irmasdesaojose.com.br\/portal\/wp-content\/uploads\/2016\/06\/Slide6.jpg\" alt=\"Slide6\" class=\"size-full wp-image-4210 aligncenter\" height=\"491\" width=\"682\" \/><\/article>\n\t\t\t<\/li>\n\t\t\t\t\t\t\t\t\t\t\t\t<li>\n\t\t\t\t<article class=\"wk-content clearfix\"><img src=\"data:image\/gif;base64,R0lGODlhAQABAJEAAAAAAP\/\/\/\/\/\/\/wAAACH5BAEHAAIALAAAAAABAAEAAAICVAEAOw==\" data-src=\"http:\/\/irmasdesaojose.com.br\/portal\/wp-content\/uploads\/2016\/06\/Slide3-1.jpg\" alt=\"Slide3\" class=\"size-full wp-image-4207 aligncenter\" height=\"491\" width=\"682\" \/><\/article>\n\t\t\t<\/li>\n\t\t\t\t\t\t\t\t\t\t\t\t<li>\n\t\t\t\t<article class=\"wk-content clearfix\"><img src=\"data:image\/gif;base64,R0lGODlhAQABAJEAAAAAAP\/\/\/\/\/\/\/wAAACH5BAEHAAIALAAAAAABAAEAAAICVAEAOw==\" data-src=\"http:\/\/irmasdesaojose.com.br\/portal\/wp-content\/uploads\/2016\/06\/Slide8.jpg\" alt=\"Slide8\" class=\"size-full wp-image-4212 aligncenter\" height=\"491\" width=\"682\" \/><\/article>\n\t\t\t<\/li>\n\t\t\t\t\t\t\t\t\t\t\t\t<li>\n\t\t\t\t<article class=\"wk-content clearfix\"><img src=\"data:image\/gif;base64,R0lGODlhAQABAJEAAAAAAP\/\/\/\/\/\/\/wAAACH5BAEHAAIALAAAAAABAAEAAAICVAEAOw==\" data-src=\"http:\/\/irmasdesaojose.com.br\/portal\/wp-content\/uploads\/2016\/06\/Slide9.jpg\" alt=\"Slide9\" class=\"size-full wp-image-4213 aligncenter\" height=\"491\" width=\"682\" \/><\/article>\n\t\t\t<\/li>\n\t\t\t\t\t\t\t\t<\/ul>\n\t\t\t\t<div class=\"caption\"><\/div><ul class=\"captions\"><li><\/li><li><\/li><li><\/li><li><\/li><li><\/li><li><\/li><li><\/li><\/ul>\n\t<\/div>\n\t<ul class=\"nav\"><li><span><\/span><\/li><li><span><\/span><\/li><li><span><\/span><\/li><li><span><\/span><\/li><li><span><\/span><\/li><li><span><\/span><\/li><li><span><\/span><\/li><\/ul><\/div><\/div>\n<div class=\"yiv6902158283ecxMsoNormal\" style=\"text-align: justify;\" align=\"center\"><\/div>\n","protected":false},"excerpt":{"rendered":"<p>A manh\u00e3 do dia 13 de maio em Barra do Corda, Maranh\u00e3o, no Col\u00e9gio dedicado aos cuidados de Nossa Senhora de F\u00e1tima foi festiva e cheia das ora\u00e7\u00f5es das Irm\u00e3s, Professores e alunos.\u00a0Reunindo todos na quadra de esportes, Irm\u00e3 Joana Jacotenski &#8211; diretora do Col\u00e9gio -, lembrou a todos o pedido de Nossa Senhora de [&hellip;]<\/p>\n","protected":false},"author":1,"featured_media":0,"comment_status":"open","ping_status":"open","sticky":false,"template":"","format":"standard","meta":{"_monsterinsights_skip_tracking":false,"_monsterinsights_sitenote_active":false,"_monsterinsights_sitenote_note":"","_monsterinsights_sitenote_category":0,"jetpack_post_was_ever_published":false,"_jetpack_newsletter_access":"","_jetpack_dont_email_post_to_subs":false,"_jetpack_newsletter_tier_id":0,"_jetpack_memberships_contains_paywalled_content":false,"footnotes":"","_jetpack_memberships_contains_paid_content":false,"jetpack_publicize_message":"","jetpack_publicize_feature_enabled":true,"jetpack_social_post_already_shared":true,"jetpack_social_options":{"image_generator_settings":{"template":"highway","enabled":false}}},"categories":[1],"tags":[77,127,38],"jetpack_publicize_connections":[],"jetpack_featured_media_url":"","jetpack_shortlink":"https:\/\/wp.me\/p4Ftkv-15M","jetpack_sharing_enabled":true,"_links":{"self":[{"href":"http:\/\/irmasdesaojose.com.br\/portal\/wp-json\/wp\/v2\/posts\/4202"}],"collection":[{"href":"http:\/\/irmasdesaojose.com.br\/portal\/wp-json\/wp\/v2\/posts"}],"about":[{"href":"http:\/\/irmasdesaojose.com.br\/portal\/wp-json\/wp\/v2\/types\/post"}],"author":[{"embeddable":true,"href":"http:\/\/irmasdesaojose.com.br\/portal\/wp-json\/wp\/v2\/users\/1"}],"replies":[{"embeddable":true,"href":"http:\/\/irmasdesaojose.com.br\/portal\/wp-json\/wp\/v2\/comments?post=4202"}],"version-history":[{"count":5,"href":"http:\/\/irmasdesaojose.com.br\/portal\/wp-json\/wp\/v2\/posts\/4202\/revisions"}],"predecessor-version":[{"id":4250,"href":"http:\/\/irmasdesaojose.com.br\/portal\/wp-json\/wp\/v2\/posts\/4202\/revisions\/4250"}],"wp:attachment":[{"href":"http:\/\/irmasdesaojose.com.br\/portal\/wp-json\/wp\/v2\/media?parent=4202"}],"wp:term":[{"taxonomy":"category","embeddable":true,"href":"http:\/\/irmasdesaojose.com.br\/portal\/wp-json\/wp\/v2\/categories?post=4202"},{"taxonomy":"post_tag","embeddable":true,"href":"http:\/\/irmasdesaojose.com.br\/portal\/wp-json\/wp\/v2\/tags?post=4202"}],"curies":[{"name":"wp","href":"https:\/\/api.w.org\/{rel}","templated":true}]}}