{"id":4226,"date":"2016-06-20T11:20:06","date_gmt":"2016-06-20T14:20:06","guid":{"rendered":"http:\/\/irmasdesaojose.com.br\/portal\/?p=4226"},"modified":"2016-07-01T16:43:41","modified_gmt":"2016-07-01T19:43:41","slug":"dia-das-maes","status":"publish","type":"post","link":"http:\/\/irmasdesaojose.com.br\/portal\/dia-das-maes\/","title":{"rendered":"Dia das M\u00e3es!"},"content":{"rendered":"<p style=\"text-align: justify;\"><span style=\"color: #000000;\">No segundo domingo do m\u00eas de maio \u00e9 comemorado no Brasil o <span style=\"color: #800000;\"><strong>Dia das M\u00e3es<\/strong><\/span>. Nesta ocasi\u00e3o, em <strong>Barra do Corda, Maranh\u00e3o,\u00a0no abrigo &#8220;Ema\u00fas&#8221;<\/strong>, onde trabalha nossa Irm\u00e3 Inviolata Lesniak-CSSJ, foi organizado\u00a0um dia de festividades a todas \u00e0s M\u00e3es do abrigo. \u00a0Tamb\u00e9m foi celebrada na\u00a0inten\u00e7\u00e3o delas uma Santa Missa.<\/span><\/p>\n<p style=\"text-align: justify;\"><img decoding=\"async\" loading=\"lazy\" class=\"aligncenter wp-image-4227 size-full\" src=\"https:\/\/i0.wp.com\/irmasdesaojose.com.br\/portal\/wp-content\/uploads\/2016\/06\/Slide3-3.jpg?resize=491%2C682\" alt=\"Slide3\" width=\"491\" height=\"682\" srcset=\"https:\/\/i0.wp.com\/irmasdesaojose.com.br\/portal\/wp-content\/uploads\/2016\/06\/Slide3-3.jpg?w=491 491w, https:\/\/i0.wp.com\/irmasdesaojose.com.br\/portal\/wp-content\/uploads\/2016\/06\/Slide3-3.jpg?resize=216%2C300 216w\" sizes=\"(max-width: 491px) 100vw, 491px\" data-recalc-dims=\"1\" \/> <img decoding=\"async\" loading=\"lazy\" class=\"size-full wp-image-4228 aligncenter\" src=\"https:\/\/i0.wp.com\/irmasdesaojose.com.br\/portal\/wp-content\/uploads\/2016\/06\/Slide4-3.jpg?resize=491%2C682\" alt=\"Slide4\" width=\"491\" height=\"682\" srcset=\"https:\/\/i0.wp.com\/irmasdesaojose.com.br\/portal\/wp-content\/uploads\/2016\/06\/Slide4-3.jpg?w=491 491w, https:\/\/i0.wp.com\/irmasdesaojose.com.br\/portal\/wp-content\/uploads\/2016\/06\/Slide4-3.jpg?resize=216%2C300 216w\" sizes=\"(max-width: 491px) 100vw, 491px\" data-recalc-dims=\"1\" \/> <img decoding=\"async\" loading=\"lazy\" class=\"size-full wp-image-4229 aligncenter\" src=\"https:\/\/i0.wp.com\/irmasdesaojose.com.br\/portal\/wp-content\/uploads\/2016\/06\/Slide5-2.jpg?resize=491%2C682\" alt=\"Slide5\" width=\"491\" height=\"682\" srcset=\"https:\/\/i0.wp.com\/irmasdesaojose.com.br\/portal\/wp-content\/uploads\/2016\/06\/Slide5-2.jpg?w=491 491w, https:\/\/i0.wp.com\/irmasdesaojose.com.br\/portal\/wp-content\/uploads\/2016\/06\/Slide5-2.jpg?resize=216%2C300 216w\" sizes=\"(max-width: 491px) 100vw, 491px\" data-recalc-dims=\"1\" \/><\/p>\n","protected":false},"excerpt":{"rendered":"<p>No segundo domingo do m\u00eas de maio \u00e9 comemorado no Brasil o Dia das M\u00e3es. Nesta ocasi\u00e3o, em Barra do Corda, Maranh\u00e3o,\u00a0no abrigo &#8220;Ema\u00fas&#8221;, onde trabalha nossa Irm\u00e3 Inviolata Lesniak-CSSJ, foi organizado\u00a0um dia de festividades a todas \u00e0s M\u00e3es do abrigo. \u00a0Tamb\u00e9m foi celebrada na\u00a0inten\u00e7\u00e3o delas uma Santa Missa.<\/p>\n","protected":false},"author":1,"featured_media":0,"comment_status":"open","ping_status":"open","sticky":false,"template":"","format":"standard","meta":{"_monsterinsights_skip_tracking":false,"_monsterinsights_sitenote_active":false,"_monsterinsights_sitenote_note":"","_monsterinsights_sitenote_category":0,"jetpack_post_was_ever_published":false,"_jetpack_newsletter_access":"","_jetpack_dont_email_post_to_subs":false,"_jetpack_newsletter_tier_id":0,"_jetpack_memberships_contains_paywalled_content":false,"footnotes":"","_jetpack_memberships_contains_paid_content":false,"jetpack_publicize_message":"","jetpack_publicize_feature_enabled":true,"jetpack_social_post_already_shared":true,"jetpack_social_options":{"image_generator_settings":{"template":"highway","enabled":false}}},"categories":[1],"tags":[78,77,33,13],"jetpack_publicize_connections":[],"jetpack_featured_media_url":"","jetpack_shortlink":"https:\/\/wp.me\/p4Ftkv-16a","jetpack_sharing_enabled":true,"_links":{"self":[{"href":"http:\/\/irmasdesaojose.com.br\/portal\/wp-json\/wp\/v2\/posts\/4226"}],"collection":[{"href":"http:\/\/irmasdesaojose.com.br\/portal\/wp-json\/wp\/v2\/posts"}],"about":[{"href":"http:\/\/irmasdesaojose.com.br\/portal\/wp-json\/wp\/v2\/types\/post"}],"author":[{"embeddable":true,"href":"http:\/\/irmasdesaojose.com.br\/portal\/wp-json\/wp\/v2\/users\/1"}],"replies":[{"embeddable":true,"href":"http:\/\/irmasdesaojose.com.br\/portal\/wp-json\/wp\/v2\/comments?post=4226"}],"version-history":[{"count":4,"href":"http:\/\/irmasdesaojose.com.br\/portal\/wp-json\/wp\/v2\/posts\/4226\/revisions"}],"predecessor-version":[{"id":4231,"href":"http:\/\/irmasdesaojose.com.br\/portal\/wp-json\/wp\/v2\/posts\/4226\/revisions\/4231"}],"wp:attachment":[{"href":"http:\/\/irmasdesaojose.com.br\/portal\/wp-json\/wp\/v2\/media?parent=4226"}],"wp:term":[{"taxonomy":"category","embeddable":true,"href":"http:\/\/irmasdesaojose.com.br\/portal\/wp-json\/wp\/v2\/categories?post=4226"},{"taxonomy":"post_tag","embeddable":true,"href":"http:\/\/irmasdesaojose.com.br\/portal\/wp-json\/wp\/v2\/tags?post=4226"}],"curies":[{"name":"wp","href":"https:\/\/api.w.org\/{rel}","templated":true}]}}