{"id":4332,"date":"2016-07-17T11:42:06","date_gmt":"2016-07-17T14:42:06","guid":{"rendered":"http:\/\/irmasdesaojose.com.br\/portal\/?p=4332"},"modified":"2016-07-23T20:39:02","modified_gmt":"2016-07-23T23:39:02","slug":"um-tempo-especial-do-encontro-com-o-senhor-e-com-a-comunidade","status":"publish","type":"post","link":"http:\/\/irmasdesaojose.com.br\/portal\/um-tempo-especial-do-encontro-com-o-senhor-e-com-a-comunidade\/","title":{"rendered":"Um tempo especial de encontro com o Senhor e com a Comunidade"},"content":{"rendered":"<p style=\"text-align: justify;\">\u00a0 \u00a0 \u00a0<span style=\"color: #000000;\">\u00a0Nos <strong>dias 04 a 12 de julho, na Delega\u00e7\u00e3o Brasileira da Congrega\u00e7\u00e3o das Irm\u00e3s de S\u00e3o Jos\u00e9,<\/strong> aconteceu em <strong>S\u00e3o Lu\u00eds<\/strong>, no estado do Maranh\u00e3o o <span style=\"color: #800000;\">retiro anual das Irm\u00e3s<\/span>. Estiveram presentes <strong>12 Irm\u00e3s JOSEFITAS<\/strong> e uma \u00a0Irm\u00e3 da Congrega\u00e7\u00e3o das Irm\u00e3s Oblatas do Cora\u00e7\u00e3o de Jesus,\u00a0Irm\u00e3 Id\u00e1lia.\u00a0<\/span><\/p>\n<p style=\"text-align: justify;\"><span style=\"color: #000000;\">\u00a0 \u00a0 \u00a0O retiro foi pregado pelo Frei Jos\u00e9 Antonio Macapuna OFM Cap, que gra\u00e7as \u00e0 sua grande experi\u00eancia, introduziu as Irm\u00e3s \u00e0 ora\u00e7\u00e3o e medita\u00e7\u00e3o. O tema do retiro foram as palavras: <span style=\"color: #0000ff;\"><strong>&#8220;Revesti-vos, pois, de miseric\u00f3rdia&#8221;<\/strong><\/span> (Col 3, 12). De uma maneira simples, mas cheia de experi\u00eancias pr\u00f3prias, testemunho de vida e de f\u00e9, Frei Macapuna, \u00a0com textos b\u00edblicos, introduziu as Irm\u00e3s \u00e0\u00a0<em>Lectio Divina<\/em> sobre a Miseric\u00f3rdia de Deus incorporada \u00e0 vida religiosa e comunit\u00e1ria. <\/span><\/p>\n<p style=\"text-align: justify;\"><span style=\"color: #000000;\">\u00a0 \u00a0 As Irm\u00e3s, em uma s\u00f3 voz, asseguraram que o retiro foi um momento \u00fanico para o\u00a0encontro com o Senhor e com a Comunidade, que permanecia na Adora\u00e7\u00e3o, \u00a0ora\u00e7\u00e3o e liturgia viva.<\/span><\/p>\n<p style=\"text-align: center;\">\n<div id=\"slideshow-4342-69f29cbe3a700\" class=\"wk-slideshow wk-slideshow-default\" data-widgetkit=\"slideshow\" data-options='{\"style\":\"default\",\"autoplay\":1,\"interval\":5000,\"width\":\"auto\",\"height\":\"auto\",\"duration\":500,\"index\":0,\"order\":\"default\",\"navigation\":1,\"buttons\":0,\"slices\":20,\"animated\":\"fade\",\"caption_animation_duration\":500}'>\n\t<div>\n\t\t<ul class=\"slides\">\n\n\t\t\t\t\t\t\t\t\t<li>\n\t\t\t\t<article class=\"wk-content clearfix\"><img src=\"https:\/\/i0.wp.com\/irmasdesaojose.com.br\/portal\/wp-content\/uploads\/2016\/07\/800x600mAUTOcWHITE-4.jpg?resize=800%2C600\" alt=\"800x600mAUTOcWHITE (4)\" width=\"800\" height=\"600\" class=\"size-full wp-image-4338 aligncenter\" data-recalc-dims=\"1\" \/><\/article>\n\t\t\t<\/li>\n\t\t\t\t\t\t\t\t\t\t\t\t<li>\n\t\t\t\t<article class=\"wk-content clearfix\"><img src=\"data:image\/gif;base64,R0lGODlhAQABAJEAAAAAAP\/\/\/\/\/\/\/wAAACH5BAEHAAIALAAAAAABAAEAAAICVAEAOw==\" data-src=\"http:\/\/irmasdesaojose.com.br\/portal\/wp-content\/uploads\/2016\/07\/800x600mAUTOcWHITE-2.jpg\" alt=\"800x600mAUTOcWHITE (2)\" width=\"800\" height=\"600\" class=\"size-full wp-image-4336 aligncenter\" \/><\/article>\n\t\t\t<\/li>\n\t\t\t\t\t\t\t\t\t\t\t\t<li>\n\t\t\t\t<article class=\"wk-content clearfix\"><img src=\"data:image\/gif;base64,R0lGODlhAQABAJEAAAAAAP\/\/\/\/\/\/\/wAAACH5BAEHAAIALAAAAAABAAEAAAICVAEAOw==\" data-src=\"http:\/\/irmasdesaojose.com.br\/portal\/wp-content\/uploads\/2016\/07\/800x600mAUTOcWHITE-5.jpg\" alt=\"800x600mAUTOcWHITE (5)\" width=\"800\" height=\"600\" class=\"size-full wp-image-4339 aligncenter\" \/><\/article>\n\t\t\t<\/li>\n\t\t\t\t\t\t\t\t\t\t\t\t<li>\n\t\t\t\t<article class=\"wk-content clearfix\"><img src=\"data:image\/gif;base64,R0lGODlhAQABAJEAAAAAAP\/\/\/\/\/\/\/wAAACH5BAEHAAIALAAAAAABAAEAAAICVAEAOw==\" data-src=\"http:\/\/irmasdesaojose.com.br\/portal\/wp-content\/uploads\/2016\/07\/800x600mAUTOcWHITE-3.jpg\" alt=\"800x600mAUTOcWHITE (3)\" width=\"800\" height=\"600\" class=\"size-full wp-image-4337 aligncenter\" \/><\/article>\n\t\t\t<\/li>\n\t\t\t\t\t\t\t\t\t\t\t\t<li>\n\t\t\t\t<article class=\"wk-content clearfix\"><img src=\"data:image\/gif;base64,R0lGODlhAQABAJEAAAAAAP\/\/\/\/\/\/\/wAAACH5BAEHAAIALAAAAAABAAEAAAICVAEAOw==\" data-src=\"http:\/\/irmasdesaojose.com.br\/portal\/wp-content\/uploads\/2016\/07\/800x600mAUTOcWHITE-6.jpg\" alt=\"800x600mAUTOcWHITE (6)\" width=\"800\" height=\"600\" class=\"size-full wp-image-4340 aligncenter\" \/><\/article>\n\t\t\t<\/li>\n\t\t\t\t\t\t\t\t\t\t\t\t<li>\n\t\t\t\t<article class=\"wk-content clearfix\"><img src=\"data:image\/gif;base64,R0lGODlhAQABAJEAAAAAAP\/\/\/\/\/\/\/wAAACH5BAEHAAIALAAAAAABAAEAAAICVAEAOw==\" data-src=\"http:\/\/irmasdesaojose.com.br\/portal\/wp-content\/uploads\/2016\/07\/800x600mAUTOcWHITE.jpg\" alt=\"800x600mAUTOcWHITE\" width=\"800\" height=\"600\" class=\"size-full wp-image-4341 aligncenter\" \/><\/article>\n\t\t\t<\/li>\n\t\t\t\t\t\t\t\t<\/ul>\n\t\t\t\t<div class=\"caption\"><\/div><ul class=\"captions\"><li><\/li><li><\/li><li><\/li><li><\/li><li><\/li><li><\/li><\/ul>\n\t<\/div>\n\t<ul class=\"nav\"><li><span><\/span><\/li><li><span><\/span><\/li><li><span><\/span><\/li><li><span><\/span><\/li><li><span><\/span><\/li><li><span><\/span><\/li><\/ul><\/div><\/p>\n","protected":false},"excerpt":{"rendered":"<p>\u00a0 \u00a0 \u00a0\u00a0Nos dias 04 a 12 de julho, na Delega\u00e7\u00e3o Brasileira da Congrega\u00e7\u00e3o das Irm\u00e3s de S\u00e3o Jos\u00e9, aconteceu em S\u00e3o Lu\u00eds, no estado do Maranh\u00e3o o retiro anual das Irm\u00e3s. Estiveram presentes 12 Irm\u00e3s JOSEFITAS e uma \u00a0Irm\u00e3 da Congrega\u00e7\u00e3o das Irm\u00e3s Oblatas do Cora\u00e7\u00e3o de Jesus,\u00a0Irm\u00e3 Id\u00e1lia.\u00a0 \u00a0 \u00a0 \u00a0O retiro foi [&hellip;]<\/p>\n","protected":false},"author":1,"featured_media":0,"comment_status":"open","ping_status":"open","sticky":false,"template":"","format":"standard","meta":{"_monsterinsights_skip_tracking":false,"_monsterinsights_sitenote_active":false,"_monsterinsights_sitenote_note":"","_monsterinsights_sitenote_category":0,"jetpack_post_was_ever_published":false,"_jetpack_newsletter_access":"","_jetpack_dont_email_post_to_subs":false,"_jetpack_newsletter_tier_id":0,"_jetpack_memberships_contains_paywalled_content":false,"footnotes":"","_jetpack_memberships_contains_paid_content":false,"jetpack_publicize_message":"","jetpack_publicize_feature_enabled":true,"jetpack_social_post_already_shared":true,"jetpack_social_options":{"image_generator_settings":{"template":"highway","enabled":false}}},"categories":[1],"tags":[132,32,13,35,120,39],"jetpack_publicize_connections":[],"jetpack_featured_media_url":"","jetpack_shortlink":"https:\/\/wp.me\/p4Ftkv-17S","jetpack_sharing_enabled":true,"_links":{"self":[{"href":"http:\/\/irmasdesaojose.com.br\/portal\/wp-json\/wp\/v2\/posts\/4332"}],"collection":[{"href":"http:\/\/irmasdesaojose.com.br\/portal\/wp-json\/wp\/v2\/posts"}],"about":[{"href":"http:\/\/irmasdesaojose.com.br\/portal\/wp-json\/wp\/v2\/types\/post"}],"author":[{"embeddable":true,"href":"http:\/\/irmasdesaojose.com.br\/portal\/wp-json\/wp\/v2\/users\/1"}],"replies":[{"embeddable":true,"href":"http:\/\/irmasdesaojose.com.br\/portal\/wp-json\/wp\/v2\/comments?post=4332"}],"version-history":[{"count":5,"href":"http:\/\/irmasdesaojose.com.br\/portal\/wp-json\/wp\/v2\/posts\/4332\/revisions"}],"predecessor-version":[{"id":4375,"href":"http:\/\/irmasdesaojose.com.br\/portal\/wp-json\/wp\/v2\/posts\/4332\/revisions\/4375"}],"wp:attachment":[{"href":"http:\/\/irmasdesaojose.com.br\/portal\/wp-json\/wp\/v2\/media?parent=4332"}],"wp:term":[{"taxonomy":"category","embeddable":true,"href":"http:\/\/irmasdesaojose.com.br\/portal\/wp-json\/wp\/v2\/categories?post=4332"},{"taxonomy":"post_tag","embeddable":true,"href":"http:\/\/irmasdesaojose.com.br\/portal\/wp-json\/wp\/v2\/tags?post=4332"}],"curies":[{"name":"wp","href":"https:\/\/api.w.org\/{rel}","templated":true}]}}