{"id":4485,"date":"2016-09-02T10:10:23","date_gmt":"2016-09-02T13:10:23","guid":{"rendered":"http:\/\/irmasdesaojose.com.br\/portal\/?p=4485"},"modified":"2023-08-17T16:25:32","modified_gmt":"2023-08-17T19:25:32","slug":"teresa-de-calcuta-sera-canonizada-neste-domingo","status":"publish","type":"post","link":"http:\/\/irmasdesaojose.com.br\/portal\/teresa-de-calcuta-sera-canonizada-neste-domingo\/","title":{"rendered":"Teresa de Calcut\u00e1 ser\u00e1 canonizada neste domingo"},"content":{"rendered":"<p style=\"text-align: justify;\"><img decoding=\"async\" loading=\"lazy\" class=\"wp-image-4486 size-medium alignright\" src=\"https:\/\/i0.wp.com\/irmasdesaojose.com.br\/portal\/wp-content\/uploads\/2016\/09\/madre-teresa-de-calcuta.jpg?resize=230%2C300\" alt=\"madre-teresa-de-calcuta\" width=\"230\" height=\"300\" data-recalc-dims=\"1\" \/><\/p>\n<p style=\"text-align: justify;\"><span style=\"color: #000000;\">No <strong>19\u00ba anivers\u00e1rio de sua morte, neste domingo, 4 de setembro, Madre Teresa de Calcut\u00e1 ser\u00e1 elevada \u00e0 gl\u00f3ria dos santos<\/strong>. A fundadora das Mission\u00e1rias das Caridade, congrega\u00e7\u00e3o dedicada a cuidar das pessoas mais pobres, e Pr\u00eamio Nobel da Paz em 1979, ser\u00e1 canonizada pelo Papa Francisco.<\/span><\/p>\n<p style=\"text-align: justify;\"><span style=\"color: #000000;\">Definindo Madre Teresa como um <span style=\"color: #800000;\"><strong>\u201c\u00edcone da miseric\u00f3rdia de Deus<\/strong><\/span>, o Papa decidiu canoniz\u00e1-la este ano. No artigo \u201cSamaritana da miseric\u00f3rdia. Madre Teresa e os Papas\u201d, publicado no L\u2019Osservatore Romano, Lush Gjergji, fala que o Papa Francisco e a Beata Madre Teresa \u201cs\u00e3o espiritualmente duas \u2018lmas g\u00eameas\u2019, porque a orienta\u00e7\u00e3o deles e comportamento evang\u00e9lico \u00e9 baseado na simplicidade, humildade, pobreza, mas sobretudo na f\u00e9 e no amor. \u201cNa Enc\u00edclica Lumen fidei o Papa escreve: <em>\u201cA luz da f\u00e9 n\u00e3o nos faz esquecer os sofrimentos do mundo. Os que sofrem foram mediadores de luz para tantos homens e mulheres de f\u00e9; tal foi o leproso para S\u00e3o Francisco de Assis, ou os pobres para a Beata Teresa de Calcut\u00e1. Compreenderam o mist\u00e9rio que h\u00e1 neles; aproximando-se deles, certamente n\u00e3o cancelaram todos os seus sofrimentos, nem puderam explicar todo o mal. A f\u00e9 n\u00e3o \u00e9 luz que dissipa todas as nossas trevas, mas l\u00e2mpada que guia os nossos passos na noite, e isto basta para o caminho\u201d<\/em>, escreveu.<\/span><\/p>\n<p style=\"text-align: justify;\"><span style=\"color: #000000;\">Anjez\u00eb Gonxhe Bojaxhiu nasceu em 1910, em Skopje, atual capital da Rep\u00fablica da Maced\u00f4nia (situada na antiga Iugosl\u00e1via), e faleceu em setembro de 1997.<\/span><\/p>\n<p style=\"text-align: justify;\"><span style=\"color: #000000;\">Segundo as normas da Igreja Cat\u00f3lica, uma pessoa precisa ter dois milagres oficialmente reconhecidos para se tornar um santo. <strong>O primeiro milagre de Madre Teresa teria acontecido em 1998<\/strong>, quando uma mulher com c\u00e2ncer no est\u00f4mago na \u00cdndia ficou curada depois que seus cuidadores passaram a rezar para a religiosa de origem albanesa. <span style=\"color: #993300;\"><strong>Por conta disso, em 2003, o Papa Jo\u00e3o Paulo II beatificou Madre Teresa<\/strong><\/span>.<\/span><\/p>\n<p style=\"text-align: justify;\"><span style=\"color: #000000;\">J\u00e1 em dezembro do ano passado, o Papa Francisco reconheceu o segundo milagre da beata. De acordo com ele, em <strong>2008, um brasileiro de ent\u00e3o 35 anos foi curado de tumores no c\u00e9rebro<\/strong> depois que sua mulher recebeu uma medalhinha de Madre Teresa e rezou para ela. Em est\u00e1gio terminal, o marido estava internado num hospital em Santos, onde seria operado, mas apresentou melhora s\u00fabita. Ele foi, ent\u00e3o, submetido a nova tomografia, que n\u00e3o encontrou nenhum tumor no c\u00e9rebro.<\/span><\/p>\n<p style=\"text-align: justify;\"><span style=\"color: #000000;\"><strong>O brasileiro \u00a0\u00e9 \u00a0Marcilio Haddad Andrino<\/strong>, um engenheiro paulista, hoje, com 42 anos, residindo com a fam\u00edlia no Rio de Janeiro, onde trabalha como funcion\u00e1rio p\u00fablico federal, algo que n\u00e3o pensou que pudesse ser poss\u00edvel.<\/span><\/p>\n<p style=\"text-align: justify;\">\n<p style=\"text-align: justify;\"><span style=\"color: #000000;\">Outro milagre em sua vida aconteceu quando o m\u00e9dico disse que n\u00e3o tinham possibilidade de ter filhos porque os medicamentos que ele tomou interfeririam nisso. Mas eles pediram a Madre Teresa e t\u00eam dois filhos perfeitos.<\/span><\/p>\n<p style=\"text-align: justify;\"><span style=\"color: #000000;\">O Padre Caetano Rizzi, promotor de Justi\u00e7a no processo diocesano que avaliou o caso do miraculado por intercess\u00e3o de Madre Teresa, afirmou que o homem est\u00e1 bem de sa\u00fade, leva uma vida normal, tem dois filhos e at\u00e9 passou em 1\u00ba lugar num concurso p\u00fablico. \u201cO miraculado estava nesta \u00e9poca do ano, em 2008, passando lua de mel em Gramado (RS), que \u00e9 a minha cidade natal. L\u00e1 em Gramado, ele se sentiu mal e foi levado \u00e0s pressas a Santos, a sua cidade, onde foi internado praticamente em coma, com morfina porque sentia muitas dores. O m\u00e9dico levou-o imediatamente ao centro cir\u00fargico porque a tomografia acusava oito abcessos no c\u00e9rebro. Enquanto ele estava na mesa cir\u00fargica, o m\u00e9dico constatou a falta de um dreno para retirar o l\u00edquido que estava se acumulando. Enquanto o m\u00e9dico buscava o dreno, o paciente voltou a si e perguntou: \u201co que estou fazendo aqui?\u201d. Porque antes de ser internado, a sua esposa, que \u00e9 catequista da par\u00f3quia e que \u00e9 muito cat\u00f3lica, chamou o p\u00e1roco para administrar o sacramento da Un\u00e7\u00e3o. O Padre Almiran foi at\u00e9 o hospital, administrou o Sacramento e deu a eles uma medalhinha de Madre Teresa e disse: rezem a Madre Teresa que ela vai alcan\u00e7ar a gra\u00e7a para voc\u00eas. Eles imediatamente rezaram e colocaram a medalhinha embaixo do travesseiro do paciente, do miraculado. No dia seguinte, ele foi embora: quem deveria sair de l\u00e1 morto\u2026 Porque o m\u00e9dico disse \u00e0 esposa: v\u00e1 para a sua casa, traga os documentos e as roupas porque infelizmente n\u00e3o temos mais o que fazer. E o m\u00e9dico, constatado tudo, no Tribunal, disse: eu n\u00e3o sei explicar. A ci\u00eancia n\u00e3o tem uma palavra para explicar o que aconteceu. De 17 pacientes que eu tratei nesta \u00e1rea, 16 morreram. Somente este sobreviveu. E o m\u00e9dico n\u00e3o \u00e9 crist\u00e3o\u201d, contou o padre.<\/span><\/p>\n<p style=\"text-align: center;\"><span style=\"color: #000000;\"><img decoding=\"async\" loading=\"lazy\" class=\"alignnone size-full wp-image-4488\" src=\"https:\/\/i0.wp.com\/irmasdesaojose.com.br\/portal\/wp-content\/uploads\/2016\/09\/Madre-Teresa-frase-e1472821767625.jpg?resize=700%2C431\" alt=\"Madre Teresa frase\" width=\"700\" height=\"431\" data-recalc-dims=\"1\" \/><\/span><\/p>\n<p style=\"text-align: justify;\"><span style=\"color: #000000;\"><strong>A Fundadora das Mission\u00e1rias da Caridade<\/strong> absorveu o estilo de vida bengali e se dedicou aos pobres e doentes de hansen\u00edase trabalhando nas ruas de Calcut\u00e1 sempre com seu sari branco debruado de azul, a imagem com que o mundo se habituou a v\u00ea-la.<\/span><\/p>\n<p style=\"text-align: justify;\"><span style=\"color: #000000;\">A Congrega\u00e7\u00e3o cresceu rapidamente e hoje conta cerca de 4,5 mil religiosas em mais de 130 pa\u00edses, nos quais mant\u00e9m cerca de 700 casas dedicadas a ajudar os mais desfavorecidos.<\/span><\/p>\n<p style=\"text-align: justify;\"><span style=\"color: #000000;\">Ap\u00f3s o assassinato das quatro mission\u00e1rias em \u00c1den, no I\u00eamen, na sexta-feira (04\/03), as Mission\u00e1rias da Caridade comunicaram na segunda-feira que n\u00e3o abandonar\u00e3o sua obra no pa\u00eds do Oriente M\u00e9dio, e continuar\u00e3o a servir os pobres e necessitados. Al\u00e9m das quatro irm\u00e3s, outros 10 colaboradores locais da comunidade foram mortos. Duas das mission\u00e1rias mortas eram de Ruanda, outra da \u00cdndia e a quarta do Qu\u00eania. A superiora do convento conseguiu escapar com vida, como tamb\u00e9m todos os idosos e deficientes que eram hospedados e atendidos na comunidade.<\/span><\/p>\n<p style=\"text-align: justify;\"><span style=\"color: #000000;\">\u201cMadre Teresa sempre esteve nos rinc\u00f5es mais remotos do mundo, independentemente da situa\u00e7\u00e3o\u201d, recordaram em Calcut\u00e1, na Casa-m\u00e3e da Congrega\u00e7\u00e3o, onde as religiosas celebraram uma Eucaristia em sufr\u00e1gio de suas 4 irm\u00e3s mortas no ataque dos fundamentalistas isl\u00e2micos.<\/span><\/p>\n<p style=\"text-align: justify;\">Texto citado do: <span style=\"color: #0000ff;\">http:\/\/www.franciscanos.org.br\/?p=106012<\/span><\/p>\n","protected":false},"excerpt":{"rendered":"<p>No 19\u00ba anivers\u00e1rio de sua morte, neste domingo, 4 de setembro, Madre Teresa de Calcut\u00e1 ser\u00e1 elevada \u00e0 gl\u00f3ria dos santos. A fundadora das Mission\u00e1rias das Caridade, congrega\u00e7\u00e3o dedicada a cuidar das pessoas mais pobres, e Pr\u00eamio Nobel da Paz em 1979, ser\u00e1 canonizada pelo Papa Francisco. Definindo Madre Teresa como um \u201c\u00edcone da miseric\u00f3rdia [&hellip;]<\/p>\n","protected":false},"author":1,"featured_media":0,"comment_status":"open","ping_status":"open","sticky":false,"template":"","format":"standard","meta":{"_monsterinsights_skip_tracking":false,"_monsterinsights_sitenote_active":false,"_monsterinsights_sitenote_note":"","_monsterinsights_sitenote_category":0,"jetpack_post_was_ever_published":false,"_jetpack_newsletter_access":"","_jetpack_dont_email_post_to_subs":false,"_jetpack_newsletter_tier_id":0,"_jetpack_memberships_contains_paywalled_content":false,"footnotes":"","_jetpack_memberships_contains_paid_content":false,"jetpack_publicize_message":"","jetpack_publicize_feature_enabled":true,"jetpack_social_post_already_shared":true,"jetpack_social_options":{"image_generator_settings":{"template":"highway","enabled":false}}},"categories":[1],"tags":[116,138,136,139,137],"jetpack_publicize_connections":[],"jetpack_featured_media_url":"","jetpack_shortlink":"https:\/\/wp.me\/p4Ftkv-1al","jetpack_sharing_enabled":true,"_links":{"self":[{"href":"http:\/\/irmasdesaojose.com.br\/portal\/wp-json\/wp\/v2\/posts\/4485"}],"collection":[{"href":"http:\/\/irmasdesaojose.com.br\/portal\/wp-json\/wp\/v2\/posts"}],"about":[{"href":"http:\/\/irmasdesaojose.com.br\/portal\/wp-json\/wp\/v2\/types\/post"}],"author":[{"embeddable":true,"href":"http:\/\/irmasdesaojose.com.br\/portal\/wp-json\/wp\/v2\/users\/1"}],"replies":[{"embeddable":true,"href":"http:\/\/irmasdesaojose.com.br\/portal\/wp-json\/wp\/v2\/comments?post=4485"}],"version-history":[{"count":4,"href":"http:\/\/irmasdesaojose.com.br\/portal\/wp-json\/wp\/v2\/posts\/4485\/revisions"}],"predecessor-version":[{"id":7955,"href":"http:\/\/irmasdesaojose.com.br\/portal\/wp-json\/wp\/v2\/posts\/4485\/revisions\/7955"}],"wp:attachment":[{"href":"http:\/\/irmasdesaojose.com.br\/portal\/wp-json\/wp\/v2\/media?parent=4485"}],"wp:term":[{"taxonomy":"category","embeddable":true,"href":"http:\/\/irmasdesaojose.com.br\/portal\/wp-json\/wp\/v2\/categories?post=4485"},{"taxonomy":"post_tag","embeddable":true,"href":"http:\/\/irmasdesaojose.com.br\/portal\/wp-json\/wp\/v2\/tags?post=4485"}],"curies":[{"name":"wp","href":"https:\/\/api.w.org\/{rel}","templated":true}]}}