{"id":4558,"date":"2016-10-07T14:55:32","date_gmt":"2016-10-07T17:55:32","guid":{"rendered":"http:\/\/irmasdesaojose.com.br\/portal\/?p=4558"},"modified":"2016-10-10T22:13:23","modified_gmt":"2016-10-11T01:13:23","slug":"novo-conselho-da-delegacao-brasileira","status":"publish","type":"post","link":"http:\/\/irmasdesaojose.com.br\/portal\/novo-conselho-da-delegacao-brasileira\/","title":{"rendered":"Novo Conselho da Delega\u00e7\u00e3o Brasileira"},"content":{"rendered":"<p style=\"text-align: justify;\"><span style=\"color: #000000;\">No dia <strong>01 de outubro de 2016 aconteceu o an\u00fancio do novo Conselho da Administra\u00e7\u00e3o da Delega\u00e7\u00e3o Brasileira<\/strong> da Congrega\u00e7\u00e3o das Irm\u00e3s de S\u00e3o Jos\u00e9. <\/span><\/p>\n<p style=\"text-align: justify;\"><span style=\"color: #000000;\">Na presen\u00e7a da Superiora da Delega\u00e7\u00e3o Irm\u00e3 Doris Kulik, das Irm\u00e3s da Administra\u00e7\u00e3o, das Irm\u00e3s Superioras das\u00a0nossas Comunidades e das Irm\u00e3s de Curitiba, reunidas na cerim\u00f4nia, as Irm\u00e3s receberam os agradecimentos pelos anos de servi\u00e7o a Delega\u00e7\u00e3o, especialmente Ir. Salvatoris Smaluch, \u00a02\u00aa Conselheira, e Ir. Severina Wiejaczka,\u00a0Econ\u00f4ma\u00a0e uma das primeiras mission\u00e1rias josefitas no Brasil, que est\u00e1 atualmente terminando a sua miss\u00e3o e retornando para a Pol\u00f4nia. <\/span><\/p>\n<p style=\"text-align: center;\">\n<div id=\"slideset-4562-69f2c0d70347b\" class=\"wk-slideset wk-slideset-default\" data-widgetkit=\"slideset\" data-options='{\"style\":\"default\",\"width\":\"auto\",\"height\":\"auto\",\"effect\":\"zoom\",\"index\":0,\"autoplay\":1,\"interval\":5000,\"items_per_set\":1,\"navigation\":1,\"buttons\":0,\"title\":1,\"duration\":300}'>\n\t<div>\n\t\t<div class=\"sets\">\n\t\t\t\t\t\t\t<ul class=\"set\">\n\t\t\t\t\t\t\t\t\t\t\t\t\t\t\t<li>\n\t\t\t\t\t\t<article class=\"wk-content\"><img src=\"https:\/\/i0.wp.com\/irmasdesaojose.com.br\/portal\/wp-content\/uploads\/2016\/10\/Slide2-2.jpg?resize=682%2C491\" alt=\"slide2\" width=\"682\" height=\"491\" class=\"size-full wp-image-4560 aligncenter\" data-recalc-dims=\"1\" \/><\/article>\n\t\t\t\t\t\t\t\t\t\t\t\t<strong class=\"title\"><\/strong>\n\t\t\t\t\t\t\t\t\t\t\t<\/li>\n\t\t\t\t\t\t\t\t\t<\/ul>\n\t\t\t\t\t\t\t\t\t\t\t<ul class=\"set\">\n\t\t\t\t\t\t\t\t\t\t\t\t\t\t\t<li>\n\t\t\t\t\t\t<article class=\"wk-content\"><img src=\"data:image\/gif;base64,R0lGODlhAQABAJEAAAAAAP\/\/\/\/\/\/\/wAAACH5BAEHAAIALAAAAAABAAEAAAICVAEAOw==\" data-src=\"http:\/\/irmasdesaojose.com.br\/portal\/wp-content\/uploads\/2016\/10\/Zdjecia-na-strone.jpg\" alt=\"zdjecia-na-strone\" width=\"682\" height=\"491\" class=\"size-full wp-image-4564 aligncenter\" \/><\/article>\n\t\t\t\t\t\t\t\t\t\t\t\t<strong class=\"title\"><\/strong>\n\t\t\t\t\t\t\t\t\t\t\t<\/li>\n\t\t\t\t\t\t\t\t\t<\/ul>\n\t\t\t\t\t\t\t\t\t\t\t<ul class=\"set\">\n\t\t\t\t\t\t\t\t\t\t\t\t\t\t\t<li>\n\t\t\t\t\t\t<article class=\"wk-content\"><img src=\"data:image\/gif;base64,R0lGODlhAQABAJEAAAAAAP\/\/\/\/\/\/\/wAAACH5BAEHAAIALAAAAAABAAEAAAICVAEAOw==\" data-src=\"http:\/\/irmasdesaojose.com.br\/portal\/wp-content\/uploads\/2016\/10\/Slide3-2.jpg\" alt=\"slide3\" width=\"682\" height=\"491\" class=\"size-full wp-image-4561 aligncenter\" \/><\/article>\n\t\t\t\t\t\t\t\t\t\t\t\t<strong class=\"title\"><\/strong>\n\t\t\t\t\t\t\t\t\t\t\t<\/li>\n\t\t\t\t\t\t\t\t\t<\/ul>\n\t\t\t\t\t\t\t\t\t<\/div>\n\t\t\t<\/div>\n\t\t<ul class=\"nav icon\"><li><span><\/span><\/li><li><span><\/span><\/li><li><span><\/span><\/li><\/ul>\n\t<\/div><\/p>\n<p><span style=\"color: #000000;\">Em seguida foi lido o Decreto de nova nomea\u00e7\u00e3o:<\/span><\/p>\n<p><span style=\"color: #000000;\">Ir. M. Doris Kulik \u00a0&#8211; Superiora da Delega\u00e7\u00e3o Brasileira;<\/span><\/p>\n<p><span style=\"color: #000000;\">Ir. M. Agnieszka Maniak &#8211; 1\u00aa Conselheira;<\/span><\/p>\n<p><span style=\"color: #000000;\">Ir. Joana Jacotensky &#8211; 2\u00aa Conselheira;<\/span><\/p>\n<p><span style=\"color: #000000;\">Ir. Isabel dos Santos Tonholi \u00a0&#8211; Econ\u00f4ma;\u00a0<\/span><\/p>\n<p style=\"text-align: justify;\"><span style=\"color: #000000;\">Irm\u00e3 Doris, em nome do Conselho agradeceu a Deus e a Madre Geral, \u00a0Ir. Jana Przetak, e \u00e0s Irm\u00e3s da Delega\u00e7\u00e3o, pela confian\u00e7a e dirigiu uma palavra para as Irm\u00e3s da Delega\u00e7\u00e3o, expressando o desejo de cumprir a vontade de Deus e pediu a abertura das Irm\u00e3s \u00e0 coopera\u00e7\u00e3o, como tamb\u00e9m ora\u00e7\u00f5es pelo Conselho e toda a Delega\u00e7\u00e3o. Ap\u00f3s, todas as Irm\u00e3s abra\u00e7aram as Irm\u00e3s da Nova Administra\u00e7\u00e3o e continuaram rezando por elas durante a ora\u00e7\u00e3o das V\u00e9speras.\u00a0<\/span><\/p>\n<p style=\"text-align: center;\">\n<div id=\"slideshow-4573-69f2c0d703b2d\" class=\"wk-slideshow wk-slideshow-default\" data-widgetkit=\"slideshow\" data-options='{\"style\":\"default\",\"autoplay\":1,\"interval\":5000,\"width\":\"auto\",\"height\":\"auto\",\"duration\":500,\"index\":0,\"order\":\"default\",\"navigation\":1,\"buttons\":0,\"slices\":20,\"animated\":\"scroll\",\"caption_animation_duration\":500}'>\n\t<div>\n\t\t<ul class=\"slides\">\n\n\t\t\t\t\t\t\t\t\t<li>\n\t\t\t\t<article class=\"wk-content clearfix\"><img src=\"https:\/\/i0.wp.com\/irmasdesaojose.com.br\/portal\/wp-content\/uploads\/2016\/10\/Slide3-3.jpg?resize=682%2C491\" alt=\"slide3\" width=\"682\" height=\"491\" class=\"size-full wp-image-4570 aligncenter\" data-recalc-dims=\"1\" \/><\/article>\n\t\t\t<\/li>\n\t\t\t\t\t\t\t\t\t\t\t\t<li>\n\t\t\t\t<article class=\"wk-content clearfix\"><img src=\"data:image\/gif;base64,R0lGODlhAQABAJEAAAAAAP\/\/\/\/\/\/\/wAAACH5BAEHAAIALAAAAAABAAEAAAICVAEAOw==\" data-src=\"http:\/\/irmasdesaojose.com.br\/portal\/wp-content\/uploads\/2016\/10\/Slide2-3.jpg\" alt=\"slide2\" width=\"682\" height=\"491\" class=\"size-full wp-image-4569 aligncenter\" \/><\/article>\n\t\t\t<\/li>\n\t\t\t\t\t\t\t\t\t\t\t\t<li>\n\t\t\t\t<article class=\"wk-content clearfix\"><img src=\"data:image\/gif;base64,R0lGODlhAQABAJEAAAAAAP\/\/\/\/\/\/\/wAAACH5BAEHAAIALAAAAAABAAEAAAICVAEAOw==\" data-src=\"http:\/\/irmasdesaojose.com.br\/portal\/wp-content\/uploads\/2016\/10\/Slide5-2.jpg\" alt=\"slide5\" width=\"682\" height=\"491\" class=\"size-full wp-image-4572 aligncenter\" \/><\/article>\n\t\t\t<\/li>\n\t\t\t\t\t\t\t\t\t\t\t\t<li>\n\t\t\t\t<article class=\"wk-content clearfix\"><img src=\"data:image\/gif;base64,R0lGODlhAQABAJEAAAAAAP\/\/\/\/\/\/\/wAAACH5BAEHAAIALAAAAAABAAEAAAICVAEAOw==\" data-src=\"http:\/\/irmasdesaojose.com.br\/portal\/wp-content\/uploads\/2016\/10\/Slide1-2.jpg\" alt=\"slide1\" width=\"682\" height=\"491\" class=\"size-full wp-image-4568 aligncenter\" \/><\/article>\n\t\t\t<\/li>\n\t\t\t\t\t\t\t\t<\/ul>\n\t\t\t\t<div class=\"caption\"><\/div><ul class=\"captions\"><li><\/li><li><\/li><li><\/li><li><\/li><\/ul>\n\t<\/div>\n\t<ul class=\"nav\"><li><span><\/span><\/li><li><span><\/span><\/li><li><span><\/span><\/li><li><span><\/span><\/li><\/ul><\/div><\/p>\n<p style=\"text-align: justify;\">\n","protected":false},"excerpt":{"rendered":"<p>No dia 01 de outubro de 2016 aconteceu o an\u00fancio do novo Conselho da Administra\u00e7\u00e3o da Delega\u00e7\u00e3o Brasileira da Congrega\u00e7\u00e3o das Irm\u00e3s de S\u00e3o Jos\u00e9. Na presen\u00e7a da Superiora da Delega\u00e7\u00e3o Irm\u00e3 Doris Kulik, das Irm\u00e3s da Administra\u00e7\u00e3o, das Irm\u00e3s Superioras das\u00a0nossas Comunidades e das Irm\u00e3s de Curitiba, reunidas na cerim\u00f4nia, as Irm\u00e3s receberam os [&hellip;]<\/p>\n","protected":false},"author":1,"featured_media":0,"comment_status":"open","ping_status":"open","sticky":false,"template":"","format":"standard","meta":{"_monsterinsights_skip_tracking":false,"_monsterinsights_sitenote_active":false,"_monsterinsights_sitenote_note":"","_monsterinsights_sitenote_category":0,"jetpack_post_was_ever_published":false,"_jetpack_newsletter_access":"","_jetpack_dont_email_post_to_subs":false,"_jetpack_newsletter_tier_id":0,"_jetpack_memberships_contains_paywalled_content":false,"footnotes":"","_jetpack_memberships_contains_paid_content":false,"jetpack_publicize_message":"","jetpack_publicize_feature_enabled":true,"jetpack_social_post_already_shared":true,"jetpack_social_options":{"image_generator_settings":{"template":"highway","enabled":false}}},"categories":[1],"tags":[150,57,17,110],"jetpack_publicize_connections":[],"jetpack_featured_media_url":"","jetpack_shortlink":"https:\/\/wp.me\/p4Ftkv-1bw","jetpack_sharing_enabled":true,"_links":{"self":[{"href":"http:\/\/irmasdesaojose.com.br\/portal\/wp-json\/wp\/v2\/posts\/4558"}],"collection":[{"href":"http:\/\/irmasdesaojose.com.br\/portal\/wp-json\/wp\/v2\/posts"}],"about":[{"href":"http:\/\/irmasdesaojose.com.br\/portal\/wp-json\/wp\/v2\/types\/post"}],"author":[{"embeddable":true,"href":"http:\/\/irmasdesaojose.com.br\/portal\/wp-json\/wp\/v2\/users\/1"}],"replies":[{"embeddable":true,"href":"http:\/\/irmasdesaojose.com.br\/portal\/wp-json\/wp\/v2\/comments?post=4558"}],"version-history":[{"count":7,"href":"http:\/\/irmasdesaojose.com.br\/portal\/wp-json\/wp\/v2\/posts\/4558\/revisions"}],"predecessor-version":[{"id":4598,"href":"http:\/\/irmasdesaojose.com.br\/portal\/wp-json\/wp\/v2\/posts\/4558\/revisions\/4598"}],"wp:attachment":[{"href":"http:\/\/irmasdesaojose.com.br\/portal\/wp-json\/wp\/v2\/media?parent=4558"}],"wp:term":[{"taxonomy":"category","embeddable":true,"href":"http:\/\/irmasdesaojose.com.br\/portal\/wp-json\/wp\/v2\/categories?post=4558"},{"taxonomy":"post_tag","embeddable":true,"href":"http:\/\/irmasdesaojose.com.br\/portal\/wp-json\/wp\/v2\/tags?post=4558"}],"curies":[{"name":"wp","href":"https:\/\/api.w.org\/{rel}","templated":true}]}}