{"id":4603,"date":"2016-10-11T10:48:51","date_gmt":"2016-10-11T13:48:51","guid":{"rendered":"http:\/\/irmasdesaojose.com.br\/portal\/?p=4603"},"modified":"2016-10-15T21:45:47","modified_gmt":"2016-10-16T01:45:47","slug":"dia-das-criancas-na-ilha-do-governador-rj","status":"publish","type":"post","link":"http:\/\/irmasdesaojose.com.br\/portal\/dia-das-criancas-na-ilha-do-governador-rj\/","title":{"rendered":"Dia das Crian\u00e7as na Ilha do Governador, RJ"},"content":{"rendered":"<p style=\"text-align: justify;\"><span style=\"color: #000080;\"><em><strong>12 de outubro celebramos a festa lit\u00fargica de Nossa Senhora da Concei\u00e7\u00e3o Aparecida, padroeira do Brasil e tamb\u00e9m o dia das crian\u00e7as<\/strong><\/em>. <\/span><\/p>\n<p style=\"text-align: justify;\"><span style=\"color: #000000;\"><strong>No domingo dia 09.10,\u00a0Irm\u00e3 Anita juntamente com um <strong>grupo de catequistas da par\u00f3quia S\u00e3o Sebasti\u00e3o, na Ilha do Governador, Rio de Janeiro,\u00a0<\/strong>prepararam uma festa para as crian\u00e7as da catequese<\/strong><strong>.\u00a0<\/strong><\/span><\/p>\n<p style=\"text-align: justify;\"><span style=\"color: #000000;\">Ap\u00f3s a Santa Missa, as crian\u00e7as reuniram-se no sal\u00e3o paroquial\u00a0juntamente com seus catequistas. &#8220;Demos in\u00edcio\u00a0\u00e0s brincadeiras\u00a0e\u00a0come\u00e7amos a partilhar o lanche, pois\u00a0muitas crian\u00e7as vieram sem ter tomado o caf\u00e9 da manh\u00e3. Enquanto brincavam e se divertiam, nem imaginaram que mais tarde teriam uma agrad\u00e1vel surpresa: a chegada dos palha\u00e7os volunt\u00e1rios, que animaram ainda mais a nossa festinha&#8221;.<\/span><\/p>\n<p style=\"text-align: center;\">\n<div id=\"slideshow-4613-69f2be59a3d72\" class=\"wk-slideshow wk-slideshow-default\" data-widgetkit=\"slideshow\" data-options='{\"style\":\"default\",\"autoplay\":1,\"interval\":5000,\"width\":\"auto\",\"height\":\"auto\",\"duration\":500,\"index\":0,\"order\":\"default\",\"navigation\":1,\"buttons\":0,\"slices\":20,\"animated\":\"slide\",\"caption_animation_duration\":500}'>\n\t<div>\n\t\t<ul class=\"slides\">\n\n\t\t\t\t\t\t\t\t\t<li>\n\t\t\t\t<article class=\"wk-content clearfix\"><img src=\"https:\/\/i0.wp.com\/irmasdesaojose.com.br\/portal\/wp-content\/uploads\/2016\/10\/Slide1-3.jpg?resize=682%2C491\" alt=\"slide1\" width=\"682\" height=\"491\" class=\"size-full wp-image-4604 aligncenter\" data-recalc-dims=\"1\" \/><\/article>\n\t\t\t<\/li>\n\t\t\t\t\t\t\t\t\t\t\t\t<li>\n\t\t\t\t<article class=\"wk-content clearfix\"><img src=\"data:image\/gif;base64,R0lGODlhAQABAJEAAAAAAP\/\/\/\/\/\/\/wAAACH5BAEHAAIALAAAAAABAAEAAAICVAEAOw==\" data-src=\"http:\/\/irmasdesaojose.com.br\/portal\/wp-content\/uploads\/2016\/10\/Slide2-4.jpg\" alt=\"slide2\" width=\"682\" height=\"491\" class=\"size-full wp-image-4605 aligncenter\" \/><\/article>\n\t\t\t<\/li>\n\t\t\t\t\t\t\t\t\t\t\t\t<li>\n\t\t\t\t<article class=\"wk-content clearfix\"><img src=\"data:image\/gif;base64,R0lGODlhAQABAJEAAAAAAP\/\/\/\/\/\/\/wAAACH5BAEHAAIALAAAAAABAAEAAAICVAEAOw==\" data-src=\"http:\/\/irmasdesaojose.com.br\/portal\/wp-content\/uploads\/2016\/10\/Slide3-4.jpg\" alt=\"slide3\" width=\"682\" height=\"491\" class=\"size-full wp-image-4606 aligncenter\" \/><\/article>\n\t\t\t<\/li>\n\t\t\t\t\t\t\t\t\t\t\t\t<li>\n\t\t\t\t<article class=\"wk-content clearfix\"><img src=\"data:image\/gif;base64,R0lGODlhAQABAJEAAAAAAP\/\/\/\/\/\/\/wAAACH5BAEHAAIALAAAAAABAAEAAAICVAEAOw==\" data-src=\"http:\/\/irmasdesaojose.com.br\/portal\/wp-content\/uploads\/2016\/10\/Slide4-3.jpg\" alt=\"slide4\" width=\"682\" height=\"491\" class=\"size-full wp-image-4607 aligncenter\" \/><\/article>\n\t\t\t<\/li>\n\t\t\t\t\t\t\t\t\t\t\t\t<li>\n\t\t\t\t<article class=\"wk-content clearfix\"><img src=\"data:image\/gif;base64,R0lGODlhAQABAJEAAAAAAP\/\/\/\/\/\/\/wAAACH5BAEHAAIALAAAAAABAAEAAAICVAEAOw==\" data-src=\"http:\/\/irmasdesaojose.com.br\/portal\/wp-content\/uploads\/2016\/10\/Slide5-3.jpg\" alt=\"slide5\" width=\"682\" height=\"491\" class=\"size-full wp-image-4608 aligncenter\" \/><\/article>\n\t\t\t<\/li>\n\t\t\t\t\t\t\t\t\t\t\t\t<li>\n\t\t\t\t<article class=\"wk-content clearfix\"><img src=\"data:image\/gif;base64,R0lGODlhAQABAJEAAAAAAP\/\/\/\/\/\/\/wAAACH5BAEHAAIALAAAAAABAAEAAAICVAEAOw==\" data-src=\"http:\/\/irmasdesaojose.com.br\/portal\/wp-content\/uploads\/2016\/10\/Slide6-2.jpg\" alt=\"slide6\" width=\"682\" height=\"491\" class=\"size-full wp-image-4609 aligncenter\" \/><\/article>\n\t\t\t<\/li>\n\t\t\t\t\t\t\t\t\t\t\t\t<li>\n\t\t\t\t<article class=\"wk-content clearfix\"><img src=\"data:image\/gif;base64,R0lGODlhAQABAJEAAAAAAP\/\/\/\/\/\/\/wAAACH5BAEHAAIALAAAAAABAAEAAAICVAEAOw==\" data-src=\"http:\/\/irmasdesaojose.com.br\/portal\/wp-content\/uploads\/2016\/10\/Slide8-1.jpg\" alt=\"slide8\" width=\"682\" height=\"491\" class=\"size-full wp-image-4611 aligncenter\" \/><\/article>\n\t\t\t<\/li>\n\t\t\t\t\t\t\t\t\t\t\t\t<li>\n\t\t\t\t<article class=\"wk-content clearfix\"><img src=\"data:image\/gif;base64,R0lGODlhAQABAJEAAAAAAP\/\/\/\/\/\/\/wAAACH5BAEHAAIALAAAAAABAAEAAAICVAEAOw==\" data-src=\"http:\/\/irmasdesaojose.com.br\/portal\/wp-content\/uploads\/2016\/10\/Slide7-1.jpg\" alt=\"slide7\" width=\"682\" height=\"491\" class=\"size-full wp-image-4610 aligncenter\" \/><\/article>\n\t\t\t<\/li>\n\t\t\t\t\t\t\t\t<\/ul>\n\t\t\t\t<div class=\"caption\"><\/div><ul class=\"captions\"><li><\/li><li><\/li><li><\/li><li><\/li><li><\/li><li><\/li><li><\/li><li><\/li><\/ul>\n\t<\/div>\n\t<ul class=\"nav\"><li><span><\/span><\/li><li><span><\/span><\/li><li><span><\/span><\/li><li><span><\/span><\/li><li><span><\/span><\/li><li><span><\/span><\/li><li><span><\/span><\/li><li><span><\/span><\/li><\/ul><\/div><\/p>\n<p>&nbsp;<\/p>\n","protected":false},"excerpt":{"rendered":"<p>12 de outubro celebramos a festa lit\u00fargica de Nossa Senhora da Concei\u00e7\u00e3o Aparecida, padroeira do Brasil e tamb\u00e9m o dia das crian\u00e7as. No domingo dia 09.10,\u00a0Irm\u00e3 Anita juntamente com um grupo de catequistas da par\u00f3quia S\u00e3o Sebasti\u00e3o, na Ilha do Governador, Rio de Janeiro,\u00a0prepararam uma festa para as crian\u00e7as da catequese.\u00a0 Ap\u00f3s a Santa Missa, [&hellip;]<\/p>\n","protected":false},"author":1,"featured_media":0,"comment_status":"open","ping_status":"open","sticky":false,"template":"","format":"standard","meta":{"_monsterinsights_skip_tracking":false,"_monsterinsights_sitenote_active":false,"_monsterinsights_sitenote_note":"","_monsterinsights_sitenote_category":0,"jetpack_post_was_ever_published":false,"_jetpack_newsletter_access":"","_jetpack_dont_email_post_to_subs":false,"_jetpack_newsletter_tier_id":0,"_jetpack_memberships_contains_paywalled_content":false,"footnotes":"","_jetpack_memberships_contains_paid_content":false,"jetpack_publicize_message":"","jetpack_publicize_feature_enabled":true,"jetpack_social_post_already_shared":true,"jetpack_social_options":{"image_generator_settings":{"template":"highway","enabled":false}}},"categories":[1],"tags":[121,154,153,151,13,69],"jetpack_publicize_connections":[],"jetpack_featured_media_url":"","jetpack_shortlink":"https:\/\/wp.me\/p4Ftkv-1cf","jetpack_sharing_enabled":true,"_links":{"self":[{"href":"http:\/\/irmasdesaojose.com.br\/portal\/wp-json\/wp\/v2\/posts\/4603"}],"collection":[{"href":"http:\/\/irmasdesaojose.com.br\/portal\/wp-json\/wp\/v2\/posts"}],"about":[{"href":"http:\/\/irmasdesaojose.com.br\/portal\/wp-json\/wp\/v2\/types\/post"}],"author":[{"embeddable":true,"href":"http:\/\/irmasdesaojose.com.br\/portal\/wp-json\/wp\/v2\/users\/1"}],"replies":[{"embeddable":true,"href":"http:\/\/irmasdesaojose.com.br\/portal\/wp-json\/wp\/v2\/comments?post=4603"}],"version-history":[{"count":5,"href":"http:\/\/irmasdesaojose.com.br\/portal\/wp-json\/wp\/v2\/posts\/4603\/revisions"}],"predecessor-version":[{"id":4615,"href":"http:\/\/irmasdesaojose.com.br\/portal\/wp-json\/wp\/v2\/posts\/4603\/revisions\/4615"}],"wp:attachment":[{"href":"http:\/\/irmasdesaojose.com.br\/portal\/wp-json\/wp\/v2\/media?parent=4603"}],"wp:term":[{"taxonomy":"category","embeddable":true,"href":"http:\/\/irmasdesaojose.com.br\/portal\/wp-json\/wp\/v2\/categories?post=4603"},{"taxonomy":"post_tag","embeddable":true,"href":"http:\/\/irmasdesaojose.com.br\/portal\/wp-json\/wp\/v2\/tags?post=4603"}],"curies":[{"name":"wp","href":"https:\/\/api.w.org\/{rel}","templated":true}]}}