{"id":4739,"date":"2016-11-23T11:39:34","date_gmt":"2016-11-23T13:39:34","guid":{"rendered":"http:\/\/irmasdesaojose.com.br\/portal\/?p=4739"},"modified":"2016-11-29T20:43:13","modified_gmt":"2016-11-29T22:43:13","slug":"4739-2","status":"publish","type":"post","link":"http:\/\/irmasdesaojose.com.br\/portal\/4739-2\/","title":{"rendered":"Assembl\u00e9ia Pastoral no Setor IV da Diocese de Viana"},"content":{"rendered":"<p style=\"text-align: justify;\"><span style=\"color: #000000;\">Nos dias 19 e 20 de novembro, em Igarap\u00e9 do Meio, na Par\u00f3quia de S\u00e3o Jo\u00e3o Batista, aconteceu\u00a0o encontro da <strong>Assembl\u00e9ia pastoral no Setor IV da Diocese de Viana<\/strong>, na qual a par\u00f3quia de S\u00e3o Francisco Xavier de Mon\u00e7\u00e3o, esteve presente. Nossa <strong>Ir. Rosenilda<\/strong>\u00a0colaborou na organiza\u00e7\u00e3o e realiza\u00e7\u00e3o desta. <\/span><\/p>\n<p style=\"text-align: justify;\"><span style=\"color: #000000;\">O objetivo da\u00a0 Assembl\u00e9ia foi a avalia\u00e7\u00e3o dos trabalhos realizados nas par\u00f3quias no ano de 2016 e o planejamento do plano pastoral para 2017, com a participa\u00e7\u00e3o dos leigos representando as Par\u00f3quias que comp\u00f5em este setor.<\/span><\/p>\n<p style=\"text-align: center;\">\n<div id=\"slideshow-4761-69f2bfaaa4354\" class=\"wk-slideshow wk-slideshow-default\" data-widgetkit=\"slideshow\" data-options='{\"style\":\"default\",\"autoplay\":1,\"interval\":5000,\"width\":\"auto\",\"height\":\"auto\",\"duration\":500,\"index\":0,\"order\":\"default\",\"navigation\":1,\"buttons\":0,\"slices\":20,\"animated\":\"swipe\",\"caption_animation_duration\":500}'>\n\t<div>\n\t\t<ul class=\"slides\">\n\n\t\t\t\t\t\t\t\t\t<li>\n\t\t\t\t<article class=\"wk-content clearfix\"><img src=\"https:\/\/i0.wp.com\/irmasdesaojose.com.br\/portal\/wp-content\/uploads\/2016\/11\/Slide1.jpg?resize=682%2C491\" alt=\"slide1\" width=\"682\" height=\"491\" class=\"size-full wp-image-4756 aligncenter\" data-recalc-dims=\"1\" \/><\/article>\n\t\t\t<\/li>\n\t\t\t\t\t\t\t\t\t\t\t\t<li>\n\t\t\t\t<article class=\"wk-content clearfix\"><img src=\"data:image\/gif;base64,R0lGODlhAQABAJEAAAAAAP\/\/\/\/\/\/\/wAAACH5BAEHAAIALAAAAAABAAEAAAICVAEAOw==\" data-src=\"http:\/\/irmasdesaojose.com.br\/portal\/wp-content\/uploads\/2016\/11\/Slide2-1.jpg\" alt=\"slide2\" width=\"682\" height=\"491\" class=\"size-full wp-image-4757 aligncenter\" \/><\/article>\n\t\t\t<\/li>\n\t\t\t\t\t\t\t\t\t\t\t\t<li>\n\t\t\t\t<article class=\"wk-content clearfix\"><img src=\"data:image\/gif;base64,R0lGODlhAQABAJEAAAAAAP\/\/\/\/\/\/\/wAAACH5BAEHAAIALAAAAAABAAEAAAICVAEAOw==\" data-src=\"http:\/\/irmasdesaojose.com.br\/portal\/wp-content\/uploads\/2016\/11\/Slide3-1.jpg\" alt=\"slide3\" width=\"682\" height=\"491\" class=\"size-full wp-image-4758 aligncenter\" \/><\/article>\n\t\t\t<\/li>\n\t\t\t\t\t\t\t\t\t\t\t\t<li>\n\t\t\t\t<article class=\"wk-content clearfix\"><img src=\"data:image\/gif;base64,R0lGODlhAQABAJEAAAAAAP\/\/\/\/\/\/\/wAAACH5BAEHAAIALAAAAAABAAEAAAICVAEAOw==\" data-src=\"http:\/\/irmasdesaojose.com.br\/portal\/wp-content\/uploads\/2016\/11\/Slide4-1.jpg\" alt=\"slide4\" width=\"682\" height=\"491\" class=\"size-full wp-image-4759 aligncenter\" \/><\/article>\n\t\t\t<\/li>\n\t\t\t\t\t\t\t\t\t\t\t\t<li>\n\t\t\t\t<article class=\"wk-content clearfix\"><img src=\"data:image\/gif;base64,R0lGODlhAQABAJEAAAAAAP\/\/\/\/\/\/\/wAAACH5BAEHAAIALAAAAAABAAEAAAICVAEAOw==\" data-src=\"http:\/\/irmasdesaojose.com.br\/portal\/wp-content\/uploads\/2016\/11\/Slide5-1.jpg\" alt=\"slide5\" width=\"682\" height=\"491\" class=\"size-full wp-image-4760 aligncenter\" \/><\/article>\n\t\t\t<\/li>\n\t\t\t\t\t\t\t\t<\/ul>\n\t\t\t\t<div class=\"caption\"><\/div><ul class=\"captions\"><li><\/li><li><\/li><li><\/li><li><\/li><li><\/li><\/ul>\n\t<\/div>\n\t<ul class=\"nav\"><li><span><\/span><\/li><li><span><\/span><\/li><li><span><\/span><\/li><li><span><\/span><\/li><li><span><\/span><\/li><\/ul><\/div><\/p>\n<p>&nbsp;<\/p>\n","protected":false},"excerpt":{"rendered":"<p>Nos dias 19 e 20 de novembro, em Igarap\u00e9 do Meio, na Par\u00f3quia de S\u00e3o Jo\u00e3o Batista, aconteceu\u00a0o encontro da Assembl\u00e9ia pastoral no Setor IV da Diocese de Viana, na qual a par\u00f3quia de S\u00e3o Francisco Xavier de Mon\u00e7\u00e3o, esteve presente. Nossa Ir. Rosenilda\u00a0colaborou na organiza\u00e7\u00e3o e realiza\u00e7\u00e3o desta. O objetivo da\u00a0 Assembl\u00e9ia foi a [&hellip;]<\/p>\n","protected":false},"author":1,"featured_media":0,"comment_status":"open","ping_status":"open","sticky":false,"template":"","format":"standard","meta":{"_monsterinsights_skip_tracking":false,"_monsterinsights_sitenote_active":false,"_monsterinsights_sitenote_note":"","_monsterinsights_sitenote_category":0,"jetpack_post_was_ever_published":false,"_jetpack_newsletter_access":"","_jetpack_dont_email_post_to_subs":false,"_jetpack_newsletter_tier_id":0,"_jetpack_memberships_contains_paywalled_content":false,"footnotes":"","_jetpack_memberships_contains_paid_content":false,"jetpack_publicize_message":"","jetpack_publicize_feature_enabled":true,"jetpack_social_post_already_shared":true,"jetpack_social_options":{"image_generator_settings":{"template":"highway","enabled":false}}},"categories":[1],"tags":[166,165,35],"jetpack_publicize_connections":[],"jetpack_featured_media_url":"","jetpack_shortlink":"https:\/\/wp.me\/p4Ftkv-1er","jetpack_sharing_enabled":true,"_links":{"self":[{"href":"http:\/\/irmasdesaojose.com.br\/portal\/wp-json\/wp\/v2\/posts\/4739"}],"collection":[{"href":"http:\/\/irmasdesaojose.com.br\/portal\/wp-json\/wp\/v2\/posts"}],"about":[{"href":"http:\/\/irmasdesaojose.com.br\/portal\/wp-json\/wp\/v2\/types\/post"}],"author":[{"embeddable":true,"href":"http:\/\/irmasdesaojose.com.br\/portal\/wp-json\/wp\/v2\/users\/1"}],"replies":[{"embeddable":true,"href":"http:\/\/irmasdesaojose.com.br\/portal\/wp-json\/wp\/v2\/comments?post=4739"}],"version-history":[{"count":5,"href":"http:\/\/irmasdesaojose.com.br\/portal\/wp-json\/wp\/v2\/posts\/4739\/revisions"}],"predecessor-version":[{"id":4762,"href":"http:\/\/irmasdesaojose.com.br\/portal\/wp-json\/wp\/v2\/posts\/4739\/revisions\/4762"}],"wp:attachment":[{"href":"http:\/\/irmasdesaojose.com.br\/portal\/wp-json\/wp\/v2\/media?parent=4739"}],"wp:term":[{"taxonomy":"category","embeddable":true,"href":"http:\/\/irmasdesaojose.com.br\/portal\/wp-json\/wp\/v2\/categories?post=4739"},{"taxonomy":"post_tag","embeddable":true,"href":"http:\/\/irmasdesaojose.com.br\/portal\/wp-json\/wp\/v2\/tags?post=4739"}],"curies":[{"name":"wp","href":"https:\/\/api.w.org\/{rel}","templated":true}]}}