{"id":484,"date":"2014-05-31T22:54:08","date_gmt":"2014-05-31T22:54:08","guid":{"rendered":"http:\/\/irmasdesaojose.com.br\/portal\/?p=484"},"modified":"2014-07-04T19:16:26","modified_gmt":"2014-07-04T19:16:26","slug":"coroacao-de-nossa-senhora","status":"publish","type":"post","link":"http:\/\/irmasdesaojose.com.br\/portal\/coroacao-de-nossa-senhora\/","title":{"rendered":"Coroa\u00e7\u00e3o de Nossa Senhora"},"content":{"rendered":"<p style=\"text-align: justify;\"><span style=\"color: #000000;\">\u00a0 \u00a0 \u00a0 \u00a0No dia 31 de maio foi realizada na Comunidade Sant\u00edssima Trindade, Par\u00f3quia Sant\u00edssima Trindade, S\u00e3o Luis, MA, <strong>uma prociss\u00e3o em homenagem a Nossa Senhora.<\/strong><\/span><\/p>\n<p style=\"text-align: center;\"><a href=\"https:\/\/i0.wp.com\/irmasdesaojose.com.br\/portal\/wp-content\/uploads\/2014\/07\/P31-05-14_17.491-e1404500629336.jpg\"><img decoding=\"async\" loading=\"lazy\" class=\"alignnone wp-image-488 size-full\" src=\"https:\/\/i0.wp.com\/irmasdesaojose.com.br\/portal\/wp-content\/uploads\/2014\/07\/P31-05-14_17.491-e1404500629336.jpg?resize=700%2C411\" alt=\"P31-05-14_17.49\" width=\"700\" height=\"411\" data-recalc-dims=\"1\" \/><\/a><\/p>\n<p style=\"text-align: justify;\"><span style=\"color: #000000;\">\u00a0\u00a0\u00a0\u00a0\u00a0\u00a0\u00a0\u00a0\u00a0\u00a0\u00a0 Durante a caminhada houve cinco paradas e em cada uma delas rezava-se uma dezena do ter\u00e7o. Apesar da forte chuva os fi\u00e9is continuaram a prociss\u00e3o e ao chegarem \u00e0 Igreja <strong>Padre Miguel<\/strong> celebrou a santa Missa com\u00a0eles.<\/span><\/p>\n<p style=\"text-align: justify;\"><span style=\"color: #000000;\">\u00a0\u00a0\u00a0\u00a0\u00a0\u00a0\u00a0\u00a0\u00a0\u00a0\u00a0 <strong>As crian\u00e7as fizeram uma apresenta\u00e7\u00e3o da hist\u00f3ria de Nossa Senhora de F\u00e1tima\u00a0\u00a0e em seguida coroaram a sua imagem.<\/strong><\/span><\/p>\n<p style=\"text-align: center;\"><span style=\"color: #000000;\"><strong><img decoding=\"async\" loading=\"lazy\" class=\"alignnone wp-image-486 size-full\" src=\"https:\/\/i0.wp.com\/irmasdesaojose.com.br\/portal\/wp-content\/uploads\/2014\/07\/DSC05917-e1404500484245.jpg?resize=700%2C393\" alt=\"DSC05917\" width=\"700\" height=\"393\" data-recalc-dims=\"1\" \/><\/strong><\/span><\/p>\n","protected":false},"excerpt":{"rendered":"<p>\u00a0 \u00a0 \u00a0 \u00a0No dia 31 de maio foi realizada na Comunidade Sant\u00edssima Trindade, Par\u00f3quia Sant\u00edssima Trindade, S\u00e3o Luis, MA, uma prociss\u00e3o em homenagem a Nossa Senhora. \u00a0\u00a0\u00a0\u00a0\u00a0\u00a0\u00a0\u00a0\u00a0\u00a0\u00a0 Durante a caminhada houve cinco paradas e em cada uma delas rezava-se uma dezena do ter\u00e7o. Apesar da forte chuva os fi\u00e9is continuaram a prociss\u00e3o e ao [&hellip;]<\/p>\n","protected":false},"author":1,"featured_media":0,"comment_status":"open","ping_status":"open","sticky":false,"template":"","format":"standard","meta":{"_monsterinsights_skip_tracking":false,"_monsterinsights_sitenote_active":false,"_monsterinsights_sitenote_note":"","_monsterinsights_sitenote_category":0,"jetpack_post_was_ever_published":false,"_jetpack_newsletter_access":"","_jetpack_dont_email_post_to_subs":false,"_jetpack_newsletter_tier_id":0,"_jetpack_memberships_contains_paywalled_content":false,"footnotes":"","_jetpack_memberships_contains_paid_content":false,"jetpack_publicize_message":"","jetpack_publicize_feature_enabled":true,"jetpack_social_post_already_shared":true,"jetpack_social_options":{"image_generator_settings":{"template":"highway","enabled":false}}},"categories":[1],"tags":[34,38,40,39],"jetpack_publicize_connections":[],"jetpack_featured_media_url":"","jetpack_shortlink":"https:\/\/wp.me\/p4Ftkv-7O","jetpack_sharing_enabled":true,"_links":{"self":[{"href":"http:\/\/irmasdesaojose.com.br\/portal\/wp-json\/wp\/v2\/posts\/484"}],"collection":[{"href":"http:\/\/irmasdesaojose.com.br\/portal\/wp-json\/wp\/v2\/posts"}],"about":[{"href":"http:\/\/irmasdesaojose.com.br\/portal\/wp-json\/wp\/v2\/types\/post"}],"author":[{"embeddable":true,"href":"http:\/\/irmasdesaojose.com.br\/portal\/wp-json\/wp\/v2\/users\/1"}],"replies":[{"embeddable":true,"href":"http:\/\/irmasdesaojose.com.br\/portal\/wp-json\/wp\/v2\/comments?post=484"}],"version-history":[{"count":3,"href":"http:\/\/irmasdesaojose.com.br\/portal\/wp-json\/wp\/v2\/posts\/484\/revisions"}],"predecessor-version":[{"id":496,"href":"http:\/\/irmasdesaojose.com.br\/portal\/wp-json\/wp\/v2\/posts\/484\/revisions\/496"}],"wp:attachment":[{"href":"http:\/\/irmasdesaojose.com.br\/portal\/wp-json\/wp\/v2\/media?parent=484"}],"wp:term":[{"taxonomy":"category","embeddable":true,"href":"http:\/\/irmasdesaojose.com.br\/portal\/wp-json\/wp\/v2\/categories?post=484"},{"taxonomy":"post_tag","embeddable":true,"href":"http:\/\/irmasdesaojose.com.br\/portal\/wp-json\/wp\/v2\/tags?post=484"}],"curies":[{"name":"wp","href":"https:\/\/api.w.org\/{rel}","templated":true}]}}