{"id":491,"date":"2014-05-11T21:00:50","date_gmt":"2014-05-11T21:00:50","guid":{"rendered":"http:\/\/irmasdesaojose.com.br\/portal\/?p=491"},"modified":"2014-07-04T19:15:14","modified_gmt":"2014-07-04T19:15:14","slug":"comemoracao-do-dia-das-maes","status":"publish","type":"post","link":"http:\/\/irmasdesaojose.com.br\/portal\/comemoracao-do-dia-das-maes\/","title":{"rendered":"Comemora\u00e7\u00e3o do dia das m\u00e3es"},"content":{"rendered":"<p style=\"text-align: justify;\"><span style=\"color: #000000;\">\u00a0 \u00a0 \u00a0 \u00a0 \u00a0 \u00a0 \u00a0No dia 11 de maio, na Comunidade Nossa Senhora M\u00e3e de Deus, Par\u00f3quia Sant\u00edssima Trindade, S\u00e3o Luis, MA, houve <strong>a Santa Missa celebrada pelo Padre Miguel em a\u00e7\u00e3o de gra\u00e7as pelas m\u00e3es.<\/strong><\/span><\/p>\n<p style=\"text-align: center;\"><a href=\"https:\/\/i0.wp.com\/irmasdesaojose.com.br\/portal\/wp-content\/uploads\/2014\/07\/229-e1404501132919.jpg\"><img decoding=\"async\" loading=\"lazy\" class=\"alignnone wp-image-493 size-full\" src=\"https:\/\/i0.wp.com\/irmasdesaojose.com.br\/portal\/wp-content\/uploads\/2014\/07\/229-e1404501132919.jpg?resize=700%2C367\" alt=\"229\" width=\"700\" height=\"367\" data-recalc-dims=\"1\" \/><\/a><\/p>\n<p>&nbsp;<\/p>\n<p style=\"text-align: justify;\">\n<p style=\"text-align: justify;\"><span style=\"color: #000000;\">\u00a0\u00a0\u00a0\u00a0\u00a0\u00a0\u00a0\u00a0\u00a0\u00a0\u00a0 Durante o ofert\u00f3rio as crian\u00e7as levaram at\u00e9 o altar lembran\u00e7as para serem aben\u00e7oadas e no final da Celebra\u00e7\u00e3o Eucar\u00edstica entregaram para as m\u00e3es que se faziam presente.<\/span><\/p>\n<p style=\"text-align: justify;\"><span style=\"color: #000000;\">\u00a0\u00a0\u00a0\u00a0\u00a0\u00a0\u00a0\u00a0\u00a0\u00a0\u00a0 <strong>Ao t\u00e9rmino da Santa Missa, as crian\u00e7as motivadas por Ir. Zyta Golonka, apresentaram duas coreografias e\u00a0homenagearam todas as m\u00e3es.<\/strong> Em seguida houve uma pequena confraterniza\u00e7\u00e3o e um momento de descontra\u00e7\u00e3o entre as fam\u00edlias.<\/span><\/p>\n<p><a href=\"https:\/\/i0.wp.com\/irmasdesaojose.com.br\/portal\/wp-content\/uploads\/2014\/07\/234-e1404501051251.jpg\"><img decoding=\"async\" loading=\"lazy\" class=\"wp-image-494 size-full aligncenter\" src=\"https:\/\/i0.wp.com\/irmasdesaojose.com.br\/portal\/wp-content\/uploads\/2014\/07\/234-e1404501051251.jpg?resize=700%2C331\" alt=\"234\" width=\"700\" height=\"331\" data-recalc-dims=\"1\" \/><\/a> <a href=\"https:\/\/i0.wp.com\/irmasdesaojose.com.br\/portal\/wp-content\/uploads\/2014\/07\/228-e1404501143696.jpg\"><img decoding=\"async\" loading=\"lazy\" class=\"wp-image-492 size-full aligncenter\" src=\"https:\/\/i0.wp.com\/irmasdesaojose.com.br\/portal\/wp-content\/uploads\/2014\/07\/228-e1404501143696.jpg?resize=700%2C525\" alt=\"228\" width=\"700\" height=\"525\" data-recalc-dims=\"1\" \/><\/a><\/p>\n","protected":false},"excerpt":{"rendered":"<p>\u00a0 \u00a0 \u00a0 \u00a0 \u00a0 \u00a0 \u00a0No dia 11 de maio, na Comunidade Nossa Senhora M\u00e3e de Deus, Par\u00f3quia Sant\u00edssima Trindade, S\u00e3o Luis, MA, houve a Santa Missa celebrada pelo Padre Miguel em a\u00e7\u00e3o de gra\u00e7as pelas m\u00e3es. &nbsp; \u00a0\u00a0\u00a0\u00a0\u00a0\u00a0\u00a0\u00a0\u00a0\u00a0\u00a0 Durante o ofert\u00f3rio as crian\u00e7as levaram at\u00e9 o altar lembran\u00e7as para serem aben\u00e7oadas e no [&hellip;]<\/p>\n","protected":false},"author":1,"featured_media":0,"comment_status":"open","ping_status":"open","sticky":false,"template":"","format":"standard","meta":{"_monsterinsights_skip_tracking":false,"_monsterinsights_sitenote_active":false,"_monsterinsights_sitenote_note":"","_monsterinsights_sitenote_category":0,"jetpack_post_was_ever_published":false,"_jetpack_newsletter_access":"","_jetpack_dont_email_post_to_subs":false,"_jetpack_newsletter_tier_id":0,"_jetpack_memberships_contains_paywalled_content":false,"footnotes":"","_jetpack_memberships_contains_paid_content":false,"jetpack_publicize_message":"","jetpack_publicize_feature_enabled":true,"jetpack_social_post_already_shared":true,"jetpack_social_options":{"image_generator_settings":{"template":"highway","enabled":false}}},"categories":[1],"tags":[34,37,6,33,36,13,35],"jetpack_publicize_connections":[],"jetpack_featured_media_url":"","jetpack_shortlink":"https:\/\/wp.me\/p4Ftkv-7V","jetpack_sharing_enabled":true,"_links":{"self":[{"href":"http:\/\/irmasdesaojose.com.br\/portal\/wp-json\/wp\/v2\/posts\/491"}],"collection":[{"href":"http:\/\/irmasdesaojose.com.br\/portal\/wp-json\/wp\/v2\/posts"}],"about":[{"href":"http:\/\/irmasdesaojose.com.br\/portal\/wp-json\/wp\/v2\/types\/post"}],"author":[{"embeddable":true,"href":"http:\/\/irmasdesaojose.com.br\/portal\/wp-json\/wp\/v2\/users\/1"}],"replies":[{"embeddable":true,"href":"http:\/\/irmasdesaojose.com.br\/portal\/wp-json\/wp\/v2\/comments?post=491"}],"version-history":[{"count":1,"href":"http:\/\/irmasdesaojose.com.br\/portal\/wp-json\/wp\/v2\/posts\/491\/revisions"}],"predecessor-version":[{"id":495,"href":"http:\/\/irmasdesaojose.com.br\/portal\/wp-json\/wp\/v2\/posts\/491\/revisions\/495"}],"wp:attachment":[{"href":"http:\/\/irmasdesaojose.com.br\/portal\/wp-json\/wp\/v2\/media?parent=491"}],"wp:term":[{"taxonomy":"category","embeddable":true,"href":"http:\/\/irmasdesaojose.com.br\/portal\/wp-json\/wp\/v2\/categories?post=491"},{"taxonomy":"post_tag","embeddable":true,"href":"http:\/\/irmasdesaojose.com.br\/portal\/wp-json\/wp\/v2\/tags?post=491"}],"curies":[{"name":"wp","href":"https:\/\/api.w.org\/{rel}","templated":true}]}}