{"id":497,"date":"2014-05-18T19:00:35","date_gmt":"2014-05-18T19:00:35","guid":{"rendered":"http:\/\/irmasdesaojose.com.br\/portal\/?p=497"},"modified":"2014-07-04T19:22:46","modified_gmt":"2014-07-04T19:22:46","slug":"pastoral-da-juventude-da-cidade-olimpica-recebe-formacao","status":"publish","type":"post","link":"http:\/\/irmasdesaojose.com.br\/portal\/pastoral-da-juventude-da-cidade-olimpica-recebe-formacao\/","title":{"rendered":"Pastoral da Juventude da Cidade Ol\u00edmpica recebe forma\u00e7\u00e3o"},"content":{"rendered":"<p style=\"text-align: justify;\"><span style=\"color: #000000;\">\u00a0 \u00a0 \u00a0 \u00a0 \u00a0 Aconteceu no dia 17 de\u00a0maio na Par\u00f3quia Sant\u00edssima Trindade, em S\u00e3o Luis, MA, uma <strong>forma\u00e7\u00e3o sobre a Identidade da Pastoral da Juventude.<\/strong><\/span><\/p>\n<p style=\"text-align: center;\"><a href=\"https:\/\/i0.wp.com\/irmasdesaojose.com.br\/portal\/wp-content\/uploads\/2014\/07\/IMG_4210-e1404501559768.jpg\"><img decoding=\"async\" loading=\"lazy\" class=\"alignnone wp-image-500 size-full\" src=\"https:\/\/i0.wp.com\/irmasdesaojose.com.br\/portal\/wp-content\/uploads\/2014\/07\/IMG_4210-e1404501559768.jpg?resize=700%2C394\" alt=\"IMG_4210\" width=\"700\" height=\"394\" data-recalc-dims=\"1\" \/><\/a><\/p>\n<p style=\"text-align: justify;\"><span style=\"color: #000000;\">\u00a0\u00a0\u00a0\u00a0\u00a0\u00a0\u00a0\u00a0\u00a0\u00a0\u00a0 O encontro de forma\u00e7\u00e3o foi iniciado com o Of\u00edcio Divino da Juventude, conduzido pelos coordenadores <strong>Marcos, Maria, Ir. Paula e Bianca<\/strong>. Logo ap\u00f3s, houve uma palestra ministrada pela assessora referencial do Setor Calabriano da Juventude (SECAJU) e membro da equipe de assessores arquidiocesanos da PJ de S\u00e3o Luis (EAAPJ), <strong>Gesiane Cristina<\/strong>, para cerca de 40 jovens dos grupos de base da par\u00f3quia.<\/span><\/p>\n<p style=\"text-align: justify;\"><span style=\"color: #000000;\">\u00a0\u00a0\u00a0\u00a0\u00a0\u00a0\u00a0\u00a0\u00a0\u00a0\u00a0 Desenvolvida em tr\u00eas momentos, intercalados entre viv\u00eancia e teoria, a forma\u00e7\u00e3o contou com a <strong>satisfat\u00f3ria participa\u00e7\u00e3o do Padre Andr\u00e9 e da juventude da\u00a0par\u00f3quia.<\/strong><\/span><\/p>\n<p style=\"text-align: center;\"><a href=\"https:\/\/i0.wp.com\/irmasdesaojose.com.br\/portal\/wp-content\/uploads\/2014\/07\/IMG_4156-e1404501549434.jpg\"><img decoding=\"async\" loading=\"lazy\" class=\"alignnone size-medium wp-image-499\" src=\"https:\/\/i0.wp.com\/irmasdesaojose.com.br\/portal\/wp-content\/uploads\/2014\/07\/IMG_4156.jpg?resize=300%2C168\" alt=\"IMG_4156\" width=\"300\" height=\"168\" data-recalc-dims=\"1\" \/><\/a> <a href=\"https:\/\/i0.wp.com\/irmasdesaojose.com.br\/portal\/wp-content\/uploads\/2014\/07\/IMG_4134-e1404501537630.jpg\"><img decoding=\"async\" loading=\"lazy\" class=\"alignnone size-medium wp-image-498\" src=\"https:\/\/i0.wp.com\/irmasdesaojose.com.br\/portal\/wp-content\/uploads\/2014\/07\/IMG_4134.jpg?resize=300%2C168\" alt=\"IMG_4134\" width=\"300\" height=\"168\" data-recalc-dims=\"1\" \/><\/a><\/p>\n<p style=\"text-align: justify;\"><span style=\"color: #000000;\">\u00a0\u00a0\u00a0\u00a0\u00a0\u00a0\u00a0\u00a0\u00a0\u00a0\u00a0 A coordena\u00e7\u00e3o est\u00e1 se engajando para conduzir bem a juventude desta Par\u00f3quia no caminho de\u00a0\u00a0empenhar-se\u00a0\u00a0e testemunhar com\u00a0\u00a0alegria\u00a0a viv\u00eancia\u00a0\u00a0do Evangelho.<\/span><\/p>\n<p style=\"text-align: center;\"><a href=\"https:\/\/i0.wp.com\/irmasdesaojose.com.br\/portal\/wp-content\/uploads\/2014\/07\/IMG_4218-e1404501571481.jpg\"><img decoding=\"async\" loading=\"lazy\" class=\"alignnone wp-image-501 size-full\" src=\"https:\/\/i0.wp.com\/irmasdesaojose.com.br\/portal\/wp-content\/uploads\/2014\/07\/IMG_4218-e1404501571481.jpg?resize=700%2C394\" alt=\"IMG_4218\" width=\"700\" height=\"394\" data-recalc-dims=\"1\" \/><\/a><\/p>\n","protected":false},"excerpt":{"rendered":"<p>\u00a0 \u00a0 \u00a0 \u00a0 \u00a0 Aconteceu no dia 17 de\u00a0maio na Par\u00f3quia Sant\u00edssima Trindade, em S\u00e3o Luis, MA, uma forma\u00e7\u00e3o sobre a Identidade da Pastoral da Juventude. \u00a0\u00a0\u00a0\u00a0\u00a0\u00a0\u00a0\u00a0\u00a0\u00a0\u00a0 O encontro de forma\u00e7\u00e3o foi iniciado com o Of\u00edcio Divino da Juventude, conduzido pelos coordenadores Marcos, Maria, Ir. Paula e Bianca. Logo ap\u00f3s, houve uma palestra ministrada [&hellip;]<\/p>\n","protected":false},"author":1,"featured_media":0,"comment_status":"open","ping_status":"open","sticky":false,"template":"","format":"standard","meta":{"_monsterinsights_skip_tracking":false,"_monsterinsights_sitenote_active":false,"_monsterinsights_sitenote_note":"","_monsterinsights_sitenote_category":0,"jetpack_post_was_ever_published":false,"_jetpack_newsletter_access":"","_jetpack_dont_email_post_to_subs":false,"_jetpack_newsletter_tier_id":0,"_jetpack_memberships_contains_paywalled_content":false,"footnotes":"","_jetpack_memberships_contains_paid_content":false,"jetpack_publicize_message":"","jetpack_publicize_feature_enabled":true,"jetpack_social_post_already_shared":true,"jetpack_social_options":{"image_generator_settings":{"template":"highway","enabled":false}}},"categories":[1],"tags":[34,13,42,41,43],"jetpack_publicize_connections":[],"jetpack_featured_media_url":"","jetpack_shortlink":"https:\/\/wp.me\/p4Ftkv-81","jetpack_sharing_enabled":true,"_links":{"self":[{"href":"http:\/\/irmasdesaojose.com.br\/portal\/wp-json\/wp\/v2\/posts\/497"}],"collection":[{"href":"http:\/\/irmasdesaojose.com.br\/portal\/wp-json\/wp\/v2\/posts"}],"about":[{"href":"http:\/\/irmasdesaojose.com.br\/portal\/wp-json\/wp\/v2\/types\/post"}],"author":[{"embeddable":true,"href":"http:\/\/irmasdesaojose.com.br\/portal\/wp-json\/wp\/v2\/users\/1"}],"replies":[{"embeddable":true,"href":"http:\/\/irmasdesaojose.com.br\/portal\/wp-json\/wp\/v2\/comments?post=497"}],"version-history":[{"count":1,"href":"http:\/\/irmasdesaojose.com.br\/portal\/wp-json\/wp\/v2\/posts\/497\/revisions"}],"predecessor-version":[{"id":502,"href":"http:\/\/irmasdesaojose.com.br\/portal\/wp-json\/wp\/v2\/posts\/497\/revisions\/502"}],"wp:attachment":[{"href":"http:\/\/irmasdesaojose.com.br\/portal\/wp-json\/wp\/v2\/media?parent=497"}],"wp:term":[{"taxonomy":"category","embeddable":true,"href":"http:\/\/irmasdesaojose.com.br\/portal\/wp-json\/wp\/v2\/categories?post=497"},{"taxonomy":"post_tag","embeddable":true,"href":"http:\/\/irmasdesaojose.com.br\/portal\/wp-json\/wp\/v2\/tags?post=497"}],"curies":[{"name":"wp","href":"https:\/\/api.w.org\/{rel}","templated":true}]}}