{"id":512,"date":"2014-05-25T23:00:18","date_gmt":"2014-05-25T23:00:18","guid":{"rendered":"http:\/\/irmasdesaojose.com.br\/portal\/?p=512"},"modified":"2014-07-04T19:46:09","modified_gmt":"2014-07-04T19:46:09","slug":"encontro-do-sub-nucleo-portao","status":"publish","type":"post","link":"http:\/\/irmasdesaojose.com.br\/portal\/encontro-do-sub-nucleo-portao\/","title":{"rendered":"Encontro do Sub-n\u00facleo Port\u00e3o"},"content":{"rendered":"<p style=\"text-align: justify;\"><span style=\"color: #000000;\">\u00a0 \u00a0 \u00a0 \u00a0 \u00a0 \u00a0 \u00a0 \u00a0 \u00a0O <strong>encontro da CRB (Confer\u00eancia dos Religiosos do Brasil)<\/strong> de todas as Congrega\u00e7\u00f5es do setor Port\u00e3o foi realizado no dia 25 de maio na casa da Congrega\u00e7\u00e3o das Irm\u00e3s de S\u00e3o Jos\u00e9.<\/span><\/p>\n<p style=\"text-align: justify;\"><a href=\"https:\/\/i0.wp.com\/irmasdesaojose.com.br\/portal\/wp-content\/uploads\/2014\/07\/IMG_1716-e1404503022461.jpg\"><img decoding=\"async\" loading=\"lazy\" class=\"aligncenter wp-image-513 size-full\" src=\"https:\/\/i0.wp.com\/irmasdesaojose.com.br\/portal\/wp-content\/uploads\/2014\/07\/IMG_1716-e1404503022461.jpg?resize=700%2C282\" alt=\"IMG_1716\" width=\"700\" height=\"282\" data-recalc-dims=\"1\" \/><\/a><\/p>\n<p style=\"text-align: justify;\"><span style=\"color: #000000;\">\u00a0\u00a0\u00a0\u00a0\u00a0\u00a0\u00a0\u00a0\u00a0\u00a0\u00a0 A casa Religiosa que acolhe as demais Congrega\u00e7\u00f5es fica respons\u00e1vel pelo momento da espiritualidade. Assim, as Irm\u00e3s prepararam um momento de ora\u00e7\u00e3o com Maria Sant\u00edssima. Ap\u00f3s este momento, o Padre Neto, da Congrega\u00e7\u00e3o dos Oblatos de S\u00e3o Jos\u00e9 e o Padre S\u00e1vio, da Congrega\u00e7\u00e3o dos Combonianos, falaram um pouco sobre o ano mission\u00e1rio de 2015, na Arquidiocese de Curitiba, PR.<\/span><\/p>\n<p style=\"text-align: justify;\"><!--more--><\/p>\n<p style=\"text-align: justify;\"><span style=\"color: #000000;\">\u00a0\u00a0\u00a0\u00a0\u00a0\u00a0\u00a0\u00a0\u00a0\u00a0\u00a0 <strong>Este momento tamb\u00e9m \u00e9 aproveitado para partilhar sobre os diversos trabalhos que s\u00e3o realizados pelos religiosos.<\/strong> \u00c9 um momento onde cada religioso se enriquece com a partilha que \u00e9 feita. E para finalizar o encontro nada melhor do que partilhar o alimento recebido da bondade de Deus.<\/span><\/p>\n<p style=\"text-align: justify;\"><a href=\"https:\/\/i0.wp.com\/irmasdesaojose.com.br\/portal\/wp-content\/uploads\/2014\/07\/IMG_1720-e1404503076682.jpg\"><img decoding=\"async\" loading=\"lazy\" class=\"aligncenter wp-image-514 size-full\" src=\"https:\/\/i0.wp.com\/irmasdesaojose.com.br\/portal\/wp-content\/uploads\/2014\/07\/IMG_1720-e1404503076682.jpg?resize=700%2C394\" alt=\"IMG_1720\" width=\"700\" height=\"394\" data-recalc-dims=\"1\" \/><\/a><\/p>\n<p style=\"text-align: justify;\"><span style=\"color: #000000;\">\u00a0\u00a0\u00a0\u00a0\u00a0\u00a0\u00a0\u00a0\u00a0\u00a0\u00a0 O encontro acontece para unir as Congrega\u00e7\u00f5es, no enriquecimento de carismas e dons, para momentos de partilhas, de lazer, divers\u00e3o e tamb\u00e9m para a busca de Deus.\u00a0\u00a0<\/span><\/p>\n","protected":false},"excerpt":{"rendered":"<p>\u00a0 \u00a0 \u00a0 \u00a0 \u00a0 \u00a0 \u00a0 \u00a0 \u00a0O encontro da CRB (Confer\u00eancia dos Religiosos do Brasil) de todas as Congrega\u00e7\u00f5es do setor Port\u00e3o foi realizado no dia 25 de maio na casa da Congrega\u00e7\u00e3o das Irm\u00e3s de S\u00e3o Jos\u00e9. \u00a0\u00a0\u00a0\u00a0\u00a0\u00a0\u00a0\u00a0\u00a0\u00a0\u00a0 A casa Religiosa que acolhe as demais Congrega\u00e7\u00f5es fica respons\u00e1vel pelo momento da espiritualidade. [&hellip;]<\/p>\n","protected":false},"author":1,"featured_media":0,"comment_status":"open","ping_status":"open","sticky":false,"template":"","format":"standard","meta":{"_monsterinsights_skip_tracking":false,"_monsterinsights_sitenote_active":false,"_monsterinsights_sitenote_note":"","_monsterinsights_sitenote_category":0,"jetpack_post_was_ever_published":false,"_jetpack_newsletter_access":"","_jetpack_dont_email_post_to_subs":false,"_jetpack_newsletter_tier_id":0,"_jetpack_memberships_contains_paywalled_content":false,"footnotes":"","_jetpack_memberships_contains_paid_content":false,"jetpack_publicize_message":"","jetpack_publicize_feature_enabled":true,"jetpack_social_post_already_shared":true,"jetpack_social_options":{"image_generator_settings":{"template":"highway","enabled":false}}},"categories":[1],"tags":[47,17,16,13,46],"jetpack_publicize_connections":[],"jetpack_featured_media_url":"","jetpack_shortlink":"https:\/\/wp.me\/p4Ftkv-8g","jetpack_sharing_enabled":true,"_links":{"self":[{"href":"http:\/\/irmasdesaojose.com.br\/portal\/wp-json\/wp\/v2\/posts\/512"}],"collection":[{"href":"http:\/\/irmasdesaojose.com.br\/portal\/wp-json\/wp\/v2\/posts"}],"about":[{"href":"http:\/\/irmasdesaojose.com.br\/portal\/wp-json\/wp\/v2\/types\/post"}],"author":[{"embeddable":true,"href":"http:\/\/irmasdesaojose.com.br\/portal\/wp-json\/wp\/v2\/users\/1"}],"replies":[{"embeddable":true,"href":"http:\/\/irmasdesaojose.com.br\/portal\/wp-json\/wp\/v2\/comments?post=512"}],"version-history":[{"count":2,"href":"http:\/\/irmasdesaojose.com.br\/portal\/wp-json\/wp\/v2\/posts\/512\/revisions"}],"predecessor-version":[{"id":516,"href":"http:\/\/irmasdesaojose.com.br\/portal\/wp-json\/wp\/v2\/posts\/512\/revisions\/516"}],"wp:attachment":[{"href":"http:\/\/irmasdesaojose.com.br\/portal\/wp-json\/wp\/v2\/media?parent=512"}],"wp:term":[{"taxonomy":"category","embeddable":true,"href":"http:\/\/irmasdesaojose.com.br\/portal\/wp-json\/wp\/v2\/categories?post=512"},{"taxonomy":"post_tag","embeddable":true,"href":"http:\/\/irmasdesaojose.com.br\/portal\/wp-json\/wp\/v2\/tags?post=512"}],"curies":[{"name":"wp","href":"https:\/\/api.w.org\/{rel}","templated":true}]}}