{"id":517,"date":"2014-06-09T13:28:20","date_gmt":"2014-06-09T13:28:20","guid":{"rendered":"http:\/\/irmasdesaojose.com.br\/portal\/?p=517"},"modified":"2014-07-08T17:44:08","modified_gmt":"2014-07-08T17:44:08","slug":"encontro-do-juninter","status":"publish","type":"post","link":"http:\/\/irmasdesaojose.com.br\/portal\/encontro-do-juninter\/","title":{"rendered":"Encontro do Juninter"},"content":{"rendered":"<p><span style=\"color: #000000;\">\u00a0 \u00a0 \u00a0 \u00a0 \u00a0 \u00a0 \u00a0<a href=\"https:\/\/i0.wp.com\/irmasdesaojose.com.br\/portal\/wp-content\/uploads\/2014\/07\/037-e1404566645652.jpg\"><img decoding=\"async\" loading=\"lazy\" class=\"aligncenter wp-image-522 size-full\" src=\"https:\/\/i0.wp.com\/irmasdesaojose.com.br\/portal\/wp-content\/uploads\/2014\/07\/037-e1404566645652.jpg?resize=700%2C386\" alt=\"037\" width=\"700\" height=\"386\" data-recalc-dims=\"1\" \/><\/a><\/span><\/p>\n<p style=\"text-align: justify;\"><span style=\"color: #000000;\">\u00a0 \u00a0 \u00a0 \u00a0 \u00a0 \u00a0Entre os dias <strong>06 a 08 de junho<\/strong> em S\u00e3o Luis, MA\u00a0\u00a0na casa Regional das Irm\u00e3s de S\u00e3o Jos\u00e9 de S\u00e3o Jacinto, <strong>aconteceu o encontro do Juninter. <\/strong><\/span><\/p>\n<p style=\"text-align: justify;\"><span style=\"color: #000000;\">\u00a0\u00a0\u00a0\u00a0\u00a0\u00a0\u00a0\u00a0\u00a0\u00a0\u00a0 Os religiosos, da etapa de forma\u00e7\u00e3o do juniorado, que chegaram de v\u00e1rias cidades do Maranh\u00e3o, tiveram como assessor o <strong>Padre Djalma L\u00facio Magalh\u00e3es Tuniz, que desenvolveu o tema do encontro: Espiritualidade e M\u00edstica da Vida Religiosa Consagrada.<\/strong><\/span><\/p>\n<p style=\"text-align: justify;\"><!--more--><\/p>\n<p style=\"text-align: justify;\"><span style=\"color: #000000;\">\u00a0\u00a0\u00a0\u00a0\u00a0\u00a0\u00a0\u00a0\u00a0\u00a0\u00a0 Durante o encontro, houve momentos de ora\u00e7\u00e3o, partilhas e debates\u00a0sobre o tema\u00a0\u00a0do encontro. <strong>Diariamente celebravam tamb\u00e9m a Santa Missa.<\/strong><\/span><\/p>\n<p><a href=\"https:\/\/i0.wp.com\/irmasdesaojose.com.br\/portal\/wp-content\/uploads\/2014\/07\/018-e1404566607887.jpg\"><img decoding=\"async\" loading=\"lazy\" class=\"aligncenter wp-image-519 size-full\" src=\"https:\/\/i0.wp.com\/irmasdesaojose.com.br\/portal\/wp-content\/uploads\/2014\/07\/018-e1404566607887.jpg?resize=700%2C348\" alt=\"018\" width=\"700\" height=\"348\" data-recalc-dims=\"1\" \/><\/a>\u00a0\u00a0<a href=\"https:\/\/i0.wp.com\/irmasdesaojose.com.br\/portal\/wp-content\/uploads\/2014\/07\/015-e1404566594220.jpg\"><img decoding=\"async\" loading=\"lazy\" class=\"aligncenter wp-image-518 size-full\" src=\"https:\/\/i0.wp.com\/irmasdesaojose.com.br\/portal\/wp-content\/uploads\/2014\/07\/015-e1404566594220.jpg?resize=700%2C300\" alt=\"015\" width=\"700\" height=\"300\" data-recalc-dims=\"1\" \/><\/a>\u00a0<a href=\"https:\/\/i0.wp.com\/irmasdesaojose.com.br\/portal\/wp-content\/uploads\/2014\/07\/019-e1404566622938.jpg\"><img decoding=\"async\" loading=\"lazy\" class=\"aligncenter wp-image-520 size-full\" src=\"https:\/\/i0.wp.com\/irmasdesaojose.com.br\/portal\/wp-content\/uploads\/2014\/07\/019-e1404566622938.jpg?resize=700%2C296\" alt=\"019\" width=\"700\" height=\"296\" data-recalc-dims=\"1\" \/><\/a>\u00a0<a href=\"http:\/\/irmasdesaojose.com.br\/portal\/wp-content\/uploads\/2014\/07\/020-e1404566634657.jpg\"><br \/>\n<\/a><\/p>\n<p style=\"text-align: justify;\"><span style=\"color: #000000;\">\u00a0\u00a0\u00a0\u00a0\u00a0\u00a0\u00a0\u00a0\u00a0\u00a0\u00a0 Num dos momentos de recrea\u00e7\u00e3o, os junioristas tiveram a noite cultural, onde comemoraram a festa junina e saborearam comidas t\u00edpicas do Maranh\u00e3o.<\/span><\/p>\n<p style=\"text-align: center;\"><a href=\"https:\/\/i0.wp.com\/irmasdesaojose.com.br\/portal\/wp-content\/uploads\/2014\/07\/020-e1404566634657.jpg\"><img decoding=\"async\" loading=\"lazy\" class=\"aligncenter wp-image-521 size-full\" src=\"https:\/\/i0.wp.com\/irmasdesaojose.com.br\/portal\/wp-content\/uploads\/2014\/07\/020-e1404566634657.jpg?resize=700%2C407\" alt=\"020\" width=\"700\" height=\"407\" data-recalc-dims=\"1\" \/><\/a><\/p>\n","protected":false},"excerpt":{"rendered":"<p>\u00a0 \u00a0 \u00a0 \u00a0 \u00a0 \u00a0 \u00a0 \u00a0 \u00a0 \u00a0 \u00a0 \u00a0 \u00a0Entre os dias 06 a 08 de junho em S\u00e3o Luis, MA\u00a0\u00a0na casa Regional das Irm\u00e3s de S\u00e3o Jos\u00e9 de S\u00e3o Jacinto, aconteceu o encontro do Juninter. \u00a0\u00a0\u00a0\u00a0\u00a0\u00a0\u00a0\u00a0\u00a0\u00a0\u00a0 Os religiosos, da etapa de forma\u00e7\u00e3o do juniorado, que chegaram de v\u00e1rias cidades do Maranh\u00e3o, [&hellip;]<\/p>\n","protected":false},"author":1,"featured_media":0,"comment_status":"open","ping_status":"open","sticky":false,"template":"","format":"standard","meta":{"_monsterinsights_skip_tracking":false,"_monsterinsights_sitenote_active":false,"_monsterinsights_sitenote_note":"","_monsterinsights_sitenote_category":0,"jetpack_post_was_ever_published":false,"_jetpack_newsletter_access":"","_jetpack_dont_email_post_to_subs":false,"_jetpack_newsletter_tier_id":0,"_jetpack_memberships_contains_paywalled_content":false,"footnotes":"","_jetpack_memberships_contains_paid_content":false,"jetpack_publicize_message":"","jetpack_publicize_feature_enabled":true,"jetpack_social_post_already_shared":true,"jetpack_social_options":{"image_generator_settings":{"template":"highway","enabled":false}}},"categories":[1],"tags":[9,32,16,13,48,39],"jetpack_publicize_connections":[],"jetpack_featured_media_url":"","jetpack_shortlink":"https:\/\/wp.me\/p4Ftkv-8l","jetpack_sharing_enabled":true,"_links":{"self":[{"href":"http:\/\/irmasdesaojose.com.br\/portal\/wp-json\/wp\/v2\/posts\/517"}],"collection":[{"href":"http:\/\/irmasdesaojose.com.br\/portal\/wp-json\/wp\/v2\/posts"}],"about":[{"href":"http:\/\/irmasdesaojose.com.br\/portal\/wp-json\/wp\/v2\/types\/post"}],"author":[{"embeddable":true,"href":"http:\/\/irmasdesaojose.com.br\/portal\/wp-json\/wp\/v2\/users\/1"}],"replies":[{"embeddable":true,"href":"http:\/\/irmasdesaojose.com.br\/portal\/wp-json\/wp\/v2\/comments?post=517"}],"version-history":[{"count":5,"href":"http:\/\/irmasdesaojose.com.br\/portal\/wp-json\/wp\/v2\/posts\/517\/revisions"}],"predecessor-version":[{"id":653,"href":"http:\/\/irmasdesaojose.com.br\/portal\/wp-json\/wp\/v2\/posts\/517\/revisions\/653"}],"wp:attachment":[{"href":"http:\/\/irmasdesaojose.com.br\/portal\/wp-json\/wp\/v2\/media?parent=517"}],"wp:term":[{"taxonomy":"category","embeddable":true,"href":"http:\/\/irmasdesaojose.com.br\/portal\/wp-json\/wp\/v2\/categories?post=517"},{"taxonomy":"post_tag","embeddable":true,"href":"http:\/\/irmasdesaojose.com.br\/portal\/wp-json\/wp\/v2\/tags?post=517"}],"curies":[{"name":"wp","href":"https:\/\/api.w.org\/{rel}","templated":true}]}}