{"id":5230,"date":"2017-03-19T16:27:59","date_gmt":"2017-03-19T19:27:59","guid":{"rendered":"http:\/\/irmasdesaojose.com.br\/portal\/?p=5230"},"modified":"2017-03-19T16:32:31","modified_gmt":"2017-03-19T19:32:31","slug":"viva-sao-jose","status":"publish","type":"post","link":"http:\/\/irmasdesaojose.com.br\/portal\/viva-sao-jose\/","title":{"rendered":"Viva S\u00e3o Jos\u00e9!"},"content":{"rendered":"<h3 style=\"text-align: center;\"><span style=\"color: #800000;\"><strong>Dia 19 de Mar\u00e7o &#8211; Solenidade de S\u00e3o Jos\u00e9 esposo da Virgem Maria<\/strong><\/span><\/h3>\n<h4><span style=\"color: #000080;\"><strong>A santidade terrena de S\u00e3o Jos\u00e9<\/strong><\/span><\/h4>\n<p style=\"text-align: justify;\"><span style=\"color: #000000;\">As Escrituras pouco nos falam de S\u00e3o Jos\u00e9, o necess\u00e1rio, por\u00e9m, para que nos inteiremos do essencial. N\u00e3o se conservou uma s\u00f3 palavra do santo. Falou t\u00e3o pouco que se chegou a pensar desnecess\u00e1rio transmitir\u00a0 o que ele tinha proferido. Sabemos que era origin\u00e1rio da ilustre ra\u00e7a do rei Davi\u00a0 que domina toda a hist\u00f3ria nacional de seu povo. Essas origens t\u00e3o grandiosas\u00a0 colocaram em realce o car\u00e1ter modesto e pouco brilhante do santo: a vida\u00a0 dura de um carpinteiro num \u201cburaco\u201d perdido no mapa do mundo\u2026 e seus impostos e sua administra\u00e7\u00e3o. Chegou ele at\u00e9 a experimentar a sorte de pessoas que devem fugir de sua terra e, com dificuldade, buscar abrigo no exterior. Deve ter intensamente amado sua terra j\u00e1 que\u00a0 n\u00e3o quis se fixar nos arredores\u00a0 da capital, preferindo a vida no interior.\u00a0 Depois disso apenas a vida\u00a0 obscura, desapercebida, na aldeia de Nazar\u00e9.\u00a0 A vida de fam\u00edlia, eis um pano de fundo bem pouco\u00a0 solene\u00a0 para a entrada em cena de Jesus.<\/span><\/p>\n<p><span class=\"embed-youtube\" style=\"text-align:center; display: block;\"><iframe loading=\"lazy\" class=\"youtube-player\" width=\"640\" height=\"360\" src=\"https:\/\/www.youtube.com\/embed\/q6GtPTdt2Ko?version=3&#038;rel=1&#038;showsearch=0&#038;showinfo=1&#038;iv_load_policy=1&#038;fs=1&#038;hl=pt-BR&#038;autohide=2&#038;wmode=transparent\" allowfullscreen=\"true\" style=\"border:0;\" sandbox=\"allow-scripts allow-same-origin allow-popups allow-presentation allow-popups-to-escape-sandbox\"><\/iframe><\/span><\/p>\n<p style=\"text-align: justify;\"><span style=\"color: #000000;\">A vida corriqueira deste homem apagado escondia, no entanto, sob insignificantes apar\u00eancias, riquezas espirituais de alto pre\u00e7o.<\/span><\/p>\n<p style=\"text-align: justify;\"><span style=\"color: #000000;\">Antes de tudo o silencioso cumprimento do <em>dever<\/em>.\u00a0 Por tr\u00eas vezes a Escritura diz que \u201cele se levantou\u201d. Para fazer o qu\u00ea?\u00a0 Para colocar em pr\u00e1tica\u00a0 o que havia percebido em sua consci\u00eancia como sendo a voz de Deus. Sua consci\u00eancia estava t\u00e3o desperta que durante o sono ela comunicou a mensagem do anjo por mais estranhos que lhe parecessem os caminhos que ele devia percorrer.<\/span><\/p>\n<p style=\"text-align: justify;\"><span style=\"color: #000000;\">O outro tesouro que a Escritura nos atesta entrar presente na alma de Jos\u00e9\u00a0 \u00e9 a<em> justi\u00e7a.<\/em>\u00a0 Jos\u00e9 era um \u201cjusto\u201d e esta express\u00e3o designa, na linguagem da Escritura, o homem que coloca sua vida sob a luz da\u00a0 palavra e da lei de Deus. Justo n\u00e3o somente quando a palavra acompanhava e realizava\u00a0 os desejos humanos, mas em todas as circunst\u00e2ncias mesmo quando custasse, mesmo quando o pr\u00f3ximo tivesse vantagem em detrimento de seus pr\u00f3prios direitos. Jos\u00e9 possu\u00eda essa justi\u00e7a que significa cuidado pela ordem das coisas, delicadeza e respeito para com a personalidade do outro, por mais desconcertante que esta pudesse ser.<\/span><\/p>\n<p style=\"text-align: justify;\"><span style=\"color: #000000;\">Esta fidelidade ao dever e \u00e0 justi\u00e7a respeitosa diante do real, dupla caracter\u00edstica do amor no mundo masculino, Jos\u00e9 haveria de testemunhar\u00a0 com rela\u00e7\u00e3o ao\u00a0 Deus de seus pais. Era um homem piedoso e tinha uma <em>piedade de homem,<\/em> uma piedade distante de todo sentimentalismo inconstante, uma humilde fidelidade unicamente preocupada com Deus e n\u00e3o consigo mesmo\u00a0 precisamente para, desta forma, forjar uma \u201calma piedosa\u201d. \u201cCada ano, nos\u00a0\u00a0 diz o Evangelho, subia a Jerusal\u00e9m, segundo o costume, para a festa da P\u00e1scoa\u201d\u00a0 (Lc 2,41-42).<\/span><\/p>\n<p style=\"text-align: justify;\"><span style=\"color: #000000;\">Assim foi o homem e sua vida cotidiana sob o tr\u00edplice signo do dever, da justi\u00e7a e da piedade viril. Somente ap\u00f3s as considera\u00e7\u00f5es feitas sobre estas tr\u00eas riquezas \u00e9 que podemos falar da maior de todas: o papel tutelar e paterno que Deus dignou lhe confiar para com aquele que \u00e9 a salva\u00e7\u00e3o do mundo, Jesus. Acolheu em sua fam\u00edlia quem veio resgatar o povo de seus pecados, o Santo de Deus. Jos\u00e9 teve o privil\u00e9gio de lhe conferir o nome: Jesus, quer dizer, \u201cDeus salva\u201d. \u00c9 no sil\u00eancio e na fidelidade que ele cumpre sua tarefa de servidor da Palavra eterna do Pai que se tornou uma crian\u00e7a desse pobre mundo. Os homens, por sua vez,\u00a0 o designaram de seu Salvador, o \u201c filho do carpinteiro\u201d\u00a0 (Mt 13,55).\u00a0 Quando a Palavra eterna do Pai, come\u00e7ou, atrav\u00e9s da prega\u00e7\u00e3o do\u00a0 Evangelho, a ressoar\u00a0 no meio dos\u00a0 homens, Jos\u00e9\u00a0 saiu da cena deste mundo\u00a0 como algu\u00e9m que havia terminado de desempenhar um papel pouco importante\u00a0 e que quase ningu\u00e9m percebeu. A vida desse homem, no entanto, teve um conte\u00fado, o \u00fanico que conta numa exist\u00eancia: Deus e sua gra\u00e7a que se fez carne. A Jos\u00e9\u00a0 se podia aplicar o final da par\u00e1bola evang\u00e9lica:\u00a0 \u201cServo bom e fiel entra na alegria de teu Senhor\u201d\u00a0 (Mt 25,21).<\/span><\/p>\n<p><span class=\"embed-youtube\" style=\"text-align:center; display: block;\"><iframe loading=\"lazy\" class=\"youtube-player\" width=\"640\" height=\"360\" src=\"https:\/\/www.youtube.com\/embed\/73ihfzi45kw?version=3&#038;rel=1&#038;showsearch=0&#038;showinfo=1&#038;iv_load_policy=1&#038;fs=1&#038;hl=pt-BR&#038;autohide=2&#038;wmode=transparent\" allowfullscreen=\"true\" style=\"border:0;\" sandbox=\"allow-scripts allow-same-origin allow-popups allow-presentation allow-popups-to-escape-sandbox\"><\/iframe><\/span><\/p>\n<p>&nbsp;<\/p>\n","protected":false},"excerpt":{"rendered":"<p>Dia 19 de Mar\u00e7o &#8211; Solenidade de S\u00e3o Jos\u00e9 esposo da Virgem Maria A santidade terrena de S\u00e3o Jos\u00e9 As Escrituras pouco nos falam de S\u00e3o Jos\u00e9, o necess\u00e1rio, por\u00e9m, para que nos inteiremos do essencial. N\u00e3o se conservou uma s\u00f3 palavra do santo. Falou t\u00e3o pouco que se chegou a pensar desnecess\u00e1rio transmitir\u00a0 o [&hellip;]<\/p>\n","protected":false},"author":1,"featured_media":0,"comment_status":"open","ping_status":"open","sticky":false,"template":"","format":"standard","meta":{"_monsterinsights_skip_tracking":false,"_monsterinsights_sitenote_active":false,"_monsterinsights_sitenote_note":"","_monsterinsights_sitenote_category":0,"jetpack_post_was_ever_published":false,"_jetpack_newsletter_access":"","_jetpack_dont_email_post_to_subs":false,"_jetpack_newsletter_tier_id":0,"_jetpack_memberships_contains_paywalled_content":false,"footnotes":"","_jetpack_memberships_contains_paid_content":false,"jetpack_publicize_message":"","jetpack_publicize_feature_enabled":true,"jetpack_social_post_already_shared":true,"jetpack_social_options":{"image_generator_settings":{"template":"highway","enabled":false}}},"categories":[1],"tags":[57,188],"jetpack_publicize_connections":[],"jetpack_featured_media_url":"","jetpack_shortlink":"https:\/\/wp.me\/p4Ftkv-1mm","jetpack_sharing_enabled":true,"_links":{"self":[{"href":"http:\/\/irmasdesaojose.com.br\/portal\/wp-json\/wp\/v2\/posts\/5230"}],"collection":[{"href":"http:\/\/irmasdesaojose.com.br\/portal\/wp-json\/wp\/v2\/posts"}],"about":[{"href":"http:\/\/irmasdesaojose.com.br\/portal\/wp-json\/wp\/v2\/types\/post"}],"author":[{"embeddable":true,"href":"http:\/\/irmasdesaojose.com.br\/portal\/wp-json\/wp\/v2\/users\/1"}],"replies":[{"embeddable":true,"href":"http:\/\/irmasdesaojose.com.br\/portal\/wp-json\/wp\/v2\/comments?post=5230"}],"version-history":[{"count":4,"href":"http:\/\/irmasdesaojose.com.br\/portal\/wp-json\/wp\/v2\/posts\/5230\/revisions"}],"predecessor-version":[{"id":5235,"href":"http:\/\/irmasdesaojose.com.br\/portal\/wp-json\/wp\/v2\/posts\/5230\/revisions\/5235"}],"wp:attachment":[{"href":"http:\/\/irmasdesaojose.com.br\/portal\/wp-json\/wp\/v2\/media?parent=5230"}],"wp:term":[{"taxonomy":"category","embeddable":true,"href":"http:\/\/irmasdesaojose.com.br\/portal\/wp-json\/wp\/v2\/categories?post=5230"},{"taxonomy":"post_tag","embeddable":true,"href":"http:\/\/irmasdesaojose.com.br\/portal\/wp-json\/wp\/v2\/tags?post=5230"}],"curies":[{"name":"wp","href":"https:\/\/api.w.org\/{rel}","templated":true}]}}