{"id":528,"date":"2014-06-26T22:15:51","date_gmt":"2014-06-26T22:15:51","guid":{"rendered":"http:\/\/irmasdesaojose.com.br\/portal\/?p=528"},"modified":"2014-07-05T13:45:18","modified_gmt":"2014-07-05T13:45:18","slug":"festa-de-sao-sigismundo-gorazdowski","status":"publish","type":"post","link":"http:\/\/irmasdesaojose.com.br\/portal\/festa-de-sao-sigismundo-gorazdowski\/","title":{"rendered":"Festa de S\u00e3o Sigismundo Gorazdowski"},"content":{"rendered":"<p style=\"text-align: justify;\"><span style=\"color: #000000;\">\u00a0 \u00a0 \u00a0 \u00a0 \u00a0 Ap\u00f3s uma Novena de prepara\u00e7\u00e3o, <strong>a Comunidade de Mon\u00e7\u00e3o, celebrou a festa de S\u00e3o Sigismundo Gorazdowski, na Par\u00f3quia S\u00e3o Francisco Xavier.<\/strong><\/span><\/p>\n<p style=\"text-align: center;\"><a href=\"https:\/\/i0.wp.com\/irmasdesaojose.com.br\/portal\/wp-content\/uploads\/2014\/07\/DSCN5183-1-e1404567655216.jpg\"><img decoding=\"async\" loading=\"lazy\" class=\"aligncenter wp-image-529 size-full\" src=\"https:\/\/i0.wp.com\/irmasdesaojose.com.br\/portal\/wp-content\/uploads\/2014\/07\/DSCN5183-1-e1404567655216.jpg?resize=700%2C379\" alt=\"DSCN5183 (1)\" width=\"700\" height=\"379\" data-recalc-dims=\"1\" \/><\/a><\/p>\n<p style=\"text-align: justify;\"><span style=\"color: #000000;\">\u00a0\u00a0\u00a0\u00a0\u00a0\u00a0\u00a0\u00a0\u00a0\u00a0\u00a0 A Santa Missa foi presidida pelo p\u00e1roco <strong>Padre Benedito Ferreira da Silva<\/strong>. Algumas pessoas participaram da celebra\u00e7\u00e3o e juntos agradecemos a Deus por tantas gra\u00e7as que recebemos pela intercess\u00e3o de S\u00e3o Sigismundo.<\/span><\/p>\n<p style=\"text-align: justify;\"><!--more--><\/p>\n<p style=\"text-align: justify;\"><span style=\"color: #000000;\">\u00a0\u00a0\u00a0\u00a0\u00a0\u00a0\u00a0\u00a0\u00a0\u00a0\u00a0 Ap\u00f3s a b\u00ean\u00e7\u00e3o final, todos foram convidados a beijar a rel\u00edquia do santo. Louvamos a Deus e pedimos a prote\u00e7\u00e3o e a intercess\u00e3o de S\u00e3o Sigismundo para toda a Igreja, em especial para a nossa Congrega\u00e7\u00e3o.<\/span><\/p>\n<p style=\"text-align: center;\"><a href=\"https:\/\/i0.wp.com\/irmasdesaojose.com.br\/portal\/wp-content\/uploads\/2014\/07\/DSCN5187-e1404567639730.jpg\"><img decoding=\"async\" loading=\"lazy\" class=\"alignnone size-medium wp-image-531\" src=\"https:\/\/i0.wp.com\/irmasdesaojose.com.br\/portal\/wp-content\/uploads\/2014\/07\/DSCN5187.jpg?resize=225%2C300\" alt=\"DSCN5187\" width=\"225\" height=\"300\" data-recalc-dims=\"1\" \/><\/a>\u00a0<a href=\"https:\/\/i0.wp.com\/irmasdesaojose.com.br\/portal\/wp-content\/uploads\/2014\/07\/DSCN5186-e1404567621620.jpg\"><img decoding=\"async\" loading=\"lazy\" class=\"alignnone size-medium wp-image-530\" src=\"https:\/\/i0.wp.com\/irmasdesaojose.com.br\/portal\/wp-content\/uploads\/2014\/07\/DSCN5186.jpg?resize=225%2C300\" alt=\"DSCN5186\" width=\"225\" height=\"300\" data-recalc-dims=\"1\" \/><\/a>\u00a0<a href=\"https:\/\/i0.wp.com\/irmasdesaojose.com.br\/portal\/wp-content\/uploads\/2014\/07\/DSCN5189-e1404567595868.jpg\"><img decoding=\"async\" loading=\"lazy\" class=\"alignnone size-medium wp-image-532\" src=\"https:\/\/i0.wp.com\/irmasdesaojose.com.br\/portal\/wp-content\/uploads\/2014\/07\/DSCN5189.jpg?resize=265%2C300\" alt=\"DSCN5189\" width=\"265\" height=\"300\" data-recalc-dims=\"1\" \/><\/a><\/p>\n","protected":false},"excerpt":{"rendered":"<p>\u00a0 \u00a0 \u00a0 \u00a0 \u00a0 Ap\u00f3s uma Novena de prepara\u00e7\u00e3o, a Comunidade de Mon\u00e7\u00e3o, celebrou a festa de S\u00e3o Sigismundo Gorazdowski, na Par\u00f3quia S\u00e3o Francisco Xavier. \u00a0\u00a0\u00a0\u00a0\u00a0\u00a0\u00a0\u00a0\u00a0\u00a0\u00a0 A Santa Missa foi presidida pelo p\u00e1roco Padre Benedito Ferreira da Silva. Algumas pessoas participaram da celebra\u00e7\u00e3o e juntos agradecemos a Deus por tantas gra\u00e7as que recebemos pela [&hellip;]<\/p>\n","protected":false},"author":1,"featured_media":0,"comment_status":"open","ping_status":"open","sticky":false,"template":"","format":"standard","meta":{"_monsterinsights_skip_tracking":false,"_monsterinsights_sitenote_active":false,"_monsterinsights_sitenote_note":"","_monsterinsights_sitenote_category":0,"jetpack_post_was_ever_published":false,"_jetpack_newsletter_access":"","_jetpack_dont_email_post_to_subs":false,"_jetpack_newsletter_tier_id":0,"_jetpack_memberships_contains_paywalled_content":false,"footnotes":"","_jetpack_memberships_contains_paid_content":false,"jetpack_publicize_message":"","jetpack_publicize_feature_enabled":true,"jetpack_social_post_already_shared":true,"jetpack_social_options":{"image_generator_settings":{"template":"highway","enabled":false}}},"categories":[1],"tags":[13,35,14,49],"jetpack_publicize_connections":[],"jetpack_featured_media_url":"","jetpack_shortlink":"https:\/\/wp.me\/p4Ftkv-8w","jetpack_sharing_enabled":true,"_links":{"self":[{"href":"http:\/\/irmasdesaojose.com.br\/portal\/wp-json\/wp\/v2\/posts\/528"}],"collection":[{"href":"http:\/\/irmasdesaojose.com.br\/portal\/wp-json\/wp\/v2\/posts"}],"about":[{"href":"http:\/\/irmasdesaojose.com.br\/portal\/wp-json\/wp\/v2\/types\/post"}],"author":[{"embeddable":true,"href":"http:\/\/irmasdesaojose.com.br\/portal\/wp-json\/wp\/v2\/users\/1"}],"replies":[{"embeddable":true,"href":"http:\/\/irmasdesaojose.com.br\/portal\/wp-json\/wp\/v2\/comments?post=528"}],"version-history":[{"count":1,"href":"http:\/\/irmasdesaojose.com.br\/portal\/wp-json\/wp\/v2\/posts\/528\/revisions"}],"predecessor-version":[{"id":533,"href":"http:\/\/irmasdesaojose.com.br\/portal\/wp-json\/wp\/v2\/posts\/528\/revisions\/533"}],"wp:attachment":[{"href":"http:\/\/irmasdesaojose.com.br\/portal\/wp-json\/wp\/v2\/media?parent=528"}],"wp:term":[{"taxonomy":"category","embeddable":true,"href":"http:\/\/irmasdesaojose.com.br\/portal\/wp-json\/wp\/v2\/categories?post=528"},{"taxonomy":"post_tag","embeddable":true,"href":"http:\/\/irmasdesaojose.com.br\/portal\/wp-json\/wp\/v2\/tags?post=528"}],"curies":[{"name":"wp","href":"https:\/\/api.w.org\/{rel}","templated":true}]}}