{"id":534,"date":"2014-03-19T22:45:29","date_gmt":"2014-03-19T22:45:29","guid":{"rendered":"http:\/\/irmasdesaojose.com.br\/portal\/?p=534"},"modified":"2014-07-07T13:20:15","modified_gmt":"2014-07-07T13:20:15","slug":"triduo-em-honra-a-sao-jose-em-curitiba","status":"publish","type":"post","link":"http:\/\/irmasdesaojose.com.br\/portal\/triduo-em-honra-a-sao-jose-em-curitiba\/","title":{"rendered":"Tr\u00edduo em honra a S\u00e3o Jos\u00e9 em Curitiba"},"content":{"rendered":"<p style=\"text-align: justify;\"><span style=\"color: #000000;\">\u00a0 \u00a0 \u00a0 \u00a0 \u00a0 \u00a0 \u00a0 \u00a0No dia 16 de mar\u00e7o de 2014, \u00e0s 19h, teve in\u00edcio o <strong>Tr\u00edduo em honra a<\/strong> <strong>S\u00e3o Jos\u00e9<\/strong> na par\u00f3quia S\u00e3o Jorge, Curitiba, PR, com o tema: S\u00e3o Jos\u00e9 Protetor da Santa Igreja.<\/span><\/p>\n<p style=\"text-align: center;\"><a href=\"https:\/\/i0.wp.com\/irmasdesaojose.com.br\/portal\/wp-content\/uploads\/2014\/07\/DSCN4386-e1404568490108.jpg\"><img decoding=\"async\" loading=\"lazy\" class=\"alignnone wp-image-535 size-full\" src=\"https:\/\/i0.wp.com\/irmasdesaojose.com.br\/portal\/wp-content\/uploads\/2014\/07\/DSCN4386-e1404568490108.jpg?resize=700%2C525\" alt=\"DSCN4386\" width=\"700\" height=\"525\" data-recalc-dims=\"1\" \/><\/a><\/p>\n<p style=\"text-align: justify;\"><span style=\"color: #000000;\">\u00a0\u00a0\u00a0\u00a0\u00a0\u00a0\u00a0\u00a0\u00a0\u00a0\u00a0 O segundo dia do tr\u00edduo teve como tema: S\u00e3o Jos\u00e9 modelo da vida familiar e o terceiro dia do tr\u00edduo foi pelos Consagrados.<\/span><\/p>\n<p style=\"text-align: justify;\"><!--more--><\/p>\n<p style=\"text-align: justify;\"><span style=\"color: #000000;\">\u00a0\u00a0\u00a0\u00a0\u00a0\u00a0\u00a0\u00a0\u00a0\u00a0\u00a0 No dia <\/span><strong style=\"color: #000000;\">19 de mar\u00e7o<\/strong><span style=\"color: #000000;\">, solenidade de S\u00e3o Jos\u00e9, houve a Santa Missa na casa das Irm\u00e3s com o Grupo de Ora\u00e7\u00e3o de S\u00e3o Jos\u00e9. Ap\u00f3s a Missa teve um momento de recrea\u00e7\u00e3o com o famoso &#8220;bolo\u00a0Polon\u00eas&#8221; de S\u00e3o Jos\u00e9.<\/span><\/p>\n<p style=\"text-align: justify;\"><a href=\"https:\/\/i0.wp.com\/irmasdesaojose.com.br\/portal\/wp-content\/uploads\/2014\/07\/DSCN4365-e1404568925499.jpg\"><img decoding=\"async\" loading=\"lazy\" class=\"alignnone size-medium wp-image-537\" src=\"https:\/\/i0.wp.com\/irmasdesaojose.com.br\/portal\/wp-content\/uploads\/2014\/07\/DSCN4365.jpg?resize=300%2C225\" alt=\"DSCN4365\" width=\"300\" height=\"225\" data-recalc-dims=\"1\" \/><\/a>\u00a0<a href=\"https:\/\/i0.wp.com\/irmasdesaojose.com.br\/portal\/wp-content\/uploads\/2014\/07\/DSCN4366-e1404568940803.jpg\"><img decoding=\"async\" loading=\"lazy\" class=\"alignnone size-medium wp-image-538\" src=\"https:\/\/i0.wp.com\/irmasdesaojose.com.br\/portal\/wp-content\/uploads\/2014\/07\/DSCN4366.jpg?resize=300%2C225\" alt=\"DSCN4366\" width=\"300\" height=\"225\" data-recalc-dims=\"1\" \/><\/a>\u00a0<a href=\"https:\/\/i0.wp.com\/irmasdesaojose.com.br\/portal\/wp-content\/uploads\/2014\/07\/DSCN4373-e1404568978100.jpg\"><img decoding=\"async\" loading=\"lazy\" class=\"alignnone size-medium wp-image-540\" src=\"https:\/\/i0.wp.com\/irmasdesaojose.com.br\/portal\/wp-content\/uploads\/2014\/07\/DSCN4373.jpg?resize=300%2C225\" alt=\"DSCN4373\" width=\"300\" height=\"225\" data-recalc-dims=\"1\" \/><\/a><\/p>\n<p style=\"text-align: center;\"><a href=\"https:\/\/i0.wp.com\/irmasdesaojose.com.br\/portal\/wp-content\/uploads\/2014\/07\/DSCN4376-e1404569046265.jpg\"><img decoding=\"async\" loading=\"lazy\" class=\"alignnone size-medium wp-image-541\" src=\"https:\/\/i0.wp.com\/irmasdesaojose.com.br\/portal\/wp-content\/uploads\/2014\/07\/DSCN4376-e1404569030228-300x225.jpg?resize=300%2C225\" alt=\"DSCN4376\" width=\"300\" height=\"225\" data-recalc-dims=\"1\" \/><\/a>\u00a0<a href=\"https:\/\/i0.wp.com\/irmasdesaojose.com.br\/portal\/wp-content\/uploads\/2014\/07\/DSCN4372-e1404568958400.jpg\"><img decoding=\"async\" loading=\"lazy\" class=\"alignnone size-medium wp-image-539\" src=\"https:\/\/i0.wp.com\/irmasdesaojose.com.br\/portal\/wp-content\/uploads\/2014\/07\/DSCN4372.jpg?resize=300%2C225\" alt=\"DSCN4372\" width=\"300\" height=\"225\" data-recalc-dims=\"1\" \/><\/a><\/p>\n<p><a href=\"https:\/\/i0.wp.com\/irmasdesaojose.com.br\/portal\/wp-content\/uploads\/2014\/07\/DSCN4382-e1404569062861.jpg\"><img decoding=\"async\" loading=\"lazy\" class=\"size-medium wp-image-542 aligncenter\" src=\"https:\/\/i0.wp.com\/irmasdesaojose.com.br\/portal\/wp-content\/uploads\/2014\/07\/DSCN4382.jpg?resize=300%2C225\" alt=\"DSCN4382\" width=\"300\" height=\"225\" data-recalc-dims=\"1\" \/><\/a><\/p>\n<p style=\"text-align: justify;\"><span style=\"color: #000000;\">\u00a0 \u00a0 \u00a0 \u00a0 \u00a0 \u00a0 \u00a0 \u00a0 \u00a0 \u00a0 \u00a0 \u00a0 \u00a0 \u00a0 \u00a0 \u00a0 \u00a0 \u00a0 \u00a0 \u00a0 \u00a0 \u00a0 Tamb\u00e9m \u00e0s 19h, houve a Missa solene na Par\u00f3quia S\u00e3o Jorge, preparada\u00a0pelas Irm\u00e3s.<\/span><\/p>\n<p style=\"text-align: justify;\"><a href=\"https:\/\/i0.wp.com\/irmasdesaojose.com.br\/portal\/wp-content\/uploads\/2014\/07\/DSCN4390-e1404568504308.jpg\"><img decoding=\"async\" loading=\"lazy\" class=\"aligncenter wp-image-536 size-full\" src=\"https:\/\/i0.wp.com\/irmasdesaojose.com.br\/portal\/wp-content\/uploads\/2014\/07\/DSCN4390-e1404568504308.jpg?resize=700%2C483\" alt=\"DSCN4390\" width=\"700\" height=\"483\" data-recalc-dims=\"1\" \/><\/a><\/p>\n","protected":false},"excerpt":{"rendered":"<p>\u00a0 \u00a0 \u00a0 \u00a0 \u00a0 \u00a0 \u00a0 \u00a0No dia 16 de mar\u00e7o de 2014, \u00e0s 19h, teve in\u00edcio o Tr\u00edduo em honra a S\u00e3o Jos\u00e9 na par\u00f3quia S\u00e3o Jorge, Curitiba, PR, com o tema: S\u00e3o Jos\u00e9 Protetor da Santa Igreja. \u00a0\u00a0\u00a0\u00a0\u00a0\u00a0\u00a0\u00a0\u00a0\u00a0\u00a0 O segundo dia do tr\u00edduo teve como tema: S\u00e3o Jos\u00e9 modelo da vida familiar [&hellip;]<\/p>\n","protected":false},"author":1,"featured_media":0,"comment_status":"open","ping_status":"open","sticky":false,"template":"","format":"standard","meta":{"_monsterinsights_skip_tracking":false,"_monsterinsights_sitenote_active":false,"_monsterinsights_sitenote_note":"","_monsterinsights_sitenote_category":0,"jetpack_post_was_ever_published":false,"_jetpack_newsletter_access":"","_jetpack_dont_email_post_to_subs":false,"_jetpack_newsletter_tier_id":0,"_jetpack_memberships_contains_paywalled_content":false,"footnotes":"","_jetpack_memberships_contains_paid_content":false,"jetpack_publicize_message":"","jetpack_publicize_feature_enabled":true,"jetpack_social_post_already_shared":true,"jetpack_social_options":{"image_generator_settings":{"template":"highway","enabled":false}}},"categories":[1],"tags":[17,32,52,13,51,50],"jetpack_publicize_connections":[],"jetpack_featured_media_url":"","jetpack_shortlink":"https:\/\/wp.me\/p4Ftkv-8C","jetpack_sharing_enabled":true,"_links":{"self":[{"href":"http:\/\/irmasdesaojose.com.br\/portal\/wp-json\/wp\/v2\/posts\/534"}],"collection":[{"href":"http:\/\/irmasdesaojose.com.br\/portal\/wp-json\/wp\/v2\/posts"}],"about":[{"href":"http:\/\/irmasdesaojose.com.br\/portal\/wp-json\/wp\/v2\/types\/post"}],"author":[{"embeddable":true,"href":"http:\/\/irmasdesaojose.com.br\/portal\/wp-json\/wp\/v2\/users\/1"}],"replies":[{"embeddable":true,"href":"http:\/\/irmasdesaojose.com.br\/portal\/wp-json\/wp\/v2\/comments?post=534"}],"version-history":[{"count":5,"href":"http:\/\/irmasdesaojose.com.br\/portal\/wp-json\/wp\/v2\/posts\/534\/revisions"}],"predecessor-version":[{"id":611,"href":"http:\/\/irmasdesaojose.com.br\/portal\/wp-json\/wp\/v2\/posts\/534\/revisions\/611"}],"wp:attachment":[{"href":"http:\/\/irmasdesaojose.com.br\/portal\/wp-json\/wp\/v2\/media?parent=534"}],"wp:term":[{"taxonomy":"category","embeddable":true,"href":"http:\/\/irmasdesaojose.com.br\/portal\/wp-json\/wp\/v2\/categories?post=534"},{"taxonomy":"post_tag","embeddable":true,"href":"http:\/\/irmasdesaojose.com.br\/portal\/wp-json\/wp\/v2\/tags?post=534"}],"curies":[{"name":"wp","href":"https:\/\/api.w.org\/{rel}","templated":true}]}}