{"id":5391,"date":"2017-04-24T11:41:37","date_gmt":"2017-04-24T14:41:37","guid":{"rendered":"http:\/\/irmasdesaojose.com.br\/portal\/?p=5391"},"modified":"2017-05-11T10:34:19","modified_gmt":"2017-05-11T13:34:19","slug":"caminhada-vocacional-2017","status":"publish","type":"post","link":"http:\/\/irmasdesaojose.com.br\/portal\/caminhada-vocacional-2017\/","title":{"rendered":"Caminhada vocacional  2017"},"content":{"rendered":"<p style=\"text-align: justify;\"><span style=\"color: #000000;\">Pela <strong>22\u00aa<\/strong> vez no Domingo da Miseric\u00f3rdia, as <strong>Irm\u00e3s de S\u00e3o Jos\u00e9<\/strong> da par\u00f3quia S\u00e3o Jorge, participaram na <strong>Caminhada Vocacional ao\u00a0Santu\u00e1rio da Divina Miseric\u00f3rdia em Curitiba<\/strong>. A cada ano os peregrinos glorificam a Miseric\u00f3rdia de Deus e pedem tamb\u00e9m o dom de novas voca\u00e7\u00f5es atrav\u00e9s de seu sacrif\u00edcio.<\/span><\/p>\n<p style=\"text-align: center;\">\n<div id=\"slideset-5397-69f2afdf24719\" class=\"wk-slideset wk-slideset-default\" data-widgetkit=\"slideset\" data-options='{\"style\":\"default\",\"width\":\"auto\",\"height\":\"auto\",\"effect\":\"zoom\",\"index\":0,\"autoplay\":1,\"interval\":5000,\"items_per_set\":1,\"navigation\":1,\"buttons\":0,\"title\":1,\"duration\":300}'>\n\t<div>\n\t\t<div class=\"sets\">\n\t\t\t\t\t\t\t<ul class=\"set\">\n\t\t\t\t\t\t\t\t\t\t\t\t\t\t\t<li>\n\t\t\t\t\t\t<article class=\"wk-content\"><img src=\"https:\/\/i0.wp.com\/irmasdesaojose.com.br\/portal\/wp-content\/uploads\/2017\/05\/Slide1-2.jpg?resize=491%2C682\" alt=\"Slide1\" width=\"491\" height=\"682\" class=\"aligncenter size-full wp-image-5393\" data-recalc-dims=\"1\" \/><\/article>\n\t\t\t\t\t\t\t\t\t\t\t\t<strong class=\"title\"><\/strong>\n\t\t\t\t\t\t\t\t\t\t\t<\/li>\n\t\t\t\t\t\t\t\t\t<\/ul>\n\t\t\t\t\t\t\t\t\t\t\t<ul class=\"set\">\n\t\t\t\t\t\t\t\t\t\t\t\t\t\t\t<li>\n\t\t\t\t\t\t<article class=\"wk-content\"><img src=\"data:image\/gif;base64,R0lGODlhAQABAJEAAAAAAP\/\/\/\/\/\/\/wAAACH5BAEHAAIALAAAAAABAAEAAAICVAEAOw==\" data-src=\"http:\/\/irmasdesaojose.com.br\/portal\/wp-content\/uploads\/2017\/05\/Slide2-2.jpg\" alt=\"Slide2\" width=\"491\" height=\"682\" class=\"aligncenter size-full wp-image-5394\" \/><\/article>\n\t\t\t\t\t\t\t\t\t\t\t\t<strong class=\"title\"><\/strong>\n\t\t\t\t\t\t\t\t\t\t\t<\/li>\n\t\t\t\t\t\t\t\t\t<\/ul>\n\t\t\t\t\t\t\t\t\t\t\t<ul class=\"set\">\n\t\t\t\t\t\t\t\t\t\t\t\t\t\t\t<li>\n\t\t\t\t\t\t<article class=\"wk-content\"><img src=\"data:image\/gif;base64,R0lGODlhAQABAJEAAAAAAP\/\/\/\/\/\/\/wAAACH5BAEHAAIALAAAAAABAAEAAAICVAEAOw==\" data-src=\"http:\/\/irmasdesaojose.com.br\/portal\/wp-content\/uploads\/2017\/05\/Slide3-2.jpg\" alt=\"Slide3\" width=\"491\" height=\"682\" class=\"aligncenter size-full wp-image-5395\" \/><\/article>\n\t\t\t\t\t\t\t\t\t\t\t\t<strong class=\"title\"><\/strong>\n\t\t\t\t\t\t\t\t\t\t\t<\/li>\n\t\t\t\t\t\t\t\t\t<\/ul>\n\t\t\t\t\t\t\t\t\t\t\t<ul class=\"set\">\n\t\t\t\t\t\t\t\t\t\t\t\t\t\t\t<li>\n\t\t\t\t\t\t<article class=\"wk-content\"><img src=\"data:image\/gif;base64,R0lGODlhAQABAJEAAAAAAP\/\/\/\/\/\/\/wAAACH5BAEHAAIALAAAAAABAAEAAAICVAEAOw==\" data-src=\"http:\/\/irmasdesaojose.com.br\/portal\/wp-content\/uploads\/2017\/05\/Slide4-2.jpg\" alt=\"Slide4\" width=\"491\" height=\"682\" class=\"aligncenter size-full wp-image-5396\" \/><\/article>\n\t\t\t\t\t\t\t\t\t\t\t\t<strong class=\"title\"><\/strong>\n\t\t\t\t\t\t\t\t\t\t\t<\/li>\n\t\t\t\t\t\t\t\t\t<\/ul>\n\t\t\t\t\t\t\t\t\t<\/div>\n\t\t\t<\/div>\n\t\t<ul class=\"nav icon\"><li><span><\/span><\/li><li><span><\/span><\/li><li><span><\/span><\/li><li><span><\/span><\/li><\/ul>\n\t<\/div><\/p>\n<p style=\"text-align: justify;\"><span style=\"color: #000000;\">Como em todos os anos, as Irm\u00e3s e os Marianos prepa<\/span><span style=\"color: #000000;\">raram a parte espiritual da caminhada. Nesse ano as Irm\u00e3s de S\u00e3o Jos\u00e9 conduziram <span style=\"color: #800000;\"><em>os Mist\u00e9rios Gozosos do Ros\u00e1rio, p<\/em><\/span><em>edindo o dom de novas voca\u00e7\u00f5es<\/em>. Cada etapa da peregrina\u00e7\u00e3o pelas ruas da cidade foi realizada entre\u00a0ora\u00e7\u00f5es e o alegre louvor a Deus pelo dom de Sua infinita Miseric\u00f3rdia. O ponto culminante da peregrina\u00e7\u00e3o foi a solene Eucaristia no Santu\u00e1rio.<\/span><\/p>\n<p style=\"text-align: justify;\"><img decoding=\"async\" loading=\"lazy\" class=\"aligncenter size-full wp-image-5398\" src=\"https:\/\/i0.wp.com\/irmasdesaojose.com.br\/portal\/wp-content\/uploads\/2017\/05\/800x600mAUTOcWHITE-4-e1493658724951.jpg?resize=700%2C467\" alt=\"800x600mAUTOcWHITE (4)\" width=\"700\" height=\"467\" data-recalc-dims=\"1\" \/><\/p>\n","protected":false},"excerpt":{"rendered":"<p>Pela 22\u00aa vez no Domingo da Miseric\u00f3rdia, as Irm\u00e3s de S\u00e3o Jos\u00e9 da par\u00f3quia S\u00e3o Jorge, participaram na Caminhada Vocacional ao\u00a0Santu\u00e1rio da Divina Miseric\u00f3rdia em Curitiba. A cada ano os peregrinos glorificam a Miseric\u00f3rdia de Deus e pedem tamb\u00e9m o dom de novas voca\u00e7\u00f5es atrav\u00e9s de seu sacrif\u00edcio. Como em todos os anos, as Irm\u00e3s [&hellip;]<\/p>\n","protected":false},"author":1,"featured_media":0,"comment_status":"open","ping_status":"open","sticky":false,"template":"","format":"standard","meta":{"_monsterinsights_skip_tracking":false,"_monsterinsights_sitenote_active":false,"_monsterinsights_sitenote_note":"","_monsterinsights_sitenote_category":0,"jetpack_post_was_ever_published":false,"_jetpack_newsletter_access":"","_jetpack_dont_email_post_to_subs":false,"_jetpack_newsletter_tier_id":0,"_jetpack_memberships_contains_paywalled_content":false,"footnotes":"","_jetpack_memberships_contains_paid_content":false,"jetpack_publicize_message":"","jetpack_publicize_feature_enabled":true,"jetpack_social_post_already_shared":true,"jetpack_social_options":{"image_generator_settings":{"template":"highway","enabled":false}}},"categories":[1],"tags":[194,13,23,24],"jetpack_publicize_connections":[],"jetpack_featured_media_url":"","jetpack_shortlink":"https:\/\/wp.me\/p4Ftkv-1oX","jetpack_sharing_enabled":true,"_links":{"self":[{"href":"http:\/\/irmasdesaojose.com.br\/portal\/wp-json\/wp\/v2\/posts\/5391"}],"collection":[{"href":"http:\/\/irmasdesaojose.com.br\/portal\/wp-json\/wp\/v2\/posts"}],"about":[{"href":"http:\/\/irmasdesaojose.com.br\/portal\/wp-json\/wp\/v2\/types\/post"}],"author":[{"embeddable":true,"href":"http:\/\/irmasdesaojose.com.br\/portal\/wp-json\/wp\/v2\/users\/1"}],"replies":[{"embeddable":true,"href":"http:\/\/irmasdesaojose.com.br\/portal\/wp-json\/wp\/v2\/comments?post=5391"}],"version-history":[{"count":4,"href":"http:\/\/irmasdesaojose.com.br\/portal\/wp-json\/wp\/v2\/posts\/5391\/revisions"}],"predecessor-version":[{"id":5405,"href":"http:\/\/irmasdesaojose.com.br\/portal\/wp-json\/wp\/v2\/posts\/5391\/revisions\/5405"}],"wp:attachment":[{"href":"http:\/\/irmasdesaojose.com.br\/portal\/wp-json\/wp\/v2\/media?parent=5391"}],"wp:term":[{"taxonomy":"category","embeddable":true,"href":"http:\/\/irmasdesaojose.com.br\/portal\/wp-json\/wp\/v2\/categories?post=5391"},{"taxonomy":"post_tag","embeddable":true,"href":"http:\/\/irmasdesaojose.com.br\/portal\/wp-json\/wp\/v2\/tags?post=5391"}],"curies":[{"name":"wp","href":"https:\/\/api.w.org\/{rel}","templated":true}]}}