{"id":546,"date":"2014-04-27T14:10:19","date_gmt":"2014-04-27T14:10:19","guid":{"rendered":"http:\/\/irmasdesaojose.com.br\/portal\/?p=546"},"modified":"2014-07-07T13:22:35","modified_gmt":"2014-07-07T13:22:35","slug":"preparacao-do-triduo-pascal-na-paroquia-sao-jorge","status":"publish","type":"post","link":"http:\/\/irmasdesaojose.com.br\/portal\/preparacao-do-triduo-pascal-na-paroquia-sao-jorge\/","title":{"rendered":"Prepara\u00e7\u00e3o do Tr\u00edduo Pascal na Par\u00f3quia S\u00e3o Jorge"},"content":{"rendered":"<p style=\"text-align: justify;\"><span style=\"color: #000000;\">\u00a0 \u00a0 \u00a0 \u00a0 \u00a0 \u00a0 \u00a0 \u00a0Ir. Dominika Kulik e Ir. Doris Kulik, prepararam a decora\u00e7\u00e3o da Par\u00f3quia S\u00e3o Jorge, no bairro do Port\u00e3o, em Curitiba, PR, para <strong>o Tr\u00edduo Pascal<\/strong> deste ano, que aconteceu nos dias 17, 18 e 19 de abril.<\/span><\/p>\n<p style=\"text-align: justify;\"><a href=\"https:\/\/i0.wp.com\/irmasdesaojose.com.br\/portal\/wp-content\/uploads\/2014\/07\/IMG_15601-e1404569592315.jpg\"><img decoding=\"async\" loading=\"lazy\" class=\"aligncenter wp-image-547 size-full\" src=\"https:\/\/i0.wp.com\/irmasdesaojose.com.br\/portal\/wp-content\/uploads\/2014\/07\/IMG_15601-e1404569592315.jpg?resize=700%2C525\" alt=\"IMG_1560\" width=\"700\" height=\"525\" data-recalc-dims=\"1\" \/><\/a><\/p>\n<p style=\"text-align: justify;\"><a href=\"https:\/\/i0.wp.com\/irmasdesaojose.com.br\/portal\/wp-content\/uploads\/2014\/07\/IMG_15631-e1404569649460.jpg\"><img decoding=\"async\" loading=\"lazy\" class=\"aligncenter wp-image-549 size-full\" src=\"https:\/\/i0.wp.com\/irmasdesaojose.com.br\/portal\/wp-content\/uploads\/2014\/07\/IMG_15631-e1404569649460.jpg?resize=700%2C525\" alt=\"IMG_1563\" width=\"700\" height=\"525\" data-recalc-dims=\"1\" \/><\/a><\/p>\n<p style=\"text-align: justify;\"><span style=\"color: #000000;\">\u00a0\u00a0\u00a0\u00a0\u00a0\u00a0\u00a0\u00a0\u00a0\u00a0\u00a0 Na <strong>quinta-feira Santa<\/strong> prepararam as flores para decorar o altar para a grande celebra\u00e7\u00e3o da Ceia do Senhor e Lava-p\u00e9s.<\/span><\/p>\n<p style=\"text-align: justify;\"><!--more--><\/p>\n<p style=\"text-align: justify;\"><span style=\"color: #000000;\">\u00a0 \u00a0 \u00a0 \u00a0 \u00a0 Na <strong>sexta-feira Santa <\/strong>prepararam o t\u00famulo de Jesus e o local para a Adora\u00e7\u00e3o do Sant\u00edssimo Sacramento, durante todo o dia, no sal\u00e3o paroquial. Prepararam tamb\u00e9m a decora\u00e7\u00e3o do presbit\u00e9rio da Igreja, para a grande <strong>Vig\u00edlia Pascal<\/strong> e o domingo da <strong>Ressurrei\u00e7\u00e3o do Senhor<\/strong>.<\/span><\/p>\n<p style=\"text-align: justify;\"><a href=\"https:\/\/i0.wp.com\/irmasdesaojose.com.br\/portal\/wp-content\/uploads\/2014\/07\/IMG_15742-e1404570131729.jpg\"><img decoding=\"async\" loading=\"lazy\" class=\"aligncenter wp-image-563 size-full\" src=\"https:\/\/i0.wp.com\/irmasdesaojose.com.br\/portal\/wp-content\/uploads\/2014\/07\/IMG_15742-e1404570131729.jpg?resize=700%2C361\" alt=\"IMG_1574\" width=\"700\" height=\"361\" data-recalc-dims=\"1\" \/><\/a><\/p>\n<p style=\"text-align: justify;\"><a href=\"https:\/\/i0.wp.com\/irmasdesaojose.com.br\/portal\/wp-content\/uploads\/2014\/07\/IMG_15861-e1404569814913.jpg\"><img decoding=\"async\" loading=\"lazy\" class=\"aligncenter wp-image-552 size-full\" src=\"https:\/\/i0.wp.com\/irmasdesaojose.com.br\/portal\/wp-content\/uploads\/2014\/07\/IMG_15861-e1404569814913.jpg?resize=700%2C525\" alt=\"IMG_1586\" width=\"700\" height=\"525\" data-recalc-dims=\"1\" \/><\/a><\/p>\n<p style=\"text-align: left;\">\u00a0 \u00a0 \u00a0 \u00a0 \u00a0 \u00a0 \u00a0 \u00a0 \u00a0 \u00a0 \u00a0 \u00a0 \u00a0 \u00a0 \u00a0 \u00a0 \u00a0 \u00a0 \u00a0 \u00a0 \u00a0 \u00a0 \u00a0 \u00a0<a href=\"https:\/\/i0.wp.com\/irmasdesaojose.com.br\/portal\/wp-content\/uploads\/2014\/07\/IMG_15891-e1404569831281.jpg\"><img decoding=\"async\" loading=\"lazy\" class=\"alignnone size-medium wp-image-553\" src=\"https:\/\/i0.wp.com\/irmasdesaojose.com.br\/portal\/wp-content\/uploads\/2014\/07\/IMG_15891.jpg?resize=300%2C225\" alt=\"IMG_1589\" width=\"300\" height=\"225\" data-recalc-dims=\"1\" \/><\/a> <a href=\"https:\/\/i0.wp.com\/irmasdesaojose.com.br\/portal\/wp-content\/uploads\/2014\/07\/IMG_15901-e1404569846752.jpg\"><img decoding=\"async\" loading=\"lazy\" class=\"alignnone size-medium wp-image-554\" src=\"https:\/\/i0.wp.com\/irmasdesaojose.com.br\/portal\/wp-content\/uploads\/2014\/07\/IMG_15901.jpg?resize=300%2C225\" alt=\"IMG_1590\" width=\"300\" height=\"225\" data-recalc-dims=\"1\" \/><\/a><\/p>\n<p style=\"text-align: left;\">\u00a0 \u00a0 \u00a0 \u00a0 \u00a0 \u00a0 \u00a0 \u00a0 \u00a0 \u00a0 \u00a0 \u00a0 \u00a0 \u00a0 \u00a0 \u00a0 \u00a0 \u00a0 \u00a0 \u00a0 \u00a0 \u00a0 \u00a0 \u00a0<a href=\"https:\/\/i0.wp.com\/irmasdesaojose.com.br\/portal\/wp-content\/uploads\/2014\/07\/IMG_15921-e1404569893375.jpg\"><img decoding=\"async\" loading=\"lazy\" class=\"alignnone size-medium wp-image-556\" src=\"https:\/\/i0.wp.com\/irmasdesaojose.com.br\/portal\/wp-content\/uploads\/2014\/07\/IMG_15921.jpg?resize=300%2C225\" alt=\"IMG_1592\" width=\"300\" height=\"225\" data-recalc-dims=\"1\" \/><\/a>\u00a0<a href=\"https:\/\/i0.wp.com\/irmasdesaojose.com.br\/portal\/wp-content\/uploads\/2014\/07\/IMG_15941-e1404570030943.jpg\"><img decoding=\"async\" loading=\"lazy\" class=\"alignnone size-medium wp-image-557\" src=\"https:\/\/i0.wp.com\/irmasdesaojose.com.br\/portal\/wp-content\/uploads\/2014\/07\/IMG_15941.jpg?resize=300%2C225\" alt=\"IMG_1594\" width=\"300\" height=\"225\" data-recalc-dims=\"1\" \/><\/a><a href=\"http:\/\/irmasdesaojose.com.br\/portal\/wp-content\/uploads\/2014\/07\/IMG_15941-e1404570030943.jpg\"><br \/>\n<\/a><\/p>\n<p style=\"text-align: center;\"><a href=\"https:\/\/i0.wp.com\/irmasdesaojose.com.br\/portal\/wp-content\/uploads\/2014\/07\/IMG_15911-e1404569866380.jpg\"><img decoding=\"async\" loading=\"lazy\" class=\"aligncenter wp-image-555 size-medium\" src=\"https:\/\/i0.wp.com\/irmasdesaojose.com.br\/portal\/wp-content\/uploads\/2014\/07\/IMG_15911.jpg?resize=225%2C300\" alt=\"IMG_1591\" width=\"225\" height=\"300\" data-recalc-dims=\"1\" \/><\/a><br \/>\n<span style=\"color: #000000;\">\u00a0 \u00a0 \u00a0 \u00a0\u00a0<\/span><\/p>\n<p style=\"text-align: center;\"><span style=\"color: #000000;\">\u00a0 \u00a0 \u00a0 As Irm\u00e3s tamb\u00e9m prepararam um altar para a novena da Divina Miseric\u00f3rdia deste ano, que teve como tema Jo\u00e3o Paulo II.<\/span><\/p>\n<p style=\"text-align: justify;\">\u00a0 \u00a0 \u00a0 \u00a0 \u00a0 \u00a0 \u00a0 \u00a0 \u00a0 \u00a0 \u00a0 \u00a0 \u00a0 \u00a0 \u00a0 \u00a0\u00a0<a href=\"https:\/\/i0.wp.com\/irmasdesaojose.com.br\/portal\/wp-content\/uploads\/2014\/07\/IMG_1595-e1404570052310.jpg\"><img decoding=\"async\" loading=\"lazy\" class=\"alignnone size-medium wp-image-558\" src=\"https:\/\/i0.wp.com\/irmasdesaojose.com.br\/portal\/wp-content\/uploads\/2014\/07\/IMG_1595.jpg?resize=300%2C225\" alt=\"IMG_1595\" width=\"300\" height=\"225\" data-recalc-dims=\"1\" \/><\/a> <a href=\"https:\/\/i0.wp.com\/irmasdesaojose.com.br\/portal\/wp-content\/uploads\/2014\/07\/IMG_1602-e1404570115166.jpg\"><img decoding=\"async\" loading=\"lazy\" class=\"alignnone size-medium wp-image-562\" src=\"https:\/\/i0.wp.com\/irmasdesaojose.com.br\/portal\/wp-content\/uploads\/2014\/07\/IMG_1602.jpg?resize=300%2C225\" alt=\"IMG_1602\" width=\"300\" height=\"225\" data-recalc-dims=\"1\" \/><\/a><\/p>\n<p style=\"text-align: justify;\">\u00a0 \u00a0 \u00a0 \u00a0 \u00a0 \u00a0 \u00a0 \u00a0 \u00a0 \u00a0 \u00a0<a href=\"https:\/\/i0.wp.com\/irmasdesaojose.com.br\/portal\/wp-content\/uploads\/2014\/07\/IMG_1596-e1404570068378.jpg\"><img decoding=\"async\" loading=\"lazy\" class=\"alignnone size-medium wp-image-559\" src=\"https:\/\/i0.wp.com\/irmasdesaojose.com.br\/portal\/wp-content\/uploads\/2014\/07\/IMG_1596.jpg?resize=225%2C300\" alt=\"IMG_1596\" width=\"225\" height=\"300\" data-recalc-dims=\"1\" \/><\/a> <a href=\"https:\/\/i0.wp.com\/irmasdesaojose.com.br\/portal\/wp-content\/uploads\/2014\/07\/IMG_1598.jpg\"><img decoding=\"async\" loading=\"lazy\" class=\"alignnone size-medium wp-image-560\" src=\"https:\/\/i0.wp.com\/irmasdesaojose.com.br\/portal\/wp-content\/uploads\/2014\/07\/IMG_1598.jpg?resize=225%2C300\" alt=\"IMG_1598\" width=\"225\" height=\"300\" srcset=\"https:\/\/i0.wp.com\/irmasdesaojose.com.br\/portal\/wp-content\/uploads\/2014\/07\/IMG_1598.jpg?resize=225%2C300 225w, https:\/\/i0.wp.com\/irmasdesaojose.com.br\/portal\/wp-content\/uploads\/2014\/07\/IMG_1598.jpg?resize=768%2C1024 768w, https:\/\/i0.wp.com\/irmasdesaojose.com.br\/portal\/wp-content\/uploads\/2014\/07\/IMG_1598.jpg?w=2000 2000w, https:\/\/i0.wp.com\/irmasdesaojose.com.br\/portal\/wp-content\/uploads\/2014\/07\/IMG_1598.jpg?w=3000 3000w\" sizes=\"(max-width: 225px) 100vw, 225px\" data-recalc-dims=\"1\" \/><\/a> <a href=\"https:\/\/i0.wp.com\/irmasdesaojose.com.br\/portal\/wp-content\/uploads\/2014\/07\/IMG_1600-e1404570097629.jpg\"><img decoding=\"async\" loading=\"lazy\" class=\"alignnone size-medium wp-image-561\" src=\"https:\/\/i0.wp.com\/irmasdesaojose.com.br\/portal\/wp-content\/uploads\/2014\/07\/IMG_1600.jpg?resize=225%2C300\" alt=\"IMG_1600\" width=\"225\" height=\"300\" data-recalc-dims=\"1\" \/><\/a><\/p>\n","protected":false},"excerpt":{"rendered":"<p>\u00a0 \u00a0 \u00a0 \u00a0 \u00a0 \u00a0 \u00a0 \u00a0Ir. Dominika Kulik e Ir. Doris Kulik, prepararam a decora\u00e7\u00e3o da Par\u00f3quia S\u00e3o Jorge, no bairro do Port\u00e3o, em Curitiba, PR, para o Tr\u00edduo Pascal deste ano, que aconteceu nos dias 17, 18 e 19 de abril. \u00a0\u00a0\u00a0\u00a0\u00a0\u00a0\u00a0\u00a0\u00a0\u00a0\u00a0 Na quinta-feira Santa prepararam as flores para decorar o altar [&hellip;]<\/p>\n","protected":false},"author":1,"featured_media":0,"comment_status":"open","ping_status":"open","sticky":false,"template":"","format":"standard","meta":{"_monsterinsights_skip_tracking":false,"_monsterinsights_sitenote_active":false,"_monsterinsights_sitenote_note":"","_monsterinsights_sitenote_category":0,"jetpack_post_was_ever_published":false,"_jetpack_newsletter_access":"","_jetpack_dont_email_post_to_subs":false,"_jetpack_newsletter_tier_id":0,"_jetpack_memberships_contains_paywalled_content":false,"footnotes":"","_jetpack_memberships_contains_paid_content":false,"jetpack_publicize_message":"","jetpack_publicize_feature_enabled":true,"jetpack_social_post_already_shared":true,"jetpack_social_options":{"image_generator_settings":{"template":"highway","enabled":false}}},"categories":[1],"tags":[17,13,23,51,53],"jetpack_publicize_connections":[],"jetpack_featured_media_url":"","jetpack_shortlink":"https:\/\/wp.me\/p4Ftkv-8O","jetpack_sharing_enabled":true,"_links":{"self":[{"href":"http:\/\/irmasdesaojose.com.br\/portal\/wp-json\/wp\/v2\/posts\/546"}],"collection":[{"href":"http:\/\/irmasdesaojose.com.br\/portal\/wp-json\/wp\/v2\/posts"}],"about":[{"href":"http:\/\/irmasdesaojose.com.br\/portal\/wp-json\/wp\/v2\/types\/post"}],"author":[{"embeddable":true,"href":"http:\/\/irmasdesaojose.com.br\/portal\/wp-json\/wp\/v2\/users\/1"}],"replies":[{"embeddable":true,"href":"http:\/\/irmasdesaojose.com.br\/portal\/wp-json\/wp\/v2\/comments?post=546"}],"version-history":[{"count":8,"href":"http:\/\/irmasdesaojose.com.br\/portal\/wp-json\/wp\/v2\/posts\/546\/revisions"}],"predecessor-version":[{"id":613,"href":"http:\/\/irmasdesaojose.com.br\/portal\/wp-json\/wp\/v2\/posts\/546\/revisions\/613"}],"wp:attachment":[{"href":"http:\/\/irmasdesaojose.com.br\/portal\/wp-json\/wp\/v2\/media?parent=546"}],"wp:term":[{"taxonomy":"category","embeddable":true,"href":"http:\/\/irmasdesaojose.com.br\/portal\/wp-json\/wp\/v2\/categories?post=546"},{"taxonomy":"post_tag","embeddable":true,"href":"http:\/\/irmasdesaojose.com.br\/portal\/wp-json\/wp\/v2\/tags?post=546"}],"curies":[{"name":"wp","href":"https:\/\/api.w.org\/{rel}","templated":true}]}}