{"id":5671,"date":"2017-08-31T14:36:26","date_gmt":"2017-08-31T17:36:26","guid":{"rendered":"http:\/\/irmasdesaojose.com.br\/portal\/?p=5671"},"modified":"2017-08-31T14:37:24","modified_gmt":"2017-08-31T17:37:24","slug":"encontro-dos-religiosos","status":"publish","type":"post","link":"http:\/\/irmasdesaojose.com.br\/portal\/encontro-dos-religiosos\/","title":{"rendered":"Encontro dos Religiosos"},"content":{"rendered":"<p><img decoding=\"async\" loading=\"lazy\" class=\"size-medium wp-image-5697 alignleft\" src=\"https:\/\/i0.wp.com\/irmasdesaojose.com.br\/portal\/wp-content\/uploads\/2017\/08\/Slide6-2.jpg?resize=216%2C300\" alt=\"Slide6\" width=\"216\" height=\"300\" srcset=\"https:\/\/i0.wp.com\/irmasdesaojose.com.br\/portal\/wp-content\/uploads\/2017\/08\/Slide6-2.jpg?resize=216%2C300 216w, https:\/\/i0.wp.com\/irmasdesaojose.com.br\/portal\/wp-content\/uploads\/2017\/08\/Slide6-2.jpg?w=491 491w\" sizes=\"(max-width: 216px) 100vw, 216px\" data-recalc-dims=\"1\" \/><\/p>\n<p style=\"text-align: justify;\"><span style=\"color: #000000;\">Iniciamos o encontro com a celebra\u00e7\u00e3o da Santa Missa, presidida pelo <strong>Pe.<\/strong> <strong>Rog\u00e9rio Tanan Diniz, MIC<\/strong> e o <strong>Pe. Jo\u00e3o Jorge Nogueira Costa<\/strong>, <strong>Piamartino<\/strong> e com a presen\u00e7a das <strong>Irm\u00e3s Servas dos Pobres<\/strong>. Lembramos nesse encontro, de modo especial, o dia dos <strong>Consagrados<\/strong> e a <strong>mem\u00f3ria<\/strong> <strong>viva<\/strong> dos nossos <strong>Santos Fundadores.<\/strong><\/span><\/p>\n<p style=\"text-align: justify;\"><span style=\"color: #000000;\">Ap\u00f3s a Santa Missa realizamos um momento de forma\u00e7\u00e3o, com o estudo do documento <strong>\u201cAnunciai\u201d<\/strong>, carta para os <strong>Consagrados<\/strong>, e uma breve partilha de todos os presentes. Ao final do encontro fizemos a nossa habitual confraterniza\u00e7\u00e3o.<\/span><\/p>\n<p style=\"text-align: justify;\"><span style=\"color: #000000;\">Esse encontro \u00e9 sempre um momento de conviv\u00eancia fraterna e renova\u00e7\u00e3o de nossas for\u00e7as espirituais, para juntos podermos testemunhar a alegria de ser Consagrados.<\/span><\/p>\n<hr \/>\n<p style=\"text-align: justify;\">\n<h3 style=\"text-align: center;\"><span style=\"color: #800000;\">Que Deus aben\u00e7oe a Todos os Consagrados.<\/span><\/h3>\n<p style=\"text-align: center;\">\n<div id=\"slideshow-5698-69f2d3325e092\" class=\"wk-slideshow wk-slideshow-default\" data-widgetkit=\"slideshow\" data-options='{\"style\":\"default\",\"autoplay\":1,\"interval\":5000,\"width\":\"auto\",\"height\":\"auto\",\"duration\":500,\"index\":0,\"order\":\"default\",\"navigation\":1,\"buttons\":0,\"slices\":20,\"animated\":\"scroll\",\"caption_animation_duration\":500}'>\n\t<div>\n\t\t<ul class=\"slides\">\n\n\t\t\t\t\t\t\t\t\t<li>\n\t\t\t\t<article class=\"wk-content clearfix\"><img src=\"https:\/\/i0.wp.com\/irmasdesaojose.com.br\/portal\/wp-content\/uploads\/2017\/08\/Slide1-2.jpg?resize=682%2C491\" alt=\"Slide1\" width=\"682\" height=\"491\" class=\"aligncenter size-full wp-image-5692\" data-recalc-dims=\"1\" \/><\/article>\n\t\t\t<\/li>\n\t\t\t\t\t\t\t\t\t\t\t\t<li>\n\t\t\t\t<article class=\"wk-content clearfix\"><img src=\"data:image\/gif;base64,R0lGODlhAQABAJEAAAAAAP\/\/\/\/\/\/\/wAAACH5BAEHAAIALAAAAAABAAEAAAICVAEAOw==\" data-src=\"http:\/\/irmasdesaojose.com.br\/portal\/wp-content\/uploads\/2017\/08\/Slide2-2.jpg\" alt=\"Slide2\" width=\"682\" height=\"491\" class=\"aligncenter size-full wp-image-5693\" \/><\/article>\n\t\t\t<\/li>\n\t\t\t\t\t\t\t\t\t\t\t\t<li>\n\t\t\t\t<article class=\"wk-content clearfix\"><img src=\"data:image\/gif;base64,R0lGODlhAQABAJEAAAAAAP\/\/\/\/\/\/\/wAAACH5BAEHAAIALAAAAAABAAEAAAICVAEAOw==\" data-src=\"http:\/\/irmasdesaojose.com.br\/portal\/wp-content\/uploads\/2017\/08\/Slide3-2.jpg\" alt=\"Slide3\" width=\"682\" height=\"491\" class=\"aligncenter size-full wp-image-5694\" \/><\/article>\n\t\t\t<\/li>\n\t\t\t\t\t\t\t\t\t\t\t\t<li>\n\t\t\t\t<article class=\"wk-content clearfix\"><img src=\"data:image\/gif;base64,R0lGODlhAQABAJEAAAAAAP\/\/\/\/\/\/\/wAAACH5BAEHAAIALAAAAAABAAEAAAICVAEAOw==\" data-src=\"http:\/\/irmasdesaojose.com.br\/portal\/wp-content\/uploads\/2017\/08\/Slide4-2.jpg\" alt=\"Slide4\" width=\"682\" height=\"491\" class=\"aligncenter size-full wp-image-5695\" \/><\/article>\n\t\t\t<\/li>\n\t\t\t\t\t\t\t\t\t\t\t\t<li>\n\t\t\t\t<article class=\"wk-content clearfix\"><img src=\"data:image\/gif;base64,R0lGODlhAQABAJEAAAAAAP\/\/\/\/\/\/\/wAAACH5BAEHAAIALAAAAAABAAEAAAICVAEAOw==\" data-src=\"http:\/\/irmasdesaojose.com.br\/portal\/wp-content\/uploads\/2017\/08\/Slide5-2.jpg\" alt=\"Slide5\" width=\"682\" height=\"491\" class=\"aligncenter size-full wp-image-5696\" \/><\/article>\n\t\t\t<\/li>\n\t\t\t\t\t\t\t\t<\/ul>\n\t\t\t\t<div class=\"caption\"><\/div><ul class=\"captions\"><li><\/li><li><\/li><li><\/li><li><\/li><li><\/li><\/ul>\n\t<\/div>\n\t<ul class=\"nav\"><li><span><\/span><\/li><li><span><\/span><\/li><li><span><\/span><\/li><li><span><\/span><\/li><li><span><\/span><\/li><\/ul><\/div><\/p>\n<p style=\"text-align: justify;\">\n","protected":false},"excerpt":{"rendered":"<p>Iniciamos o encontro com a celebra\u00e7\u00e3o da Santa Missa, presidida pelo Pe. Rog\u00e9rio Tanan Diniz, MIC e o Pe. Jo\u00e3o Jorge Nogueira Costa, Piamartino e com a presen\u00e7a das Irm\u00e3s Servas dos Pobres. Lembramos nesse encontro, de modo especial, o dia dos Consagrados e a mem\u00f3ria viva dos nossos Santos Fundadores. Ap\u00f3s a Santa Missa [&hellip;]<\/p>\n","protected":false},"author":1,"featured_media":0,"comment_status":"open","ping_status":"open","sticky":false,"template":"","format":"standard","meta":{"_monsterinsights_skip_tracking":false,"_monsterinsights_sitenote_active":false,"_monsterinsights_sitenote_note":"","_monsterinsights_sitenote_category":0,"jetpack_post_was_ever_published":false,"_jetpack_newsletter_access":"","_jetpack_dont_email_post_to_subs":false,"_jetpack_newsletter_tier_id":0,"_jetpack_memberships_contains_paywalled_content":false,"footnotes":"","_jetpack_memberships_contains_paid_content":false,"jetpack_publicize_message":"","jetpack_publicize_feature_enabled":true,"jetpack_social_post_already_shared":true,"jetpack_social_options":{"image_generator_settings":{"template":"highway","enabled":false}}},"categories":[1],"tags":[221,64,218,220,219],"jetpack_publicize_connections":[],"jetpack_featured_media_url":"","jetpack_shortlink":"https:\/\/wp.me\/p4Ftkv-1tt","jetpack_sharing_enabled":true,"_links":{"self":[{"href":"http:\/\/irmasdesaojose.com.br\/portal\/wp-json\/wp\/v2\/posts\/5671"}],"collection":[{"href":"http:\/\/irmasdesaojose.com.br\/portal\/wp-json\/wp\/v2\/posts"}],"about":[{"href":"http:\/\/irmasdesaojose.com.br\/portal\/wp-json\/wp\/v2\/types\/post"}],"author":[{"embeddable":true,"href":"http:\/\/irmasdesaojose.com.br\/portal\/wp-json\/wp\/v2\/users\/1"}],"replies":[{"embeddable":true,"href":"http:\/\/irmasdesaojose.com.br\/portal\/wp-json\/wp\/v2\/comments?post=5671"}],"version-history":[{"count":4,"href":"http:\/\/irmasdesaojose.com.br\/portal\/wp-json\/wp\/v2\/posts\/5671\/revisions"}],"predecessor-version":[{"id":5700,"href":"http:\/\/irmasdesaojose.com.br\/portal\/wp-json\/wp\/v2\/posts\/5671\/revisions\/5700"}],"wp:attachment":[{"href":"http:\/\/irmasdesaojose.com.br\/portal\/wp-json\/wp\/v2\/media?parent=5671"}],"wp:term":[{"taxonomy":"category","embeddable":true,"href":"http:\/\/irmasdesaojose.com.br\/portal\/wp-json\/wp\/v2\/categories?post=5671"},{"taxonomy":"post_tag","embeddable":true,"href":"http:\/\/irmasdesaojose.com.br\/portal\/wp-json\/wp\/v2\/tags?post=5671"}],"curies":[{"name":"wp","href":"https:\/\/api.w.org\/{rel}","templated":true}]}}