{"id":5940,"date":"2018-03-23T14:18:12","date_gmt":"2018-03-23T17:18:12","guid":{"rendered":"http:\/\/irmasdesaojose.com.br\/portal\/?p=5940"},"modified":"2018-04-15T21:22:09","modified_gmt":"2018-04-16T00:22:09","slug":"juniorado-estrito-sob-olhar-de-sao-jose","status":"publish","type":"post","link":"http:\/\/irmasdesaojose.com.br\/portal\/juniorado-estrito-sob-olhar-de-sao-jose\/","title":{"rendered":"Juniorado estrito sob olhar de S\u00e3o Jos\u00e9"},"content":{"rendered":"<p style=\"text-align: justify;\"><span style=\"color: #000000;\">Na Solenidade do nosso Padroeiro Principal &#8211; S\u00e3o Jos\u00e9, no dia de\u00a0<strong>19 de mar\u00e7o de 2018 na Comunidade das Irm\u00e3s de S\u00e3o Jos\u00e9 em Curitiba:<\/strong> <em>ir. Luiza e ir. Maria Anita<\/em> come\u00e7aram o <strong>Juniorado Estrito<\/strong> &#8211; o tempo de deserto com Deus e de forma\u00e7\u00e3o mais intensa. Durante este ano a\u00a0<em>Ir. Maria Dominika<\/em> lhes acompanhar\u00e1.<\/span><\/p>\n<p style=\"text-align: center;\"><span style=\"color: #000000;\">Desejamos as Irm\u00e3s, que olhar paternal e o cuidado de S\u00e3o Jos\u00e9 lhes acompanha, e que possam renovar suas for\u00e7as espirituais.\u00a0\u00a0<\/span><\/p>\n<p style=\"text-align: center;\">\n<div id=\"slideset-5945-69f2c0f5935bd\" class=\"wk-slideset wk-slideset-default\" data-widgetkit=\"slideset\" data-options='{\"style\":\"default\",\"width\":\"auto\",\"height\":\"auto\",\"effect\":\"zoom\",\"index\":0,\"autoplay\":1,\"interval\":5000,\"items_per_set\":1,\"navigation\":1,\"buttons\":0,\"title\":1,\"duration\":300}'>\n\t<div>\n\t\t<div class=\"sets\">\n\t\t\t\t\t\t\t<ul class=\"set\">\n\t\t\t\t\t\t\t\t\t\t\t\t\t\t\t<li>\n\t\t\t\t\t\t<article class=\"wk-content\"><img src=\"https:\/\/i0.wp.com\/irmasdesaojose.com.br\/portal\/wp-content\/uploads\/2018\/04\/Slide1.png?resize=682%2C491\" alt=\"Slide1\" width=\"682\" height=\"491\" class=\"aligncenter size-full wp-image-5942\" data-recalc-dims=\"1\" \/><\/article>\n\t\t\t\t\t\t\t\t\t\t\t\t<strong class=\"title\"><\/strong>\n\t\t\t\t\t\t\t\t\t\t\t<\/li>\n\t\t\t\t\t\t\t\t\t<\/ul>\n\t\t\t\t\t\t\t\t\t\t\t<ul class=\"set\">\n\t\t\t\t\t\t\t\t\t\t\t\t\t\t\t<li>\n\t\t\t\t\t\t<article class=\"wk-content\"><img src=\"data:image\/gif;base64,R0lGODlhAQABAJEAAAAAAP\/\/\/\/\/\/\/wAAACH5BAEHAAIALAAAAAABAAEAAAICVAEAOw==\" data-src=\"http:\/\/irmasdesaojose.com.br\/portal\/wp-content\/uploads\/2018\/04\/Slide2-1.png\" alt=\"Slide2\" width=\"682\" height=\"491\" class=\"aligncenter size-full wp-image-5943\" \/><\/article>\n\t\t\t\t\t\t\t\t\t\t\t\t<strong class=\"title\"><\/strong>\n\t\t\t\t\t\t\t\t\t\t\t<\/li>\n\t\t\t\t\t\t\t\t\t<\/ul>\n\t\t\t\t\t\t\t\t\t\t\t<ul class=\"set\">\n\t\t\t\t\t\t\t\t\t\t\t\t\t\t\t<li>\n\t\t\t\t\t\t<article class=\"wk-content\"><img src=\"data:image\/gif;base64,R0lGODlhAQABAJEAAAAAAP\/\/\/\/\/\/\/wAAACH5BAEHAAIALAAAAAABAAEAAAICVAEAOw==\" data-src=\"http:\/\/irmasdesaojose.com.br\/portal\/wp-content\/uploads\/2018\/04\/Slide3-1.png\" alt=\"Slide3\" width=\"682\" height=\"491\" class=\"aligncenter size-full wp-image-5944\" \/><\/article>\n\t\t\t\t\t\t\t\t\t\t\t\t<strong class=\"title\"><\/strong>\n\t\t\t\t\t\t\t\t\t\t\t<\/li>\n\t\t\t\t\t\t\t\t\t<\/ul>\n\t\t\t\t\t\t\t\t\t<\/div>\n\t\t\t<\/div>\n\t\t<ul class=\"nav icon\"><li><span><\/span><\/li><li><span><\/span><\/li><li><span><\/span><\/li><\/ul>\n\t<\/div><\/p>\n","protected":false},"excerpt":{"rendered":"<p>Na Solenidade do nosso Padroeiro Principal &#8211; S\u00e3o Jos\u00e9, no dia de\u00a019 de mar\u00e7o de 2018 na Comunidade das Irm\u00e3s de S\u00e3o Jos\u00e9 em Curitiba: ir. Luiza e ir. Maria Anita come\u00e7aram o Juniorado Estrito &#8211; o tempo de deserto com Deus e de forma\u00e7\u00e3o mais intensa. Durante este ano a\u00a0Ir. Maria Dominika lhes acompanhar\u00e1. [&hellip;]<\/p>\n","protected":false},"author":1,"featured_media":0,"comment_status":"open","ping_status":"open","sticky":false,"template":"","format":"standard","meta":{"_monsterinsights_skip_tracking":false,"_monsterinsights_sitenote_active":false,"_monsterinsights_sitenote_note":"","_monsterinsights_sitenote_category":0,"jetpack_post_was_ever_published":false,"_jetpack_newsletter_access":"","_jetpack_dont_email_post_to_subs":false,"_jetpack_newsletter_tier_id":0,"_jetpack_memberships_contains_paywalled_content":false,"footnotes":"","_jetpack_memberships_contains_paid_content":false,"jetpack_publicize_message":"","jetpack_publicize_feature_enabled":true,"jetpack_social_post_already_shared":true,"jetpack_social_options":{"image_generator_settings":{"template":"highway","enabled":false}}},"categories":[1],"tags":[17,110,117,13],"jetpack_publicize_connections":[],"jetpack_featured_media_url":"","jetpack_shortlink":"https:\/\/wp.me\/p4Ftkv-1xO","jetpack_sharing_enabled":true,"_links":{"self":[{"href":"http:\/\/irmasdesaojose.com.br\/portal\/wp-json\/wp\/v2\/posts\/5940"}],"collection":[{"href":"http:\/\/irmasdesaojose.com.br\/portal\/wp-json\/wp\/v2\/posts"}],"about":[{"href":"http:\/\/irmasdesaojose.com.br\/portal\/wp-json\/wp\/v2\/types\/post"}],"author":[{"embeddable":true,"href":"http:\/\/irmasdesaojose.com.br\/portal\/wp-json\/wp\/v2\/users\/1"}],"replies":[{"embeddable":true,"href":"http:\/\/irmasdesaojose.com.br\/portal\/wp-json\/wp\/v2\/comments?post=5940"}],"version-history":[{"count":5,"href":"http:\/\/irmasdesaojose.com.br\/portal\/wp-json\/wp\/v2\/posts\/5940\/revisions"}],"predecessor-version":[{"id":5950,"href":"http:\/\/irmasdesaojose.com.br\/portal\/wp-json\/wp\/v2\/posts\/5940\/revisions\/5950"}],"wp:attachment":[{"href":"http:\/\/irmasdesaojose.com.br\/portal\/wp-json\/wp\/v2\/media?parent=5940"}],"wp:term":[{"taxonomy":"category","embeddable":true,"href":"http:\/\/irmasdesaojose.com.br\/portal\/wp-json\/wp\/v2\/categories?post=5940"},{"taxonomy":"post_tag","embeddable":true,"href":"http:\/\/irmasdesaojose.com.br\/portal\/wp-json\/wp\/v2\/tags?post=5940"}],"curies":[{"name":"wp","href":"https:\/\/api.w.org\/{rel}","templated":true}]}}