{"id":6476,"date":"2019-08-21T10:14:20","date_gmt":"2019-08-21T13:14:20","guid":{"rendered":"http:\/\/irmasdesaojose.com.br\/portal\/?p=6476"},"modified":"2019-09-08T14:41:31","modified_gmt":"2019-09-08T17:41:31","slug":"viva-vida-consagrada","status":"publish","type":"post","link":"http:\/\/irmasdesaojose.com.br\/portal\/viva-vida-consagrada\/","title":{"rendered":"Viva Vida Consagrada!"},"content":{"rendered":"<p style=\"text-align: justify;\"><span style=\"color: #000000;\"><span style=\"color: #800000;\"><strong>No terceiro Domingo do m\u00eas de agosto, dedicado \u00e0s voca\u00e7\u00f5es , a Igreja no Brasil celebra a Vida Consagrada<\/strong><\/span>. A vida religiosa \u00e9 o chamado a homens e mulheres que, vivendo em comunidade, buscam a santidade pessoal e assumem a miss\u00e3o pr\u00f3pria do seu Instituto, Ordem ou Congrega\u00e7\u00e3o.<\/span><\/p>\n<p style=\"text-align: justify;\"><span style=\"color: #000000;\">Existem v\u00e1rias formas de Vida Consagrada, as contemplativas e ativas. Um religioso pode fazer parte de uma comunidade mon\u00e1stica, em um mosteiro. Ou pode ter uma vida ativa, se inserindo em realidades profissionais e evangelizadoras.<\/span><\/p>\n<p style=\"text-align: justify;\"><span style=\"color: #000000;\">Neste Domingo ir. Rosenilda com ir. Dominika apresentaram na paroquia de S\u00e3o Sebasti\u00e3o e na Capela de Nossa Senhora de F\u00e1tima os videos sobre a Congrega\u00e7\u00e3o das Irm\u00e3s de S\u00e3o Jos\u00e9 e apresentaram para os fieis como as Irm\u00e3s no seu dia a dia, realizam o dom da voca\u00e7\u00e3o religiosa.\u00a0<\/span><\/p>\n<p><span class=\"embed-youtube\" style=\"text-align:center; display: block;\"><iframe loading=\"lazy\" class=\"youtube-player\" width=\"640\" height=\"360\" src=\"https:\/\/www.youtube.com\/embed\/TbTh8w57T5k?version=3&#038;rel=1&#038;showsearch=0&#038;showinfo=1&#038;iv_load_policy=1&#038;fs=1&#038;hl=pt-BR&#038;autohide=2&#038;wmode=transparent\" allowfullscreen=\"true\" style=\"border:0;\" sandbox=\"allow-scripts allow-same-origin allow-popups allow-presentation allow-popups-to-escape-sandbox\"><\/iframe><\/span><\/p>\n<p>&nbsp;<\/p>\n<p><span class=\"embed-youtube\" style=\"text-align:center; display: block;\"><iframe loading=\"lazy\" class=\"youtube-player\" width=\"640\" height=\"360\" src=\"https:\/\/www.youtube.com\/embed\/6sj2UYHD4oI?version=3&#038;rel=1&#038;showsearch=0&#038;showinfo=1&#038;iv_load_policy=1&#038;fs=1&#038;hl=pt-BR&#038;autohide=2&#038;wmode=transparent\" allowfullscreen=\"true\" style=\"border:0;\" sandbox=\"allow-scripts allow-same-origin allow-popups allow-presentation allow-popups-to-escape-sandbox\"><\/iframe><\/span><\/p>\n<h2 style=\"text-align: center;\">Elas tamb\u00e9m foram homenageadas por varias pessoas durante as celebra\u00e7\u00f5es Eucar\u00edsticas.<\/h2>\n<p><img decoding=\"async\" loading=\"lazy\" class=\"size-medium wp-image-6478 alignleft\" src=\"https:\/\/i0.wp.com\/irmasdesaojose.com.br\/portal\/wp-content\/uploads\/2019\/09\/Slide2-1.jpg?resize=216%2C300\" alt=\"Slide2\" width=\"216\" height=\"300\" srcset=\"https:\/\/i0.wp.com\/irmasdesaojose.com.br\/portal\/wp-content\/uploads\/2019\/09\/Slide2-1.jpg?resize=216%2C300 216w, https:\/\/i0.wp.com\/irmasdesaojose.com.br\/portal\/wp-content\/uploads\/2019\/09\/Slide2-1.jpg?w=491 491w\" sizes=\"(max-width: 216px) 100vw, 216px\" data-recalc-dims=\"1\" \/><img decoding=\"async\" loading=\"lazy\" class=\"size-medium wp-image-6479 alignleft\" src=\"https:\/\/i0.wp.com\/irmasdesaojose.com.br\/portal\/wp-content\/uploads\/2019\/09\/Slide3-1.jpg?resize=216%2C300\" alt=\"Slide3\" width=\"216\" height=\"300\" srcset=\"https:\/\/i0.wp.com\/irmasdesaojose.com.br\/portal\/wp-content\/uploads\/2019\/09\/Slide3-1.jpg?resize=216%2C300 216w, https:\/\/i0.wp.com\/irmasdesaojose.com.br\/portal\/wp-content\/uploads\/2019\/09\/Slide3-1.jpg?w=491 491w\" sizes=\"(max-width: 216px) 100vw, 216px\" data-recalc-dims=\"1\" \/><img decoding=\"async\" loading=\"lazy\" class=\"size-medium wp-image-6480 alignleft\" src=\"https:\/\/i0.wp.com\/irmasdesaojose.com.br\/portal\/wp-content\/uploads\/2019\/09\/Slide4-1.jpg?resize=216%2C300\" alt=\"Slide4\" width=\"216\" height=\"300\" srcset=\"https:\/\/i0.wp.com\/irmasdesaojose.com.br\/portal\/wp-content\/uploads\/2019\/09\/Slide4-1.jpg?resize=216%2C300 216w, https:\/\/i0.wp.com\/irmasdesaojose.com.br\/portal\/wp-content\/uploads\/2019\/09\/Slide4-1.jpg?w=491 491w\" sizes=\"(max-width: 216px) 100vw, 216px\" data-recalc-dims=\"1\" \/><\/p>\n","protected":false},"excerpt":{"rendered":"<p>No terceiro Domingo do m\u00eas de agosto, dedicado \u00e0s voca\u00e7\u00f5es , a Igreja no Brasil celebra a Vida Consagrada. A vida religiosa \u00e9 o chamado a homens e mulheres que, vivendo em comunidade, buscam a santidade pessoal e assumem a miss\u00e3o pr\u00f3pria do seu Instituto, Ordem ou Congrega\u00e7\u00e3o. Existem v\u00e1rias formas de Vida Consagrada, as [&hellip;]<\/p>\n","protected":false},"author":1,"featured_media":0,"comment_status":"open","ping_status":"open","sticky":false,"template":"","format":"standard","meta":{"_monsterinsights_skip_tracking":false,"_monsterinsights_sitenote_active":false,"_monsterinsights_sitenote_note":"","_monsterinsights_sitenote_category":0,"jetpack_post_was_ever_published":false,"_jetpack_newsletter_access":"","_jetpack_dont_email_post_to_subs":false,"_jetpack_newsletter_tier_id":0,"_jetpack_memberships_contains_paywalled_content":false,"footnotes":"","_jetpack_memberships_contains_paid_content":false,"jetpack_publicize_message":"","jetpack_publicize_feature_enabled":true,"jetpack_social_post_already_shared":true,"jetpack_social_options":{"image_generator_settings":{"template":"highway","enabled":false}}},"categories":[1],"tags":[13,256,69,255],"jetpack_publicize_connections":[],"jetpack_featured_media_url":"","jetpack_shortlink":"https:\/\/wp.me\/p4Ftkv-1Gs","jetpack_sharing_enabled":true,"_links":{"self":[{"href":"http:\/\/irmasdesaojose.com.br\/portal\/wp-json\/wp\/v2\/posts\/6476"}],"collection":[{"href":"http:\/\/irmasdesaojose.com.br\/portal\/wp-json\/wp\/v2\/posts"}],"about":[{"href":"http:\/\/irmasdesaojose.com.br\/portal\/wp-json\/wp\/v2\/types\/post"}],"author":[{"embeddable":true,"href":"http:\/\/irmasdesaojose.com.br\/portal\/wp-json\/wp\/v2\/users\/1"}],"replies":[{"embeddable":true,"href":"http:\/\/irmasdesaojose.com.br\/portal\/wp-json\/wp\/v2\/comments?post=6476"}],"version-history":[{"count":2,"href":"http:\/\/irmasdesaojose.com.br\/portal\/wp-json\/wp\/v2\/posts\/6476\/revisions"}],"predecessor-version":[{"id":6483,"href":"http:\/\/irmasdesaojose.com.br\/portal\/wp-json\/wp\/v2\/posts\/6476\/revisions\/6483"}],"wp:attachment":[{"href":"http:\/\/irmasdesaojose.com.br\/portal\/wp-json\/wp\/v2\/media?parent=6476"}],"wp:term":[{"taxonomy":"category","embeddable":true,"href":"http:\/\/irmasdesaojose.com.br\/portal\/wp-json\/wp\/v2\/categories?post=6476"},{"taxonomy":"post_tag","embeddable":true,"href":"http:\/\/irmasdesaojose.com.br\/portal\/wp-json\/wp\/v2\/tags?post=6476"}],"curies":[{"name":"wp","href":"https:\/\/api.w.org\/{rel}","templated":true}]}}