{"id":6515,"date":"2019-09-30T12:04:24","date_gmt":"2019-09-30T15:04:24","guid":{"rendered":"http:\/\/irmasdesaojose.com.br\/portal\/?p=6515"},"modified":"2019-09-30T12:04:24","modified_gmt":"2019-09-30T15:04:24","slug":"entrega-das-reliquias-de-sao-sigismundo","status":"publish","type":"post","link":"http:\/\/irmasdesaojose.com.br\/portal\/entrega-das-reliquias-de-sao-sigismundo\/","title":{"rendered":"Entrega das Rel\u00edquias de S\u00e3o Sigismundo"},"content":{"rendered":"<div dir=\"auto\" style=\"text-align: justify;\"><\/div>\n<div dir=\"auto\" style=\"text-align: justify;\"><span style=\"color: #000000;\">No dia 22 de setembro\u00a0de 2019, nossa <strong>Delega\u00e7\u00e3o Brasileira<\/strong> vivenciou o solene momento de entregar nas m\u00e3os do Prior dos Monges Beneditinos, Dom Miguel, na cidade de Coroat\u00e1, Maranh\u00e3o, as <strong>Rel\u00edquias<\/strong> e o <strong>Quadro<\/strong> do nosso Santo Pai Fundador,\u00a0<strong>Padre\u00a0Sigismundo Gorazdowski<\/strong>. Foram momentos muito profundos que jamais ser\u00e3o esquecidos.<\/span><\/div>\n<div dir=\"auto\" style=\"text-align: justify;\"><span style=\"color: #000000;\">Irm\u00e3o Ant\u00f4nio pediu \u00e0 Congrega\u00e7\u00e3o as rel\u00edquias de nosso Fundador, ap\u00f3s\u00a0conhecer sua vida atrav\u00e9s do livro de sua biografia: <strong>&#8220;Convocado a Miseric\u00f3rdia&#8221;<\/strong>.<\/span><\/div>\n<div dir=\"auto\" style=\"text-align: justify;\"><span style=\"color: #000000;\">No in\u00edcio da Santa Missa, as Irm\u00e3s de S\u00e3o Jos\u00e9,\u00a0levaram em prociss\u00e3o o\u00a0quadro e as rel\u00edquias do Fundador.\u00a0<\/span><span style=\"color: #000000;\">Irm\u00e3o Ant\u00f4nio fez uma profunda homilia sublinhado as virtudes e as obras de <strong>S\u00e3o Sigismundo<\/strong>, como bom administrador dos bens de Deus. Falou tamb\u00e9m de sua devo\u00e7\u00e3o pessoal a este grande santo.<\/span><\/div>\n<div dir=\"auto\" style=\"text-align: justify;\"><span style=\"color: #000000;\">O Mosteiro Beneditino \u00e9 dedicado ao <strong>Bom Pastor<\/strong> e no quadro de S\u00e3o Sigismundo, tamb\u00e9m aparece a silhueta do Bom Pastor, Aquele que marcou a vida e \u00e0 miss\u00e3o do Santo Fundador.<\/span><\/div>\n<div dir=\"auto\" style=\"text-align: justify;\"><span style=\"color: #000000;\">Alegramo-nos por fazer o nosso Fundador conhecido nestas terras <strong>Nordestinas do Brasil,<\/strong>\u00a0em meio aos pobres e nece<\/span><span style=\"color: #000000;\">ssitados.<\/span><\/div>\n<div dir=\"auto\" style=\"text-align: right;\"><span style=\"color: #000000;\">Ir. Inwiolata Lesniak.<\/span><\/div>\n<div dir=\"auto\" style=\"text-align: right;\"><\/div>\n<div dir=\"auto\" style=\"text-align: right;\"><\/div>\n<div dir=\"auto\" style=\"text-align: center;\">\n<div id=\"slideshow-6528-69f2afdfa8a38\" class=\"wk-slideshow wk-slideshow-default\" data-widgetkit=\"slideshow\" data-options='{\"style\":\"default\",\"autoplay\":1,\"interval\":5000,\"width\":1000,\"height\":380,\"duration\":500,\"index\":0,\"order\":\"default\",\"navigation\":1,\"buttons\":1,\"slices\":20,\"animated\":\"slide\",\"caption_animation_duration\":500}'>\n\t<div>\n\t\t<ul class=\"slides\">\n\n\t\t\t\t\t\t\t\t\t<li>\n\t\t\t\t<article class=\"wk-content clearfix\"><img src=\"https:\/\/i0.wp.com\/irmasdesaojose.com.br\/portal\/wp-content\/uploads\/2019\/09\/Slide1.png?resize=682%2C491\" alt=\"Slide1\" width=\"682\" height=\"491\" class=\"aligncenter size-full wp-image-6517\" data-recalc-dims=\"1\" \/><\/article>\n\t\t\t<\/li>\n\t\t\t\t\t\t\t\t\t\t\t\t<li>\n\t\t\t\t<article class=\"wk-content clearfix\"><img src=\"data:image\/gif;base64,R0lGODlhAQABAJEAAAAAAP\/\/\/\/\/\/\/wAAACH5BAEHAAIALAAAAAABAAEAAAICVAEAOw==\" data-src=\"http:\/\/irmasdesaojose.com.br\/portal\/wp-content\/uploads\/2019\/09\/Slide2.png\" alt=\"Slide2\" width=\"682\" height=\"491\" class=\"aligncenter size-full wp-image-6518\" \/><\/article>\n\t\t\t<\/li>\n\t\t\t\t\t\t\t\t\t\t\t\t<li>\n\t\t\t\t<article class=\"wk-content clearfix\"><img src=\"data:image\/gif;base64,R0lGODlhAQABAJEAAAAAAP\/\/\/\/\/\/\/wAAACH5BAEHAAIALAAAAAABAAEAAAICVAEAOw==\" data-src=\"http:\/\/irmasdesaojose.com.br\/portal\/wp-content\/uploads\/2019\/09\/Slide3.png\" alt=\"Slide3\" width=\"682\" height=\"491\" class=\"aligncenter size-full wp-image-6519\" \/><\/article>\n\t\t\t<\/li>\n\t\t\t\t\t\t\t\t\t\t\t\t<li>\n\t\t\t\t<article class=\"wk-content clearfix\"><img src=\"data:image\/gif;base64,R0lGODlhAQABAJEAAAAAAP\/\/\/\/\/\/\/wAAACH5BAEHAAIALAAAAAABAAEAAAICVAEAOw==\" data-src=\"http:\/\/irmasdesaojose.com.br\/portal\/wp-content\/uploads\/2019\/09\/Slide4.png\" alt=\"Slide4\" width=\"682\" height=\"491\" class=\"aligncenter size-full wp-image-6521\" \/><\/article>\n\t\t\t<\/li>\n\t\t\t\t\t\t\t\t\t\t\t\t<li>\n\t\t\t\t<article class=\"wk-content clearfix\"><img src=\"data:image\/gif;base64,R0lGODlhAQABAJEAAAAAAP\/\/\/\/\/\/\/wAAACH5BAEHAAIALAAAAAABAAEAAAICVAEAOw==\" data-src=\"http:\/\/irmasdesaojose.com.br\/portal\/wp-content\/uploads\/2019\/09\/Slide5.png\" alt=\"Slide5\" width=\"682\" height=\"491\" class=\"aligncenter size-full wp-image-6522\" \/><\/article>\n\t\t\t<\/li>\n\t\t\t\t\t\t\t\t\t\t\t\t<li>\n\t\t\t\t<article class=\"wk-content clearfix\"><img src=\"data:image\/gif;base64,R0lGODlhAQABAJEAAAAAAP\/\/\/\/\/\/\/wAAACH5BAEHAAIALAAAAAABAAEAAAICVAEAOw==\" data-src=\"http:\/\/irmasdesaojose.com.br\/portal\/wp-content\/uploads\/2019\/09\/Slide6.png\" alt=\"Slide6\" width=\"682\" height=\"491\" class=\"aligncenter size-full wp-image-6523\" \/><\/article>\n\t\t\t<\/li>\n\t\t\t\t\t\t\t\t\t\t\t\t<li>\n\t\t\t\t<article class=\"wk-content clearfix\"><img src=\"data:image\/gif;base64,R0lGODlhAQABAJEAAAAAAP\/\/\/\/\/\/\/wAAACH5BAEHAAIALAAAAAABAAEAAAICVAEAOw==\" data-src=\"http:\/\/irmasdesaojose.com.br\/portal\/wp-content\/uploads\/2019\/09\/Slide7.png\" alt=\"Slide7\" width=\"682\" height=\"491\" class=\"aligncenter size-full wp-image-6524\" \/><\/article>\n\t\t\t<\/li>\n\t\t\t\t\t\t\t\t\t\t\t\t<li>\n\t\t\t\t<article class=\"wk-content clearfix\"><img src=\"data:image\/gif;base64,R0lGODlhAQABAJEAAAAAAP\/\/\/\/\/\/\/wAAACH5BAEHAAIALAAAAAABAAEAAAICVAEAOw==\" data-src=\"http:\/\/irmasdesaojose.com.br\/portal\/wp-content\/uploads\/2019\/09\/Slide8.png\" alt=\"Slide8\" width=\"682\" height=\"491\" class=\"aligncenter size-full wp-image-6525\" \/><\/article>\n\t\t\t<\/li>\n\t\t\t\t\t\t\t\t\t\t\t\t<li>\n\t\t\t\t<article class=\"wk-content clearfix\"><img src=\"data:image\/gif;base64,R0lGODlhAQABAJEAAAAAAP\/\/\/\/\/\/\/wAAACH5BAEHAAIALAAAAAABAAEAAAICVAEAOw==\" data-src=\"http:\/\/irmasdesaojose.com.br\/portal\/wp-content\/uploads\/2019\/09\/Slide9.png\" alt=\"Slide9\" width=\"682\" height=\"491\" class=\"aligncenter size-full wp-image-6526\" \/><\/article>\n\t\t\t<\/li>\n\t\t\t\t\t\t\t\t<\/ul>\n\t\t<div class=\"next\"><\/div><div class=\"prev\"><\/div>\t\t<div class=\"caption\"><\/div><ul class=\"captions\"><li><\/li><li><\/li><li><\/li><li><\/li><li><\/li><li><\/li><li><\/li><li><\/li><li><\/li><\/ul>\n\t<\/div>\n\t<ul class=\"nav\"><li><span><\/span><\/li><li><span><\/span><\/li><li><span><\/span><\/li><li><span><\/span><\/li><li><span><\/span><\/li><li><span><\/span><\/li><li><span><\/span><\/li><li><span><\/span><\/li><li><span><\/span><\/li><\/ul><\/div><\/div>\n<div dir=\"auto\" style=\"text-align: center;\"><\/div>\n","protected":false},"excerpt":{"rendered":"<p>No dia 22 de setembro\u00a0de 2019, nossa Delega\u00e7\u00e3o Brasileira vivenciou o solene momento de entregar nas m\u00e3os do Prior dos Monges Beneditinos, Dom Miguel, na cidade de Coroat\u00e1, Maranh\u00e3o, as Rel\u00edquias e o Quadro do nosso Santo Pai Fundador,\u00a0Padre\u00a0Sigismundo Gorazdowski. Foram momentos muito profundos que jamais ser\u00e3o esquecidos. Irm\u00e3o Ant\u00f4nio pediu \u00e0 Congrega\u00e7\u00e3o as rel\u00edquias [&hellip;]<\/p>\n","protected":false},"author":1,"featured_media":0,"comment_status":"open","ping_status":"open","sticky":false,"template":"","format":"standard","meta":{"_monsterinsights_skip_tracking":false,"_monsterinsights_sitenote_active":false,"_monsterinsights_sitenote_note":"","_monsterinsights_sitenote_category":0,"jetpack_post_was_ever_published":false,"_jetpack_newsletter_access":"","_jetpack_dont_email_post_to_subs":false,"_jetpack_newsletter_tier_id":0,"_jetpack_memberships_contains_paywalled_content":false,"footnotes":"","_jetpack_memberships_contains_paid_content":false,"jetpack_publicize_message":"","jetpack_publicize_feature_enabled":true,"jetpack_social_post_already_shared":true,"jetpack_social_options":{"image_generator_settings":{"template":"highway","enabled":false}}},"categories":[1],"tags":[258,110,259,257,49],"jetpack_publicize_connections":[],"jetpack_featured_media_url":"","jetpack_shortlink":"https:\/\/wp.me\/p4Ftkv-1H5","jetpack_sharing_enabled":true,"_links":{"self":[{"href":"http:\/\/irmasdesaojose.com.br\/portal\/wp-json\/wp\/v2\/posts\/6515"}],"collection":[{"href":"http:\/\/irmasdesaojose.com.br\/portal\/wp-json\/wp\/v2\/posts"}],"about":[{"href":"http:\/\/irmasdesaojose.com.br\/portal\/wp-json\/wp\/v2\/types\/post"}],"author":[{"embeddable":true,"href":"http:\/\/irmasdesaojose.com.br\/portal\/wp-json\/wp\/v2\/users\/1"}],"replies":[{"embeddable":true,"href":"http:\/\/irmasdesaojose.com.br\/portal\/wp-json\/wp\/v2\/comments?post=6515"}],"version-history":[{"count":4,"href":"http:\/\/irmasdesaojose.com.br\/portal\/wp-json\/wp\/v2\/posts\/6515\/revisions"}],"predecessor-version":[{"id":6530,"href":"http:\/\/irmasdesaojose.com.br\/portal\/wp-json\/wp\/v2\/posts\/6515\/revisions\/6530"}],"wp:attachment":[{"href":"http:\/\/irmasdesaojose.com.br\/portal\/wp-json\/wp\/v2\/media?parent=6515"}],"wp:term":[{"taxonomy":"category","embeddable":true,"href":"http:\/\/irmasdesaojose.com.br\/portal\/wp-json\/wp\/v2\/categories?post=6515"},{"taxonomy":"post_tag","embeddable":true,"href":"http:\/\/irmasdesaojose.com.br\/portal\/wp-json\/wp\/v2\/tags?post=6515"}],"curies":[{"name":"wp","href":"https:\/\/api.w.org\/{rel}","templated":true}]}}