{"id":657,"date":"2014-06-20T18:50:12","date_gmt":"2014-06-20T18:50:12","guid":{"rendered":"http:\/\/irmasdesaojose.com.br\/portal\/?p=657"},"modified":"2014-07-11T19:10:01","modified_gmt":"2014-07-11T19:10:01","slug":"celebracao-do-corpus-christi-no-maranhao","status":"publish","type":"post","link":"http:\/\/irmasdesaojose.com.br\/portal\/celebracao-do-corpus-christi-no-maranhao\/","title":{"rendered":"Celebra\u00e7\u00e3o do Corpus Christi no Maranh\u00e3o"},"content":{"rendered":"<p style=\"text-align: justify;\"><span style=\"color: #000000;\">Ir. Paula Rosa da Silva, que trabalha na <strong>Par\u00f3quia Sant\u00edssima Trindade<\/strong> da Cidade Ol\u00edmpia, em <strong>S\u00e3o Luis, MA,<\/strong> partilhou como foi celebrada neste ano a <strong>Solenidade do Corpus Christi.<\/strong><\/span><\/p>\n<p style=\"text-align: justify;\"><a href=\"https:\/\/i0.wp.com\/irmasdesaojose.com.br\/portal\/wp-content\/uploads\/2014\/07\/untitled-g-e1405105502560.png\"><img decoding=\"async\" loading=\"lazy\" class=\"aligncenter wp-image-658 size-full\" src=\"https:\/\/i0.wp.com\/irmasdesaojose.com.br\/portal\/wp-content\/uploads\/2014\/07\/untitled-g-e1405105502560.png?resize=700%2C525\" alt=\"untitled g\" width=\"700\" height=\"525\" data-recalc-dims=\"1\" \/><\/a><\/p>\n<p style=\"text-align: justify;\"><span style=\"color: #000000;\">\u201cNeste ano os jovens alojaram-se na escola que fica pr\u00f3ximo \u00e0 Igreja onde iria acontecer a Celebra\u00e7\u00e3o e a Prociss\u00e3o de Corpus Christi. Durante a noite do <strong>dia 18<\/strong> de junho se reuniram com a seguinte programa\u00e7\u00e3o: fizeram um momento de acolhida e <strong>anima\u00e7\u00e3o<\/strong> e ap\u00f3s, desfrutaram de um jantar preparado pela Pastoral Familiar. Ap\u00f3s tiveram um <strong>momento de Ora\u00e7\u00e3o<\/strong> e uma <strong>palestra sobre o Sant\u00edssimo Sacramento<\/strong> e ao final da noite, <strong>confeccionaram os tapetes.<\/strong><\/span><\/p>\n<p style=\"text-align: justify;\"><a href=\"https:\/\/i0.wp.com\/irmasdesaojose.com.br\/portal\/wp-content\/uploads\/2014\/07\/visita-127-e1405105556978.jpg\"><img decoding=\"async\" loading=\"lazy\" class=\"aligncenter wp-image-660 size-full\" src=\"https:\/\/i0.wp.com\/irmasdesaojose.com.br\/portal\/wp-content\/uploads\/2014\/07\/visita-127-e1405105556978.jpg?resize=700%2C525\" alt=\"visita 127\" width=\"700\" height=\"525\" data-recalc-dims=\"1\" \/><\/a><\/p>\n<p style=\"text-align: justify;\">\n<p style=\"text-align: justify;\"><!--more--><\/p>\n<p style=\"text-align: justify;\"><span style=\"color: #000000;\">Como de costume os jovens da <strong>Forania S\u00e3o Cristov\u00e3o<\/strong> composto pelas Par\u00f3quias: Par\u00f3quia S\u00e3o Cristov\u00e3o, Par\u00f3quia Sant\u00edssima Trindade, Par\u00f3quia M\u00e3e da Divina Provid\u00eancia, Par\u00f3quia S\u00e3o Jo\u00e3o Cal\u00e1bria, Par\u00f3quia Nossa Senhora da Boa Viagem e Par\u00f3quia S\u00e3o Jos\u00e9 dos Migrantes, ficaram respons\u00e1veis para confeccionar os tapetes onde a prociss\u00e3o de <strong>Corpus Christi passaria.<\/strong><\/span><\/p>\n<p style=\"text-align: center;\"><a href=\"https:\/\/i0.wp.com\/irmasdesaojose.com.br\/portal\/wp-content\/uploads\/2014\/07\/visita-120-e1405105536938.jpg\"><img decoding=\"async\" loading=\"lazy\" class=\"alignnone size-medium wp-image-659\" src=\"https:\/\/i0.wp.com\/irmasdesaojose.com.br\/portal\/wp-content\/uploads\/2014\/07\/visita-120.jpg?resize=300%2C225\" alt=\"visita 120\" width=\"300\" height=\"225\" data-recalc-dims=\"1\" \/><\/a>\u00a0<a href=\"https:\/\/i0.wp.com\/irmasdesaojose.com.br\/portal\/wp-content\/uploads\/2014\/07\/visita-132-e1405105569632.jpg\"><img decoding=\"async\" loading=\"lazy\" class=\"alignnone size-medium wp-image-662\" src=\"https:\/\/i0.wp.com\/irmasdesaojose.com.br\/portal\/wp-content\/uploads\/2014\/07\/visita-132.jpg?resize=300%2C225\" alt=\"visita 132\" width=\"300\" height=\"225\" data-recalc-dims=\"1\" \/><\/a><\/p>\n<p style=\"text-align: justify;\"><span style=\"color: #000000;\">Os jovens alegraram-se com a presen\u00e7a do <strong>Padre Andr\u00e9<\/strong>, que \u00e9 o respons\u00e1vel pelos jovens desta <strong>Forania<\/strong> e da <strong>Ir. Paula<\/strong>, que acompanhou os jovens da <strong>Par\u00f3quia Sant\u00edssima Trindade<\/strong>. Durante a confec\u00e7\u00e3o dos tapetes, os jovens tinham a oportunidade de confessar com o Padre Andr\u00e9.<\/span><\/p>\n<p style=\"text-align: justify;\"><span style=\"color: #000000;\">No <strong>dia 19<\/strong> de junho os jovens tomaram caf\u00e9 bem cedo e ap\u00f3s, participaram da Celebra\u00e7\u00e3o da Santa Missa e da Prociss\u00e3o de Corpus Christi. A <strong>Santa Missa<\/strong> foi celebrada com muita festividade e tinha um grande n\u00famero de pessoas\u201d.<\/span><\/p>\n","protected":false},"excerpt":{"rendered":"<p>Ir. Paula Rosa da Silva, que trabalha na Par\u00f3quia Sant\u00edssima Trindade da Cidade Ol\u00edmpia, em S\u00e3o Luis, MA, partilhou como foi celebrada neste ano a Solenidade do Corpus Christi. \u201cNeste ano os jovens alojaram-se na escola que fica pr\u00f3ximo \u00e0 Igreja onde iria acontecer a Celebra\u00e7\u00e3o e a Prociss\u00e3o de Corpus Christi. Durante a noite [&hellip;]<\/p>\n","protected":false},"author":1,"featured_media":0,"comment_status":"open","ping_status":"open","sticky":false,"template":"","format":"standard","meta":{"_monsterinsights_skip_tracking":false,"_monsterinsights_sitenote_active":false,"_monsterinsights_sitenote_note":"","_monsterinsights_sitenote_category":0,"jetpack_post_was_ever_published":false,"_jetpack_newsletter_access":"","_jetpack_dont_email_post_to_subs":false,"_jetpack_newsletter_tier_id":0,"_jetpack_memberships_contains_paywalled_content":false,"footnotes":"","_jetpack_memberships_contains_paid_content":false,"jetpack_publicize_message":"","jetpack_publicize_feature_enabled":true,"jetpack_social_post_already_shared":true,"jetpack_social_options":{"image_generator_settings":{"template":"highway","enabled":false}}},"categories":[1],"tags":[34,54,35,45],"jetpack_publicize_connections":[],"jetpack_featured_media_url":"","jetpack_shortlink":"https:\/\/wp.me\/p4Ftkv-aB","jetpack_sharing_enabled":true,"_links":{"self":[{"href":"http:\/\/irmasdesaojose.com.br\/portal\/wp-json\/wp\/v2\/posts\/657"}],"collection":[{"href":"http:\/\/irmasdesaojose.com.br\/portal\/wp-json\/wp\/v2\/posts"}],"about":[{"href":"http:\/\/irmasdesaojose.com.br\/portal\/wp-json\/wp\/v2\/types\/post"}],"author":[{"embeddable":true,"href":"http:\/\/irmasdesaojose.com.br\/portal\/wp-json\/wp\/v2\/users\/1"}],"replies":[{"embeddable":true,"href":"http:\/\/irmasdesaojose.com.br\/portal\/wp-json\/wp\/v2\/comments?post=657"}],"version-history":[{"count":2,"href":"http:\/\/irmasdesaojose.com.br\/portal\/wp-json\/wp\/v2\/posts\/657\/revisions"}],"predecessor-version":[{"id":664,"href":"http:\/\/irmasdesaojose.com.br\/portal\/wp-json\/wp\/v2\/posts\/657\/revisions\/664"}],"wp:attachment":[{"href":"http:\/\/irmasdesaojose.com.br\/portal\/wp-json\/wp\/v2\/media?parent=657"}],"wp:term":[{"taxonomy":"category","embeddable":true,"href":"http:\/\/irmasdesaojose.com.br\/portal\/wp-json\/wp\/v2\/categories?post=657"},{"taxonomy":"post_tag","embeddable":true,"href":"http:\/\/irmasdesaojose.com.br\/portal\/wp-json\/wp\/v2\/tags?post=657"}],"curies":[{"name":"wp","href":"https:\/\/api.w.org\/{rel}","templated":true}]}}