{"id":665,"date":"2014-06-23T19:10:36","date_gmt":"2014-06-23T19:10:36","guid":{"rendered":"http:\/\/irmasdesaojose.com.br\/portal\/?p=665"},"modified":"2014-07-11T19:18:41","modified_gmt":"2014-07-11T19:18:41","slug":"encontro-da-juventude-dehoniana-em-santa-luzia-ma","status":"publish","type":"post","link":"http:\/\/irmasdesaojose.com.br\/portal\/encontro-da-juventude-dehoniana-em-santa-luzia-ma\/","title":{"rendered":"Encontro da Juventude Dehoniana em Santa Luzia, MA"},"content":{"rendered":"<p style=\"text-align: justify;\"><span style=\"color: #000000;\">Nos dias 20, 21 e 22 de junho, nossas Irm\u00e3s: Ir. Zyta, Ir. Carol, Ir. Cristina e Ir. Paula participaram do <strong>Encontro da Juventude Dehoniana<\/strong> (EJD), realizado na cidade de <strong>Santa Luzia, MA<\/strong>. Este encontro foi organizado para todos os jovens que fazem parte das Par\u00f3quias onde trabalham os <strong>Padres Dehonianos.<\/strong><\/span><\/p>\n<p style=\"text-align: justify;\"><a href=\"https:\/\/i0.wp.com\/irmasdesaojose.com.br\/portal\/wp-content\/uploads\/2014\/07\/visita-042-e1405105992968.jpg\"><img decoding=\"async\" loading=\"lazy\" class=\"aligncenter wp-image-666 size-full\" src=\"https:\/\/i0.wp.com\/irmasdesaojose.com.br\/portal\/wp-content\/uploads\/2014\/07\/visita-042-e1405105992968.jpg?resize=700%2C525\" alt=\"visita 042\" width=\"700\" height=\"525\" data-recalc-dims=\"1\" \/><\/a><\/p>\n<p style=\"text-align: justify;\"><span style=\"color: #000000;\">Foi montada uma cidade chamada de: <strong>\u201cCity da civiliza\u00e7\u00e3o do amor\u201d<\/strong>, e dentro desta \u201ccidade\u201d v\u00e1rias Congrega\u00e7\u00f5es Religiosas tinham a oportunidade de <strong>expor o seu carisma<\/strong> e divulgar a forma de vida na sua Congrega\u00e7\u00e3o.<\/span><\/p>\n<p style=\"text-align: justify;\"><a href=\"https:\/\/i0.wp.com\/irmasdesaojose.com.br\/portal\/wp-content\/uploads\/2014\/07\/visita-091-e1405106039684.jpg\"><img decoding=\"async\" loading=\"lazy\" class=\"aligncenter wp-image-668 size-full\" src=\"https:\/\/i0.wp.com\/irmasdesaojose.com.br\/portal\/wp-content\/uploads\/2014\/07\/visita-091-e1405106039684.jpg?resize=700%2C525\" alt=\"visita 091\" width=\"700\" height=\"525\" data-recalc-dims=\"1\" \/><\/a><\/p>\n<p style=\"text-align: justify;\">\n<p style=\"text-align: justify;\"><!--more--><\/p>\n<p style=\"text-align: justify;\">\n<p style=\"text-align: justify;\"><span style=\"color: #000000;\">A programa\u00e7\u00e3o deste evento foi enriquecida pelos seguintes momentos: Adora\u00e7\u00e3o ao Sant\u00edssimo Sacramento; Apresenta\u00e7\u00e3o\u00a0<\/span><span style=\"color: #000000;\">dos jovens\u00a0\u00a0e envio dos mission\u00e1rios para as casas das fam\u00edlias onde ficariam alojados; Visita dos mission\u00e1rios nas fam\u00edlias; Catequese; Santa Missa celebrada diariamente; Momento de Confiss\u00e3o; Shows; Anima\u00e7\u00e3o cultural;<\/span><\/p>\n<p style=\"text-align: justify;\"><span style=\"color: #000000;\">A nossa tenda, da <strong>Congrega\u00e7\u00e3o das Irm\u00e3s de S\u00e3o Jos\u00e9<\/strong>, foi visitada por muitos jovens que conheceram mais de perto o nosso carisma.<\/span><\/p>\n<p style=\"text-align: center;\"><a href=\"https:\/\/i0.wp.com\/irmasdesaojose.com.br\/portal\/wp-content\/uploads\/2014\/07\/visita-104-e1405106075780.jpg\"><img decoding=\"async\" loading=\"lazy\" class=\"alignnone size-medium wp-image-670\" src=\"https:\/\/i0.wp.com\/irmasdesaojose.com.br\/portal\/wp-content\/uploads\/2014\/07\/visita-104.jpg?resize=300%2C225\" alt=\"visita 104\" width=\"300\" height=\"225\" data-recalc-dims=\"1\" \/><\/a> <a href=\"https:\/\/i0.wp.com\/irmasdesaojose.com.br\/portal\/wp-content\/uploads\/2014\/07\/visita-102-e1405106056534.jpg\"><img decoding=\"async\" loading=\"lazy\" class=\"alignnone size-medium wp-image-669\" src=\"https:\/\/i0.wp.com\/irmasdesaojose.com.br\/portal\/wp-content\/uploads\/2014\/07\/visita-102.jpg?resize=300%2C225\" alt=\"visita 102\" width=\"300\" height=\"225\" data-recalc-dims=\"1\" \/><\/a> <a href=\"https:\/\/i0.wp.com\/irmasdesaojose.com.br\/portal\/wp-content\/uploads\/2014\/07\/visita-043-e1405106011689.jpg\"><img decoding=\"async\" loading=\"lazy\" class=\"alignnone size-medium wp-image-667\" src=\"https:\/\/i0.wp.com\/irmasdesaojose.com.br\/portal\/wp-content\/uploads\/2014\/07\/visita-043.jpg?resize=300%2C225\" alt=\"visita 043\" width=\"300\" height=\"225\" data-recalc-dims=\"1\" \/><\/a><\/p>\n","protected":false},"excerpt":{"rendered":"<p>Nos dias 20, 21 e 22 de junho, nossas Irm\u00e3s: Ir. Zyta, Ir. Carol, Ir. Cristina e Ir. Paula participaram do Encontro da Juventude Dehoniana (EJD), realizado na cidade de Santa Luzia, MA. Este encontro foi organizado para todos os jovens que fazem parte das Par\u00f3quias onde trabalham os Padres Dehonianos. Foi montada uma cidade [&hellip;]<\/p>\n","protected":false},"author":1,"featured_media":0,"comment_status":"open","ping_status":"open","sticky":false,"template":"","format":"standard","meta":{"_monsterinsights_skip_tracking":false,"_monsterinsights_sitenote_active":false,"_monsterinsights_sitenote_note":"","_monsterinsights_sitenote_category":0,"jetpack_post_was_ever_published":false,"_jetpack_newsletter_access":"","_jetpack_dont_email_post_to_subs":false,"_jetpack_newsletter_tier_id":0,"_jetpack_memberships_contains_paywalled_content":false,"footnotes":"","_jetpack_memberships_contains_paid_content":false,"jetpack_publicize_message":"","jetpack_publicize_feature_enabled":true,"jetpack_social_post_already_shared":true,"jetpack_social_options":{"image_generator_settings":{"template":"highway","enabled":false}}},"categories":[1],"tags":[57,55,35,41,56,58],"jetpack_publicize_connections":[],"jetpack_featured_media_url":"","jetpack_shortlink":"https:\/\/wp.me\/p4Ftkv-aJ","jetpack_sharing_enabled":true,"_links":{"self":[{"href":"http:\/\/irmasdesaojose.com.br\/portal\/wp-json\/wp\/v2\/posts\/665"}],"collection":[{"href":"http:\/\/irmasdesaojose.com.br\/portal\/wp-json\/wp\/v2\/posts"}],"about":[{"href":"http:\/\/irmasdesaojose.com.br\/portal\/wp-json\/wp\/v2\/types\/post"}],"author":[{"embeddable":true,"href":"http:\/\/irmasdesaojose.com.br\/portal\/wp-json\/wp\/v2\/users\/1"}],"replies":[{"embeddable":true,"href":"http:\/\/irmasdesaojose.com.br\/portal\/wp-json\/wp\/v2\/comments?post=665"}],"version-history":[{"count":2,"href":"http:\/\/irmasdesaojose.com.br\/portal\/wp-json\/wp\/v2\/posts\/665\/revisions"}],"predecessor-version":[{"id":672,"href":"http:\/\/irmasdesaojose.com.br\/portal\/wp-json\/wp\/v2\/posts\/665\/revisions\/672"}],"wp:attachment":[{"href":"http:\/\/irmasdesaojose.com.br\/portal\/wp-json\/wp\/v2\/media?parent=665"}],"wp:term":[{"taxonomy":"category","embeddable":true,"href":"http:\/\/irmasdesaojose.com.br\/portal\/wp-json\/wp\/v2\/categories?post=665"},{"taxonomy":"post_tag","embeddable":true,"href":"http:\/\/irmasdesaojose.com.br\/portal\/wp-json\/wp\/v2\/tags?post=665"}],"curies":[{"name":"wp","href":"https:\/\/api.w.org\/{rel}","templated":true}]}}