{"id":680,"date":"2014-07-11T16:30:27","date_gmt":"2014-07-11T16:30:27","guid":{"rendered":"http:\/\/irmasdesaojose.com.br\/portal\/?p=680"},"modified":"2014-07-11T19:36:52","modified_gmt":"2014-07-11T19:36:52","slug":"obra-espiritual-de-ajuda-as-vocacoes","status":"publish","type":"post","link":"http:\/\/irmasdesaojose.com.br\/portal\/obra-espiritual-de-ajuda-as-vocacoes\/","title":{"rendered":"Obra Espiritual de Ajuda \u00e0s Voca\u00e7\u00f5es"},"content":{"rendered":"<p style=\"text-align: left;\"><span style=\"color: #000000;\">Em nossa Congrega\u00e7\u00e3o, dentro da Pastoral Vocacional, existe uma <strong>Obra Espiritual de Ajuda \u00e0s Voca\u00e7\u00f5es (OEAV),<\/strong> formado por pessoas leigas que ap\u00f3iam as Irm\u00e3s e as vocacionadas, atrav\u00e9s da sua ora\u00e7\u00e3o e de seus sacrif\u00edcios.<\/span><\/p>\n<p style=\"text-align: center;\"><span style=\"color: #000000;\">Realizando esta iniciativa aqui no Brasil, <strong>Ir. Carol iniciou<\/strong> um grupo da Obra Espiritual de Ajuda \u00e0s Voca\u00e7\u00f5es na\u00a0par\u00f3quia\u00a0S\u00e3o\u00a0Francisco Xavier, em Mon\u00e7\u00e3o, MA, e seus membros se encontram\u00a0com\u00a0ela\u00a0especialmente nos\u00a0domingos\u00a0que\u00a0precedem\u00a0algum\u00a0encontro\u00a0vocacional\u00a0que as\u00a0Irm\u00e3s\u00a0realizam.<\/span><\/p>\n<p style=\"text-align: left;\"><span style=\"color: #000000;\">\u00a0<a href=\"https:\/\/i0.wp.com\/irmasdesaojose.com.br\/portal\/wp-content\/uploads\/2014\/07\/IMG_8520-e1405107231388.jpg\"><img decoding=\"async\" loading=\"lazy\" class=\"aligncenter wp-image-681 size-full\" src=\"https:\/\/i0.wp.com\/irmasdesaojose.com.br\/portal\/wp-content\/uploads\/2014\/07\/IMG_8520-e1405107231388.jpg?resize=693%2C465\" alt=\"IMG_8520\" width=\"693\" height=\"465\" srcset=\"https:\/\/i0.wp.com\/irmasdesaojose.com.br\/portal\/wp-content\/uploads\/2014\/07\/IMG_8520-e1405107231388.jpg?w=693 693w, https:\/\/i0.wp.com\/irmasdesaojose.com.br\/portal\/wp-content\/uploads\/2014\/07\/IMG_8520-e1405107231388.jpg?resize=300%2C201 300w\" sizes=\"(max-width: 693px) 100vw, 693px\" data-recalc-dims=\"1\" \/><\/a><\/span><\/p>\n<p style=\"text-align: left;\"><span style=\"color: #000000;\">As Senhoras participantes,\u00a0em sua maioria com\u00a0idade\u00a0avan\u00e7ada, se\u00a0comprometeram\u00a0 a rezar\u00a0todos os dias\u00a0pelas\u00a0voca\u00e7\u00f5es sacerdotais e religiosas e a oferecer suas dores e fraquezas devido a sua idade, pelas voca\u00e7\u00f5es. Por\u00a0enquanto\u00a0o\u00a0grupo\u00a0\u00e9\u00a0pequeno,\u00a0mas as mulheres s\u00e3o\u00a0fortes\u00a0de esp\u00edrito.\u00a0\u00a0<\/span><\/p>\n<p style=\"text-align: left;\"><a href=\"https:\/\/i0.wp.com\/irmasdesaojose.com.br\/portal\/wp-content\/uploads\/2014\/07\/IMG_8521-e1405107319908.jpg\"><img decoding=\"async\" loading=\"lazy\" class=\"aligncenter wp-image-682 size-full\" src=\"https:\/\/i0.wp.com\/irmasdesaojose.com.br\/portal\/wp-content\/uploads\/2014\/07\/IMG_8521-e1405107319908.jpg?resize=700%2C440\" alt=\"IMG_8521\" width=\"700\" height=\"440\" data-recalc-dims=\"1\" \/><\/a><\/p>\n<p style=\"text-align: left;\"><span style=\"color: #000000;\">Que\u00a0 Deus\u00a0 seja\u00a0 louvado\u00a0 pelas voca\u00e7\u00f5es\u00a0 sacerdotais\u00a0 e\u00a0 religiosas e\u00a0 que\u00a0 nunca\u00a0 faltem\u00a0 oper\u00e1rios\u00a0 na\u00a0 Messe\u00a0 do\u00a0 Senhor.<\/span><\/p>\n","protected":false},"excerpt":{"rendered":"<p>Em nossa Congrega\u00e7\u00e3o, dentro da Pastoral Vocacional, existe uma Obra Espiritual de Ajuda \u00e0s Voca\u00e7\u00f5es (OEAV), formado por pessoas leigas que ap\u00f3iam as Irm\u00e3s e as vocacionadas, atrav\u00e9s da sua ora\u00e7\u00e3o e de seus sacrif\u00edcios. Realizando esta iniciativa aqui no Brasil, Ir. Carol iniciou um grupo da Obra Espiritual de Ajuda \u00e0s Voca\u00e7\u00f5es na\u00a0par\u00f3quia\u00a0S\u00e3o\u00a0Francisco Xavier, [&hellip;]<\/p>\n","protected":false},"author":1,"featured_media":0,"comment_status":"open","ping_status":"open","sticky":false,"template":"","format":"standard","meta":{"_monsterinsights_skip_tracking":false,"_monsterinsights_sitenote_active":false,"_monsterinsights_sitenote_note":"","_monsterinsights_sitenote_category":0,"jetpack_post_was_ever_published":false,"_jetpack_newsletter_access":"","_jetpack_dont_email_post_to_subs":false,"_jetpack_newsletter_tier_id":0,"_jetpack_memberships_contains_paywalled_content":false,"footnotes":"","_jetpack_memberships_contains_paid_content":false,"jetpack_publicize_message":"","jetpack_publicize_feature_enabled":true,"jetpack_social_post_already_shared":true,"jetpack_social_options":{"image_generator_settings":{"template":"highway","enabled":false}}},"categories":[1],"tags":[57,59,56],"jetpack_publicize_connections":[],"jetpack_featured_media_url":"","jetpack_shortlink":"https:\/\/wp.me\/p4Ftkv-aY","jetpack_sharing_enabled":true,"_links":{"self":[{"href":"http:\/\/irmasdesaojose.com.br\/portal\/wp-json\/wp\/v2\/posts\/680"}],"collection":[{"href":"http:\/\/irmasdesaojose.com.br\/portal\/wp-json\/wp\/v2\/posts"}],"about":[{"href":"http:\/\/irmasdesaojose.com.br\/portal\/wp-json\/wp\/v2\/types\/post"}],"author":[{"embeddable":true,"href":"http:\/\/irmasdesaojose.com.br\/portal\/wp-json\/wp\/v2\/users\/1"}],"replies":[{"embeddable":true,"href":"http:\/\/irmasdesaojose.com.br\/portal\/wp-json\/wp\/v2\/comments?post=680"}],"version-history":[{"count":2,"href":"http:\/\/irmasdesaojose.com.br\/portal\/wp-json\/wp\/v2\/posts\/680\/revisions"}],"predecessor-version":[{"id":684,"href":"http:\/\/irmasdesaojose.com.br\/portal\/wp-json\/wp\/v2\/posts\/680\/revisions\/684"}],"wp:attachment":[{"href":"http:\/\/irmasdesaojose.com.br\/portal\/wp-json\/wp\/v2\/media?parent=680"}],"wp:term":[{"taxonomy":"category","embeddable":true,"href":"http:\/\/irmasdesaojose.com.br\/portal\/wp-json\/wp\/v2\/categories?post=680"},{"taxonomy":"post_tag","embeddable":true,"href":"http:\/\/irmasdesaojose.com.br\/portal\/wp-json\/wp\/v2\/tags?post=680"}],"curies":[{"name":"wp","href":"https:\/\/api.w.org\/{rel}","templated":true}]}}