{"id":7522,"date":"2020-11-15T16:47:43","date_gmt":"2020-11-15T19:47:43","guid":{"rendered":"http:\/\/irmasdesaojose.com.br\/portal\/?p=7522"},"modified":"2020-11-23T00:05:57","modified_gmt":"2020-11-23T03:05:57","slug":"fim-de-semana-com-um-convidado-excepcional","status":"publish","type":"post","link":"http:\/\/irmasdesaojose.com.br\/portal\/fim-de-semana-com-um-convidado-excepcional\/","title":{"rendered":"Fim de semana com um Convidado excepcional&#8230;"},"content":{"rendered":"<p style=\"text-align: justify;\"><span style=\"color: #000000;\"><img decoding=\"async\" loading=\"lazy\" class=\"size-medium wp-image-7524 alignleft\" src=\"https:\/\/i0.wp.com\/irmasdesaojose.com.br\/portal\/wp-content\/uploads\/2020\/11\/Slide9.jpg?resize=300%2C216\" alt=\"Slide9\" width=\"300\" height=\"216\" srcset=\"https:\/\/i0.wp.com\/irmasdesaojose.com.br\/portal\/wp-content\/uploads\/2020\/11\/Slide9.jpg?resize=300%2C216 300w, https:\/\/i0.wp.com\/irmasdesaojose.com.br\/portal\/wp-content\/uploads\/2020\/11\/Slide9.jpg?w=682 682w\" sizes=\"(max-width: 300px) 100vw, 300px\" data-recalc-dims=\"1\" \/>Por ocasi\u00e3o do <strong>Ano Jubilar do centen\u00e1rio da morte do Pe. S\u00e3o Sigismundo Gorazdowski<\/strong>, est\u00e3o peregrinando pelas comunidades da Congrega\u00e7\u00e3o, as rel\u00edquias e uma c\u00f3pia do quadro da beatifica\u00e7\u00e3o do Padre Fundador, aben\u00e7oado pelo Papa Francisco no Vaticano. Nossa comunidade no<strong> Rio de Janeiro<\/strong> foi a primeira na Delega\u00e7\u00e3o Brasileira a ser visitada pelo nosso Santo Pai Fundador.<\/span><\/p>\n<p style=\"text-align: justify;\"><span style=\"color: #000000;\">A Superiora da Delega\u00e7\u00e3o &#8211; Ir. Doris Kulik, voltando da Pol\u00f4nia ao Brasil, trouxe consigo o quadro j\u00e1 mencionado, e assim, na tarde de <strong>7 de novembro, Padre S\u00e3o Sigismundo Gorazdowski visitou a nossa casa.<\/strong><\/span><\/p>\n<p style=\"text-align: justify;\"><span style=\"color: #000000;\">\u00a0\u00a0\u00a0\u00a0\u00a0 Com cantos e muita emo\u00e7\u00e3o O conduzimos em prociss\u00e3o at\u00e9 a capela, onde a Superiora Irm\u00e3 Dobros\u0142awa acolheu em nossa casa o Padre Fundador. Depois de beijar as rel\u00edquias, Ir. Doris leu uma b\u00ean\u00e7\u00e3o especial do Papa Francisco para esta ocasi\u00e3o. Em seguida, reunidas na sala, sorteamos envelopes com um pensamento e uma mensagem espec\u00edfica de S\u00e3o Sigismundo para cada Irm\u00e3. Esta bela &#8220;surpresa&#8221; foi preparada anteriormente por nossa Madre Jana &#8211; Superiora Geral da Congrega\u00e7\u00e3o, pensando em cada Irm\u00e3 e filha de S\u00e3o Sigismundo, para que Ele pudesse falar pessoalmente ao cora\u00e7\u00e3o de cada uma de n\u00f3s.<\/span><\/p>\n<p style=\"text-align: justify;\"><span style=\"color: #000000;\">O pr\u00f3ximo momento da peregrina\u00e7\u00e3o foi a noite de vig\u00edlia de s\u00e1bado para domingo. Cada uma de n\u00f3s escolheu uma hora para passar na capela, na presen\u00e7a e na proximidade do Fundador.<\/span><\/p>\n<p style=\"text-align: justify;\"><span style=\"color: #000000;\">Em seguida, no domingo \u00e0 tarde, houve uma celebra\u00e7\u00e3o da Liturgia da Palavra com textos b\u00edblicos selecionados e a medita\u00e7\u00e3o da Lectio Divina sobre aspectos espec\u00edficos da vida de S\u00e3o Sigismundo e nossas escolhas e atitudes di\u00e1rias, adotadas especialmente na vida comunit\u00e1ria. Depois, espontaneamente, elevamos nossos louvores, a\u00e7\u00f5es de gra\u00e7as e pedidos a Deus. Na finaliza\u00e7\u00e3o deste momento foi rezada a Coroa a S\u00e3o Sigismundo conduzida pela Ir. Dominika. Meditando as invoca\u00e7\u00f5es da coroa e sua realiza\u00e7\u00e3o na vida do Padre Fundador, recomendamos a Deus mais uma vez os assuntos atuais do mundo, da Igreja e da Congrega\u00e7\u00e3o.<\/span><\/p>\n<p style=\"text-align: justify;\"><span style=\"color: #000000;\"><span style=\"color: #000000;\">O \u00faltimo momento desta visita \u00fanica foi na segunda-feira, 9 de novembro, quando oficialmente juntas nos despedimos da imagem e das rel\u00edquias do Padre Sigismundo, <\/span><em style=\"color: #000000;\">que, ao levar miseric\u00f3rdia aos necessitados, tornou-se um sinal da bondade de Deus,<\/em><span style=\"color: #000000;\"> pedindo-lhe que nos ensine a\u00a0<\/span><em><span style=\"color: #000000;\">amar com persist\u00eancia, e que em palavras e atos\u00a0imitemos a Jesus.<\/span><\/em><\/span><\/p>\n<p style=\"text-align: justify;\"><span style=\"color: #000000;\">Embora o quadro da peregrina\u00e7\u00e3o tenha ido para outra comunidade, a presen\u00e7a do Padre Fundador permanece conosco em nossa vida di\u00e1ria, suas rel\u00edquias permanecem e est\u00e3o sempre presentes em nossa capela.<\/span><\/p>\n<p style=\"text-align: justify;\"><span style=\"color: #000000;\">Este encontro foi diferente para cada uma de n\u00f3s, porque foi pessoal.<\/span><\/p>\n<p style=\"text-align: justify;\"><span style=\"color: #000000;\"><strong>Ir. Dobros\u0142awa recorda<\/strong>: <em>Para mim, o encontro com o Padre Fundador foi um momento de reflex\u00e3o sobre a realiza\u00e7\u00e3o do seu carisma na comunidade por mim, no trabalho e\u00a0o pedido para que ele me de for\u00e7as para realiz\u00e1-lo&#8230;<\/em><\/span><\/p>\n<p style=\"text-align: justify;\"><span style=\"color: #000000;\"><strong>Por sua vez, escreve Ir. Arkadia:<\/strong> <em>O Padre Fundador tudo fez para a gl\u00f3ria de Deus, servindo constantemente aos pobres, nos quais via Deus. Estou pedindo a Deus a mesma gra\u00e7a de sempre servir aos pobres tanto quanto puder.<\/em><\/span><\/p>\n<p style=\"text-align: justify;\"><span style=\"color: #000000;\"><strong>Ir. Karol, compartilhando, diz<\/strong>: <em>Sei que a presen\u00e7a do Padre Fundador \u00e9 muito viva, sei que Ele me acompanha no meu caminho, mas sua perman\u00eancia em nossa comunidade foi muito calorosa e muito tang\u00edvel. Olhando n\u00e3o tanto para a imagem e as rel\u00edquias, mas para Seu olhar paternal, para Suas m\u00e3os, para Seu sorriso, senti como se ele estivesse me ensinando o quanto \u00e9 importante ser grata e humilde e me livrar do orgulho. Fica comigo!<\/em><\/span><\/p>\n<p style=\"text-align: justify;\"><span style=\"color: #000000;\"><strong>Para Ir. Maria Dominika, o momento que ela vai lembrar foi a vig\u00edlia noturna ao lado do Fundador.<\/strong> <em>At\u00e9 agora, passamos muitos dias conversando e meditando juntos, mas nunca me ocorreu encontr\u00e1-lo sob a cobertura do sil\u00eancio da noite. Por isso foi um momento muito comovente e profundo para mim, em que o cora\u00e7\u00e3o paternal e terno do Fundador veio ao meu encontro. Como Jesus falava com Nicodemos \u00e0 noite, o Pai tamb\u00e9m me encontrou e me mostrou com precis\u00e3o o que ele espera de mim e como posso realizar o carisma do amor m\u00fatuo em minha comunidade todos os dias.<\/em><\/span><\/p>\n<p style=\"text-align: center;\">\n<div id=\"slideshow-7535-69f29cb984b90\" class=\"wk-slideshow wk-slideshow-default\" data-widgetkit=\"slideshow\" data-options='{\"style\":\"default\",\"autoplay\":1,\"interval\":5000,\"width\":\"auto\",\"height\":\"auto\",\"duration\":500,\"index\":0,\"order\":\"default\",\"navigation\":1,\"buttons\":0,\"slices\":20,\"animated\":\"fade\",\"caption_animation_duration\":500}'>\n\t<div>\n\t\t<ul class=\"slides\">\n\n\t\t\t\t\t\t\t\t\t<li>\n\t\t\t\t<article class=\"wk-content clearfix\"><img src=\"https:\/\/i0.wp.com\/irmasdesaojose.com.br\/portal\/wp-content\/uploads\/2020\/11\/Slide8.jpg?resize=682%2C491\" alt=\"Slide8\" width=\"682\" height=\"491\" class=\"aligncenter size-full wp-image-7534\" data-recalc-dims=\"1\" \/><\/article>\n\t\t\t<\/li>\n\t\t\t\t\t\t\t\t\t\t\t\t<li>\n\t\t\t\t<article class=\"wk-content clearfix\"><img src=\"data:image\/gif;base64,R0lGODlhAQABAJEAAAAAAP\/\/\/\/\/\/\/wAAACH5BAEHAAIALAAAAAABAAEAAAICVAEAOw==\" data-src=\"http:\/\/irmasdesaojose.com.br\/portal\/wp-content\/uploads\/2020\/11\/Slide2.jpg\" alt=\"Slide2\" width=\"682\" height=\"491\" class=\"aligncenter size-full wp-image-7528\" \/><\/article>\n\t\t\t<\/li>\n\t\t\t\t\t\t\t\t\t\t\t\t<li>\n\t\t\t\t<article class=\"wk-content clearfix\"><img src=\"data:image\/gif;base64,R0lGODlhAQABAJEAAAAAAP\/\/\/\/\/\/\/wAAACH5BAEHAAIALAAAAAABAAEAAAICVAEAOw==\" data-src=\"http:\/\/irmasdesaojose.com.br\/portal\/wp-content\/uploads\/2020\/11\/Slide1.jpg\" alt=\"Slide1\" width=\"682\" height=\"491\" class=\"aligncenter size-full wp-image-7527\" \/><\/article>\n\t\t\t<\/li>\n\t\t\t\t\t\t\t\t\t\t\t\t<li>\n\t\t\t\t<article class=\"wk-content clearfix\"><img src=\"data:image\/gif;base64,R0lGODlhAQABAJEAAAAAAP\/\/\/\/\/\/\/wAAACH5BAEHAAIALAAAAAABAAEAAAICVAEAOw==\" data-src=\"http:\/\/irmasdesaojose.com.br\/portal\/wp-content\/uploads\/2020\/11\/Slide7.jpg\" alt=\"Slide7\" width=\"682\" height=\"491\" class=\"aligncenter size-full wp-image-7533\" \/><\/article>\n\t\t\t<\/li>\n\t\t\t\t\t\t\t\t\t\t\t\t<li>\n\t\t\t\t<article class=\"wk-content clearfix\"><img src=\"data:image\/gif;base64,R0lGODlhAQABAJEAAAAAAP\/\/\/\/\/\/\/wAAACH5BAEHAAIALAAAAAABAAEAAAICVAEAOw==\" data-src=\"http:\/\/irmasdesaojose.com.br\/portal\/wp-content\/uploads\/2020\/11\/Slide3.jpg\" alt=\"Slide3\" width=\"682\" height=\"491\" class=\"aligncenter size-full wp-image-7529\" \/><\/article>\n\t\t\t<\/li>\n\t\t\t\t\t\t\t\t\t\t\t\t<li>\n\t\t\t\t<article class=\"wk-content clearfix\"><img src=\"data:image\/gif;base64,R0lGODlhAQABAJEAAAAAAP\/\/\/\/\/\/\/wAAACH5BAEHAAIALAAAAAABAAEAAAICVAEAOw==\" data-src=\"http:\/\/irmasdesaojose.com.br\/portal\/wp-content\/uploads\/2020\/11\/Slide4.jpg\" alt=\"Slide4\" width=\"682\" height=\"491\" class=\"aligncenter size-full wp-image-7530\" \/><\/article>\n\t\t\t<\/li>\n\t\t\t\t\t\t\t\t\t\t\t\t<li>\n\t\t\t\t<article class=\"wk-content clearfix\"><img src=\"data:image\/gif;base64,R0lGODlhAQABAJEAAAAAAP\/\/\/\/\/\/\/wAAACH5BAEHAAIALAAAAAABAAEAAAICVAEAOw==\" data-src=\"http:\/\/irmasdesaojose.com.br\/portal\/wp-content\/uploads\/2020\/11\/Slide5.jpg\" alt=\"Slide5\" width=\"682\" height=\"491\" class=\"aligncenter size-full wp-image-7531\" \/><\/article>\n\t\t\t<\/li>\n\t\t\t\t\t\t\t\t\t\t\t\t<li>\n\t\t\t\t<article class=\"wk-content clearfix\"><img src=\"data:image\/gif;base64,R0lGODlhAQABAJEAAAAAAP\/\/\/\/\/\/\/wAAACH5BAEHAAIALAAAAAABAAEAAAICVAEAOw==\" data-src=\"http:\/\/irmasdesaojose.com.br\/portal\/wp-content\/uploads\/2020\/11\/Slide6.jpg\" alt=\"Slide6\" width=\"682\" height=\"491\" class=\"aligncenter size-full wp-image-7532\" \/><\/article>\n\t\t\t<\/li>\n\t\t\t\t\t\t\t\t<\/ul>\n\t\t\t\t<div class=\"caption\"><\/div><ul class=\"captions\"><li><\/li><li><\/li><li><\/li><li><\/li><li><\/li><li><\/li><li><\/li><li><\/li><\/ul>\n\t<\/div>\n\t<ul class=\"nav\"><li><span><\/span><\/li><li><span><\/span><\/li><li><span><\/span><\/li><li><span><\/span><\/li><li><span><\/span><\/li><li><span><\/span><\/li><li><span><\/span><\/li><li><span><\/span><\/li><\/ul><\/div><\/p>\n<p style=\"text-align: center;\"><strong><span style=\"color: #000000;\">Com o cora\u00e7\u00e3o cheio de gratid\u00e3o, cantamos um hino a Deus por este precioso dom de santidade e a presen\u00e7a de nosso Amado Padre Sigismundo em nossa casa. Que Ele nos ajude a servir uns aos outros diariamente e cumprir Sua miss\u00e3o, onde trabalhamos, oramos e vivemos.<\/span><\/strong><\/p>\n","protected":false},"excerpt":{"rendered":"<p>Por ocasi\u00e3o do Ano Jubilar do centen\u00e1rio da morte do Pe. S\u00e3o Sigismundo Gorazdowski, est\u00e3o peregrinando pelas comunidades da Congrega\u00e7\u00e3o, as rel\u00edquias e uma c\u00f3pia do quadro da beatifica\u00e7\u00e3o do Padre Fundador, aben\u00e7oado pelo Papa Francisco no Vaticano. Nossa comunidade no Rio de Janeiro foi a primeira na Delega\u00e7\u00e3o Brasileira a ser visitada pelo nosso [&hellip;]<\/p>\n","protected":false},"author":1,"featured_media":0,"comment_status":"open","ping_status":"open","sticky":false,"template":"","format":"standard","meta":{"_monsterinsights_skip_tracking":false,"_monsterinsights_sitenote_active":false,"_monsterinsights_sitenote_note":"","_monsterinsights_sitenote_category":0,"jetpack_post_was_ever_published":false,"_jetpack_newsletter_access":"","_jetpack_dont_email_post_to_subs":false,"_jetpack_newsletter_tier_id":0,"_jetpack_memberships_contains_paywalled_content":false,"footnotes":"","_jetpack_memberships_contains_paid_content":false,"jetpack_publicize_message":"","jetpack_publicize_feature_enabled":true,"jetpack_social_post_already_shared":true,"jetpack_social_options":{"image_generator_settings":{"template":"highway","enabled":false}}},"categories":[1],"tags":[279,280,281,69,49],"jetpack_publicize_connections":[],"jetpack_featured_media_url":"","jetpack_shortlink":"https:\/\/wp.me\/p4Ftkv-1Xk","jetpack_sharing_enabled":true,"_links":{"self":[{"href":"http:\/\/irmasdesaojose.com.br\/portal\/wp-json\/wp\/v2\/posts\/7522"}],"collection":[{"href":"http:\/\/irmasdesaojose.com.br\/portal\/wp-json\/wp\/v2\/posts"}],"about":[{"href":"http:\/\/irmasdesaojose.com.br\/portal\/wp-json\/wp\/v2\/types\/post"}],"author":[{"embeddable":true,"href":"http:\/\/irmasdesaojose.com.br\/portal\/wp-json\/wp\/v2\/users\/1"}],"replies":[{"embeddable":true,"href":"http:\/\/irmasdesaojose.com.br\/portal\/wp-json\/wp\/v2\/comments?post=7522"}],"version-history":[{"count":4,"href":"http:\/\/irmasdesaojose.com.br\/portal\/wp-json\/wp\/v2\/posts\/7522\/revisions"}],"predecessor-version":[{"id":7538,"href":"http:\/\/irmasdesaojose.com.br\/portal\/wp-json\/wp\/v2\/posts\/7522\/revisions\/7538"}],"wp:attachment":[{"href":"http:\/\/irmasdesaojose.com.br\/portal\/wp-json\/wp\/v2\/media?parent=7522"}],"wp:term":[{"taxonomy":"category","embeddable":true,"href":"http:\/\/irmasdesaojose.com.br\/portal\/wp-json\/wp\/v2\/categories?post=7522"},{"taxonomy":"post_tag","embeddable":true,"href":"http:\/\/irmasdesaojose.com.br\/portal\/wp-json\/wp\/v2\/tags?post=7522"}],"curies":[{"name":"wp","href":"https:\/\/api.w.org\/{rel}","templated":true}]}}