{"id":787,"date":"2014-09-05T12:00:22","date_gmt":"2014-09-05T12:00:22","guid":{"rendered":"http:\/\/irmasdesaojose.com.br\/portal\/?p=787"},"modified":"2014-09-05T17:25:35","modified_gmt":"2014-09-05T17:25:35","slug":"encontro-com-o-cardeal-de-aviz-reune-aproximadamente-1000-consagrados-em-curitiba","status":"publish","type":"post","link":"http:\/\/irmasdesaojose.com.br\/portal\/encontro-com-o-cardeal-de-aviz-reune-aproximadamente-1000-consagrados-em-curitiba\/","title":{"rendered":"Encontro com o Cardeal de Aviz  re\u00fane aproximadamente 1000 Consagrados em Curitiba"},"content":{"rendered":"<p style=\"text-align: justify;\"><span style=\"color: #000000;\"><strong>Por ocasi\u00e3o do Ano da Vida Consagrada, o prefeito da Congrega\u00e7\u00e3o para os Institutos de Vida Consagrada e as Sociedades de Vida Apost\u00f3lica, dom Jo\u00e3o Braz, cardeal de Aviz, reuniu nos dias 28 e 29 de agosto de 2014, mais de 800 consagrados do Brasil<\/strong>, na Par\u00f3quia Senhor Bom Jesus do Port\u00e3o, na cidade de Curitiba \u2013 PR. O evento, sugerido pelo pr\u00f3prio Cardeal, foi organizado pela CRB Regional de Curitiba e a Regional Sul 2, da CNBB.<\/span><\/p>\n<p style=\"text-align: center;\">\n<div id=\"slideshow-785-69f2afb69d1d7\" class=\"wk-slideshow wk-slideshow-default\" data-widgetkit=\"slideshow\" data-options='{\"style\":\"default\",\"autoplay\":1,\"interval\":5000,\"width\":1000,\"height\":380,\"duration\":500,\"index\":0,\"order\":\"default\",\"navigation\":0,\"buttons\":1,\"slices\":20,\"animated\":\"boxes\",\"caption_animation_duration\":500}'>\n\t<div>\n\t\t<ul class=\"slides\">\n\n\t\t\t\t\t\t\t\t\t<li>\n\t\t\t\t<article class=\"wk-content clearfix\"><p><a href=\"https:\/\/i0.wp.com\/irmasdesaojose.com.br\/portal\/wp-content\/uploads\/2014\/09\/IMG_2098-e1409935625148.jpg\"><img src=\"https:\/\/i0.wp.com\/irmasdesaojose.com.br\/portal\/wp-content\/uploads\/2014\/09\/IMG_2098-e1409935625148.jpg?resize=700%2C525\" alt=\"IMG_2098\" width=\"700\" height=\"525\" class=\"size-full wp-image-771 aligncenter\" data-recalc-dims=\"1\" \/><\/a><\/p><\/article>\n\t\t\t<\/li>\n\t\t\t\t\t\t\t\t\t\t\t\t<li>\n\t\t\t\t<article class=\"wk-content clearfix\"><p><a href=\"http:\/\/irmasdesaojose.com.br\/portal\/wp-content\/uploads\/2014\/09\/10354183_557530777708987_6433435247726839441_n-e1409935705815.jpg\"><img src=\"data:image\/gif;base64,R0lGODlhAQABAJEAAAAAAP\/\/\/\/\/\/\/wAAACH5BAEHAAIALAAAAAABAAEAAAICVAEAOw==\" data-src=\"http:\/\/irmasdesaojose.com.br\/portal\/wp-content\/uploads\/2014\/09\/10354183_557530777708987_6433435247726839441_n-e1409935705815.jpg\" alt=\"10354183_557530777708987_6433435247726839441_n\" width=\"700\" height=\"376\" class=\"size-full wp-image-772 aligncenter\" \/><\/a><\/p><\/article>\n\t\t\t<\/li>\n\t\t\t\t\t\t\t\t\t\t\t\t<li>\n\t\t\t\t<article class=\"wk-content clearfix\"><p><a href=\"http:\/\/irmasdesaojose.com.br\/portal\/wp-content\/uploads\/2014\/09\/10469740_557530551042343_6405990607650634321_n-e1409935744146.jpg\"><img src=\"data:image\/gif;base64,R0lGODlhAQABAJEAAAAAAP\/\/\/\/\/\/\/wAAACH5BAEHAAIALAAAAAABAAEAAAICVAEAOw==\" data-src=\"http:\/\/irmasdesaojose.com.br\/portal\/wp-content\/uploads\/2014\/09\/10469740_557530551042343_6405990607650634321_n-e1409935744146.jpg\" alt=\"10469740_557530551042343_6405990607650634321_n\" width=\"700\" height=\"467\" class=\"size-full wp-image-774 aligncenter\" \/><\/a><\/p><\/article>\n\t\t\t<\/li>\n\t\t\t\t\t\t\t\t\t\t\t\t<li>\n\t\t\t\t<article class=\"wk-content clearfix\"><p><a href=\"http:\/\/irmasdesaojose.com.br\/portal\/wp-content\/uploads\/2014\/09\/IMG_2104-e1409935942536.jpg\"><img src=\"data:image\/gif;base64,R0lGODlhAQABAJEAAAAAAP\/\/\/\/\/\/\/wAAACH5BAEHAAIALAAAAAABAAEAAAICVAEAOw==\" data-src=\"http:\/\/irmasdesaojose.com.br\/portal\/wp-content\/uploads\/2014\/09\/IMG_2104-e1409935942536.jpg\" alt=\"IMG_2104\" width=\"700\" height=\"439\" class=\"size-full wp-image-780 aligncenter\" \/><\/a><\/p><\/article>\n\t\t\t<\/li>\n\t\t\t\t\t\t\t\t\t\t\t\t<li>\n\t\t\t\t<article class=\"wk-content clearfix\"><p><a href=\"http:\/\/irmasdesaojose.com.br\/portal\/wp-content\/uploads\/2014\/09\/10612853_557189397743125_8874343989519278024_n.jpg\"><img src=\"data:image\/gif;base64,R0lGODlhAQABAJEAAAAAAP\/\/\/\/\/\/\/wAAACH5BAEHAAIALAAAAAABAAEAAAICVAEAOw==\" data-src=\"http:\/\/irmasdesaojose.com.br\/portal\/wp-content\/uploads\/2014\/09\/10612853_557189397743125_8874343989519278024_n.jpg\" alt=\"10612853_557189397743125_8874343989519278024_n\" width=\"960\" height=\"640\" class=\"size-full wp-image-777 aligncenter\" \/><\/a><\/p><\/article>\n\t\t\t<\/li>\n\t\t\t\t\t\t\t\t\t\t\t\t<li>\n\t\t\t\t<article class=\"wk-content clearfix\"><p><a href=\"http:\/\/irmasdesaojose.com.br\/portal\/wp-content\/uploads\/2014\/09\/IMG_2107-e1409935993149.jpg\"><img src=\"data:image\/gif;base64,R0lGODlhAQABAJEAAAAAAP\/\/\/\/\/\/\/wAAACH5BAEHAAIALAAAAAABAAEAAAICVAEAOw==\" data-src=\"http:\/\/irmasdesaojose.com.br\/portal\/wp-content\/uploads\/2014\/09\/IMG_2107-e1409935993149.jpg\" alt=\"IMG_2107\" width=\"638\" height=\"456\" class=\"size-full wp-image-781 aligncenter\" \/><\/a><\/p><\/article>\n\t\t\t<\/li>\n\t\t\t\t\t\t\t\t\t\t\t\t<li>\n\t\t\t\t<article class=\"wk-content clearfix\"><p><a href=\"http:\/\/irmasdesaojose.com.br\/portal\/wp-content\/uploads\/2014\/09\/10639506_557091847752880_3032480453300357935_n.jpg\"><img src=\"data:image\/gif;base64,R0lGODlhAQABAJEAAAAAAP\/\/\/\/\/\/\/wAAACH5BAEHAAIALAAAAAABAAEAAAICVAEAOw==\" data-src=\"http:\/\/irmasdesaojose.com.br\/portal\/wp-content\/uploads\/2014\/09\/10639506_557091847752880_3032480453300357935_n.jpg\" alt=\"10639506_557091847752880_3032480453300357935_n\" width=\"700\" height=\"394\" class=\"size-full wp-image-778 aligncenter\" \/><\/a><\/p><\/article>\n\t\t\t<\/li>\n\t\t\t\t\t\t\t\t\t\t\t\t<li>\n\t\t\t\t<article class=\"wk-content clearfix\"><p><a href=\"http:\/\/irmasdesaojose.com.br\/portal\/wp-content\/uploads\/2014\/09\/IMG_2116-e1409936024751.jpg\"><img src=\"data:image\/gif;base64,R0lGODlhAQABAJEAAAAAAP\/\/\/\/\/\/\/wAAACH5BAEHAAIALAAAAAABAAEAAAICVAEAOw==\" data-src=\"http:\/\/irmasdesaojose.com.br\/portal\/wp-content\/uploads\/2014\/09\/IMG_2116-e1409936024751.jpg\" alt=\"IMG_2116\" width=\"689\" height=\"427\" class=\"size-full wp-image-782 aligncenter\" \/><\/a><\/p><\/article>\n\t\t\t<\/li>\n\t\t\t\t\t\t\t\t\t\t\t\t<li>\n\t\t\t\t<article class=\"wk-content clearfix\"><p><a href=\"http:\/\/irmasdesaojose.com.br\/portal\/wp-content\/uploads\/2014\/09\/10420153_557529511042447_6198738299686946274_n-e1409935730808.jpg\"><img src=\"data:image\/gif;base64,R0lGODlhAQABAJEAAAAAAP\/\/\/\/\/\/\/wAAACH5BAEHAAIALAAAAAABAAEAAAICVAEAOw==\" data-src=\"http:\/\/irmasdesaojose.com.br\/portal\/wp-content\/uploads\/2014\/09\/10420153_557529511042447_6198738299686946274_n-e1409935730808.jpg\" alt=\"10420153_557529511042447_6198738299686946274_n\" width=\"700\" height=\"467\" class=\"size-full wp-image-773 aligncenter\" \/><\/a><\/p><\/article>\n\t\t\t<\/li>\n\t\t\t\t\t\t\t\t\t\t\t\t<li>\n\t\t\t\t<article class=\"wk-content clearfix\"><p><a href=\"http:\/\/irmasdesaojose.com.br\/portal\/wp-content\/uploads\/2014\/09\/10646991_557190094409722_4569179530127091624_n-e1409935824681.jpg\"><img src=\"data:image\/gif;base64,R0lGODlhAQABAJEAAAAAAP\/\/\/\/\/\/\/wAAACH5BAEHAAIALAAAAAABAAEAAAICVAEAOw==\" data-src=\"http:\/\/irmasdesaojose.com.br\/portal\/wp-content\/uploads\/2014\/09\/10646991_557190094409722_4569179530127091624_n-e1409935824681.jpg\" alt=\"10646991_557190094409722_4569179530127091624_n\" width=\"700\" height=\"467\" class=\"size-full wp-image-779 aligncenter\" \/><\/a><\/p><\/article>\n\t\t\t<\/li>\n\t\t\t\t\t\t\t\t\t\t\t\t<li>\n\t\t\t\t<article class=\"wk-content clearfix\"><p><a href=\"http:\/\/irmasdesaojose.com.br\/portal\/wp-content\/uploads\/2014\/09\/10590428_557531764375555_5332115020297015090_n-e1409935798975.jpg\"><img src=\"data:image\/gif;base64,R0lGODlhAQABAJEAAAAAAP\/\/\/\/\/\/\/wAAACH5BAEHAAIALAAAAAABAAEAAAICVAEAOw==\" data-src=\"http:\/\/irmasdesaojose.com.br\/portal\/wp-content\/uploads\/2014\/09\/10590428_557531764375555_5332115020297015090_n-e1409935798975.jpg\" alt=\"10590428_557531764375555_5332115020297015090_n\" width=\"694\" height=\"378\" class=\"size-full wp-image-776 aligncenter\" \/><\/a><\/p><\/article>\n\t\t\t<\/li>\n\t\t\t\t\t\t\t\t\t\t\t\t<li>\n\t\t\t\t<article class=\"wk-content clearfix\"><p><a href=\"http:\/\/irmasdesaojose.com.br\/portal\/wp-content\/uploads\/2014\/09\/10570566_557093734419358_4900293578214422292_n-e1409935763533.jpg\"><img src=\"data:image\/gif;base64,R0lGODlhAQABAJEAAAAAAP\/\/\/\/\/\/\/wAAACH5BAEHAAIALAAAAAABAAEAAAICVAEAOw==\" data-src=\"http:\/\/irmasdesaojose.com.br\/portal\/wp-content\/uploads\/2014\/09\/10570566_557093734419358_4900293578214422292_n-e1409935763533.jpg\" alt=\"10570566_557093734419358_4900293578214422292_n\" width=\"700\" height=\"394\" class=\"size-full wp-image-775 aligncenter\" \/><\/a><\/p><\/article>\n\t\t\t<\/li>\n\t\t\t\t\t\t\t\t<\/ul>\n\t\t<div class=\"next\"><\/div><div class=\"prev\"><\/div>\t\t<div class=\"caption\"><\/div><ul class=\"captions\"><li><\/li><li><\/li><li><\/li><li><\/li><li><\/li><li><\/li><li><\/li><li><\/li><li><\/li><li><\/li><li><\/li><li><\/li><\/ul>\n\t<\/div>\n\t<\/div><\/p>\n<p style=\"text-align: justify;\"><span style=\"color: #000000;\">De acordo com os organizadores, o objetivo do evento foi refletir sobre a primeira carta circular da Congrega\u00e7\u00e3o, <strong>\u201cAlegrai-vos\u201d<\/strong>, destinada a Religiosos e Religiosas em prepara\u00e7\u00e3o ao Ano da Vida Consagrada, celebrar os 50 anos do documento Perfectae Caritatis, animar e renovar o ardor da Vida Consagrada para que se abra sempre mais a Cristo e aos irm\u00e3os e irm\u00e3s.<\/span><\/p>\n<p style=\"text-align: justify;\"><span style=\"color: #000000;\">Fonte: http:\/\/www.crbnacional.org.br\/site\/index.php\/noticias\/destaque\/1346-encontro-com-o-cardeal-de-aviz-reune-religiosas-e-religiosos-do-brasil-em-curitiba<\/span><\/p>\n<p style=\"text-align: justify;\">\n","protected":false},"excerpt":{"rendered":"<p>Por ocasi\u00e3o do Ano da Vida Consagrada, o prefeito da Congrega\u00e7\u00e3o para os Institutos de Vida Consagrada e as Sociedades de Vida Apost\u00f3lica, dom Jo\u00e3o Braz, cardeal de Aviz, reuniu nos dias 28 e 29 de agosto de 2014, mais de 800 consagrados do Brasil, na Par\u00f3quia Senhor Bom Jesus do Port\u00e3o, na cidade de [&hellip;]<\/p>\n","protected":false},"author":1,"featured_media":0,"comment_status":"open","ping_status":"open","sticky":false,"template":"","format":"standard","meta":{"_monsterinsights_skip_tracking":false,"_monsterinsights_sitenote_active":false,"_monsterinsights_sitenote_note":"","_monsterinsights_sitenote_category":0,"jetpack_post_was_ever_published":false,"_jetpack_newsletter_access":"","_jetpack_dont_email_post_to_subs":false,"_jetpack_newsletter_tier_id":0,"_jetpack_memberships_contains_paywalled_content":false,"footnotes":"","_jetpack_memberships_contains_paid_content":false,"jetpack_publicize_message":"","jetpack_publicize_feature_enabled":true,"jetpack_social_post_already_shared":true,"jetpack_social_options":{"image_generator_settings":{"template":"highway","enabled":false}}},"categories":[1],"tags":[65,64,13],"jetpack_publicize_connections":[],"jetpack_featured_media_url":"","jetpack_shortlink":"https:\/\/wp.me\/p4Ftkv-cH","jetpack_sharing_enabled":true,"_links":{"self":[{"href":"http:\/\/irmasdesaojose.com.br\/portal\/wp-json\/wp\/v2\/posts\/787"}],"collection":[{"href":"http:\/\/irmasdesaojose.com.br\/portal\/wp-json\/wp\/v2\/posts"}],"about":[{"href":"http:\/\/irmasdesaojose.com.br\/portal\/wp-json\/wp\/v2\/types\/post"}],"author":[{"embeddable":true,"href":"http:\/\/irmasdesaojose.com.br\/portal\/wp-json\/wp\/v2\/users\/1"}],"replies":[{"embeddable":true,"href":"http:\/\/irmasdesaojose.com.br\/portal\/wp-json\/wp\/v2\/comments?post=787"}],"version-history":[{"count":2,"href":"http:\/\/irmasdesaojose.com.br\/portal\/wp-json\/wp\/v2\/posts\/787\/revisions"}],"predecessor-version":[{"id":789,"href":"http:\/\/irmasdesaojose.com.br\/portal\/wp-json\/wp\/v2\/posts\/787\/revisions\/789"}],"wp:attachment":[{"href":"http:\/\/irmasdesaojose.com.br\/portal\/wp-json\/wp\/v2\/media?parent=787"}],"wp:term":[{"taxonomy":"category","embeddable":true,"href":"http:\/\/irmasdesaojose.com.br\/portal\/wp-json\/wp\/v2\/categories?post=787"},{"taxonomy":"post_tag","embeddable":true,"href":"http:\/\/irmasdesaojose.com.br\/portal\/wp-json\/wp\/v2\/tags?post=787"}],"curies":[{"name":"wp","href":"https:\/\/api.w.org\/{rel}","templated":true}]}}