{"id":801,"date":"2014-09-08T13:23:19","date_gmt":"2014-09-08T13:23:19","guid":{"rendered":"http:\/\/irmasdesaojose.com.br\/portal\/?p=801"},"modified":"2014-09-12T00:49:59","modified_gmt":"2014-09-12T00:49:59","slug":"retiro-anual-das-irmas-de-sao-jose-em-sao-luis-ma","status":"publish","type":"post","link":"http:\/\/irmasdesaojose.com.br\/portal\/retiro-anual-das-irmas-de-sao-jose-em-sao-luis-ma\/","title":{"rendered":"RETIRO ANUAL DAS IRM\u00c3S DE S\u00c3O JOS\u00c9 EM S\u00c3O LU\u00cdS &#8211; MA"},"content":{"rendered":"<p style=\"text-align: center;\"><strong><span style=\"color: #0000ff;\">&#8220;Vinde para um lugar deserto e descansai um pouco&#8221;. (Mc 6,31)<\/span><\/strong><\/p>\n<p><span style=\"color: #000000;\">Entre os dias <strong>25\/08 e 02\/09<\/strong> as Irm\u00e3s de S\u00e3o Jos\u00e9 que moram no Maranh\u00e3o e a Ir. Id\u00e1lia (Irm\u00e3s Oblatas do Cora\u00e7\u00e3o de Jesus) se reuniram para o <em>Retiro Anual<\/em> na Casa de Encontros da Arquidiocese de S\u00e3o Lu\u00eds, o &#8220;O\u00e1sis&#8221;.<\/span><\/p>\n<p><a href=\"https:\/\/i0.wp.com\/irmasdesaojose.com.br\/portal\/wp-content\/uploads\/2014\/09\/SAM_0807-e1410482232575.jpg\"><img decoding=\"async\" loading=\"lazy\" class=\"aligncenter wp-image-807 size-full\" src=\"https:\/\/i0.wp.com\/irmasdesaojose.com.br\/portal\/wp-content\/uploads\/2014\/09\/SAM_0807-e1410482232575.jpg?resize=665%2C400\" alt=\"SAM_0807\" width=\"665\" height=\"400\" srcset=\"https:\/\/i0.wp.com\/irmasdesaojose.com.br\/portal\/wp-content\/uploads\/2014\/09\/SAM_0807-e1410482232575.jpg?w=665 665w, https:\/\/i0.wp.com\/irmasdesaojose.com.br\/portal\/wp-content\/uploads\/2014\/09\/SAM_0807-e1410482232575.jpg?resize=300%2C180 300w\" sizes=\"(max-width: 665px) 100vw, 665px\" data-recalc-dims=\"1\" \/><\/a><\/p>\n<p><span style=\"color: #000000;\">Foram oito dias de ora\u00e7\u00e3o, forma\u00e7\u00e3o e fraternidade orientados pelo <strong>Pe. Djalma L\u00facio, SCJ<\/strong>.<\/span><\/p>\n<p><span style=\"color: #000000;\">As Irm\u00e3s agradecem a Deus pelo tempo especial do retiro que lhes proporcionou, pela abertura dos cora\u00e7\u00f5es aos apelos de Seus na caminhada da santidade!<\/span><\/p>\n<p><a href=\"https:\/\/i0.wp.com\/irmasdesaojose.com.br\/portal\/wp-content\/uploads\/2014\/09\/SAM_0803-e1410482285215.jpg\"><img decoding=\"async\" loading=\"lazy\" class=\"size-full wp-image-806 aligncenter\" src=\"https:\/\/i0.wp.com\/irmasdesaojose.com.br\/portal\/wp-content\/uploads\/2014\/09\/SAM_0803-e1410482285215.jpg?resize=700%2C525\" alt=\"SAM_0803\" width=\"700\" height=\"525\" data-recalc-dims=\"1\" \/><\/a><\/p>\n<p>&nbsp;<\/p>\n<p><!--more--><\/p>\n<p><a href=\"https:\/\/i0.wp.com\/irmasdesaojose.com.br\/portal\/wp-content\/uploads\/2014\/09\/SAM_0808-e1410482152364.jpg\"><img decoding=\"async\" loading=\"lazy\" class=\"size-full wp-image-808 aligncenter\" src=\"https:\/\/i0.wp.com\/irmasdesaojose.com.br\/portal\/wp-content\/uploads\/2014\/09\/SAM_0808-e1410482152364.jpg?resize=700%2C525\" alt=\"SAM_0808\" width=\"700\" height=\"525\" data-recalc-dims=\"1\" \/><\/a><\/p>\n<p><a href=\"https:\/\/i0.wp.com\/irmasdesaojose.com.br\/portal\/wp-content\/uploads\/2014\/09\/SAM_0797-e1410482458334.jpg\"><img decoding=\"async\" loading=\"lazy\" class=\"size-full wp-image-804 aligncenter\" src=\"https:\/\/i0.wp.com\/irmasdesaojose.com.br\/portal\/wp-content\/uploads\/2014\/09\/SAM_0797-e1410482458334.jpg?resize=700%2C316\" alt=\"SAM_0797\" width=\"700\" height=\"316\" srcset=\"https:\/\/i0.wp.com\/irmasdesaojose.com.br\/portal\/wp-content\/uploads\/2014\/09\/SAM_0797-e1410482458334.jpg?w=700 700w, https:\/\/i0.wp.com\/irmasdesaojose.com.br\/portal\/wp-content\/uploads\/2014\/09\/SAM_0797-e1410482458334.jpg?resize=300%2C135 300w\" sizes=\"(max-width: 700px) 100vw, 700px\" data-recalc-dims=\"1\" \/><\/a><\/p>\n<p><a href=\"https:\/\/i0.wp.com\/irmasdesaojose.com.br\/portal\/wp-content\/uploads\/2014\/09\/SAM_0811-e1410482260578.jpg\"><img decoding=\"async\" loading=\"lazy\" class=\"size-full wp-image-810 aligncenter\" src=\"https:\/\/i0.wp.com\/irmasdesaojose.com.br\/portal\/wp-content\/uploads\/2014\/09\/SAM_0811-e1410482260578.jpg?resize=700%2C525\" alt=\"SAM_0811\" width=\"700\" height=\"525\" data-recalc-dims=\"1\" \/><\/a><\/p>\n<p style=\"text-align: center;\"><a href=\"https:\/\/i0.wp.com\/irmasdesaojose.com.br\/portal\/wp-content\/uploads\/2014\/09\/SAM_0799-e1410482363917.jpg\"><img decoding=\"async\" loading=\"lazy\" class=\"alignnone size-full wp-image-805\" src=\"https:\/\/i0.wp.com\/irmasdesaojose.com.br\/portal\/wp-content\/uploads\/2014\/09\/SAM_0799-e1410482363917.jpg?resize=691%2C437\" alt=\"SAM_0799\" width=\"691\" height=\"437\" srcset=\"https:\/\/i0.wp.com\/irmasdesaojose.com.br\/portal\/wp-content\/uploads\/2014\/09\/SAM_0799-e1410482363917.jpg?w=691 691w, https:\/\/i0.wp.com\/irmasdesaojose.com.br\/portal\/wp-content\/uploads\/2014\/09\/SAM_0799-e1410482363917.jpg?resize=300%2C189 300w\" sizes=\"(max-width: 691px) 100vw, 691px\" data-recalc-dims=\"1\" \/><\/a><\/p>\n<p style=\"text-align: center;\"><a href=\"https:\/\/i0.wp.com\/irmasdesaojose.com.br\/portal\/wp-content\/uploads\/2014\/09\/SAM_0809-e1410482382430.jpg\"><img decoding=\"async\" loading=\"lazy\" class=\"alignnone size-full wp-image-809\" src=\"https:\/\/i0.wp.com\/irmasdesaojose.com.br\/portal\/wp-content\/uploads\/2014\/09\/SAM_0809-e1410482382430.jpg?resize=700%2C525\" alt=\"SAM_0809\" width=\"700\" height=\"525\" data-recalc-dims=\"1\" \/><\/a><a href=\"https:\/\/i0.wp.com\/irmasdesaojose.com.br\/portal\/wp-content\/uploads\/2014\/09\/SAM_0813-e1410482402328.jpg\"><img decoding=\"async\" loading=\"lazy\" class=\"alignnone size-full wp-image-811\" src=\"https:\/\/i0.wp.com\/irmasdesaojose.com.br\/portal\/wp-content\/uploads\/2014\/09\/SAM_0813-e1410482402328.jpg?resize=700%2C525\" alt=\"SAM_0813\" width=\"700\" height=\"525\" data-recalc-dims=\"1\" \/><\/a><a href=\"https:\/\/i0.wp.com\/irmasdesaojose.com.br\/portal\/wp-content\/uploads\/2014\/09\/SAM_07891-e1410482518598.jpg\"><img decoding=\"async\" loading=\"lazy\" class=\"alignnone size-full wp-image-803\" src=\"https:\/\/i0.wp.com\/irmasdesaojose.com.br\/portal\/wp-content\/uploads\/2014\/09\/SAM_07891-e1410482518598.jpg?resize=656%2C402\" alt=\"SAM_0789\" width=\"656\" height=\"402\" srcset=\"https:\/\/i0.wp.com\/irmasdesaojose.com.br\/portal\/wp-content\/uploads\/2014\/09\/SAM_07891-e1410482518598.jpg?w=656 656w, https:\/\/i0.wp.com\/irmasdesaojose.com.br\/portal\/wp-content\/uploads\/2014\/09\/SAM_07891-e1410482518598.jpg?resize=300%2C183 300w\" sizes=\"(max-width: 656px) 100vw, 656px\" data-recalc-dims=\"1\" \/><\/a><\/p>\n<p>&nbsp;<\/p>\n","protected":false},"excerpt":{"rendered":"<p>&#8220;Vinde para um lugar deserto e descansai um pouco&#8221;. (Mc 6,31) Entre os dias 25\/08 e 02\/09 as Irm\u00e3s de S\u00e3o Jos\u00e9 que moram no Maranh\u00e3o e a Ir. Id\u00e1lia (Irm\u00e3s Oblatas do Cora\u00e7\u00e3o de Jesus) se reuniram para o Retiro Anual na Casa de Encontros da Arquidiocese de S\u00e3o Lu\u00eds, o &#8220;O\u00e1sis&#8221;. Foram oito [&hellip;]<\/p>\n","protected":false},"author":1,"featured_media":0,"comment_status":"open","ping_status":"open","sticky":false,"template":"","format":"standard","meta":{"_monsterinsights_skip_tracking":false,"_monsterinsights_sitenote_active":false,"_monsterinsights_sitenote_note":"","_monsterinsights_sitenote_category":0,"jetpack_post_was_ever_published":false,"_jetpack_newsletter_access":"","_jetpack_dont_email_post_to_subs":false,"_jetpack_newsletter_tier_id":0,"_jetpack_memberships_contains_paywalled_content":false,"footnotes":"","_jetpack_memberships_contains_paid_content":false,"jetpack_publicize_message":"","jetpack_publicize_feature_enabled":true,"jetpack_social_post_already_shared":true,"jetpack_social_options":{"image_generator_settings":{"template":"highway","enabled":false}}},"categories":[1],"tags":[32,13,39],"jetpack_publicize_connections":[],"jetpack_featured_media_url":"","jetpack_shortlink":"https:\/\/wp.me\/p4Ftkv-cV","jetpack_sharing_enabled":true,"_links":{"self":[{"href":"http:\/\/irmasdesaojose.com.br\/portal\/wp-json\/wp\/v2\/posts\/801"}],"collection":[{"href":"http:\/\/irmasdesaojose.com.br\/portal\/wp-json\/wp\/v2\/posts"}],"about":[{"href":"http:\/\/irmasdesaojose.com.br\/portal\/wp-json\/wp\/v2\/types\/post"}],"author":[{"embeddable":true,"href":"http:\/\/irmasdesaojose.com.br\/portal\/wp-json\/wp\/v2\/users\/1"}],"replies":[{"embeddable":true,"href":"http:\/\/irmasdesaojose.com.br\/portal\/wp-json\/wp\/v2\/comments?post=801"}],"version-history":[{"count":7,"href":"http:\/\/irmasdesaojose.com.br\/portal\/wp-json\/wp\/v2\/posts\/801\/revisions"}],"predecessor-version":[{"id":819,"href":"http:\/\/irmasdesaojose.com.br\/portal\/wp-json\/wp\/v2\/posts\/801\/revisions\/819"}],"wp:attachment":[{"href":"http:\/\/irmasdesaojose.com.br\/portal\/wp-json\/wp\/v2\/media?parent=801"}],"wp:term":[{"taxonomy":"category","embeddable":true,"href":"http:\/\/irmasdesaojose.com.br\/portal\/wp-json\/wp\/v2\/categories?post=801"},{"taxonomy":"post_tag","embeddable":true,"href":"http:\/\/irmasdesaojose.com.br\/portal\/wp-json\/wp\/v2\/tags?post=801"}],"curies":[{"name":"wp","href":"https:\/\/api.w.org\/{rel}","templated":true}]}}