{"id":854,"date":"2014-09-15T13:00:55","date_gmt":"2014-09-15T13:00:55","guid":{"rendered":"http:\/\/irmasdesaojose.com.br\/portal\/?p=854"},"modified":"2014-10-14T13:28:02","modified_gmt":"2014-10-14T13:28:02","slug":"como-ser-um-jovem-cristao","status":"publish","type":"post","link":"http:\/\/irmasdesaojose.com.br\/portal\/como-ser-um-jovem-cristao\/","title":{"rendered":"Como ser um jovem crist\u00e3o?"},"content":{"rendered":"<p><span style=\"color: #000000;\">No dia <strong>14 de setembro<\/strong> aconteceu o t\u00e3o esperado <strong>Dia Paroquial da Juventude<\/strong> na Comunidade Santa Ana, em S\u00e3o Lu\u00eds, MA, com o tema: <strong>Como ser um jovem crist\u00e3o?<\/strong><\/span><\/p>\n<p style=\"text-align: center;\"><a href=\"https:\/\/i0.wp.com\/irmasdesaojose.com.br\/portal\/wp-content\/uploads\/2014\/10\/163-e1413293098713.jpg\"><img decoding=\"async\" loading=\"lazy\" class=\"alignnone size-full wp-image-855\" src=\"https:\/\/i0.wp.com\/irmasdesaojose.com.br\/portal\/wp-content\/uploads\/2014\/10\/163-e1413293098713.jpg?resize=700%2C525\" alt=\"163\" width=\"700\" height=\"525\" data-recalc-dims=\"1\" \/><\/a><\/p>\n<p><!--more--><\/p>\n<p><span style=\"color: #000000;\">Durante o dia os jovens rezaram o Oficio da Juventude, tiveram oficinas com os temas: <strong>fam\u00edlia, espiritualidade e milit\u00e2ncia<\/strong>. Baseados nestes temas, os jovens buscaram formar um verdadeiro jovem crist\u00e3o atrav\u00e9s da m\u00fasica, do teatro e do desenho.\u00a0<\/span>O encontro foi encerrado com a Santa Missa.<\/p>\n<p><a href=\"https:\/\/i0.wp.com\/irmasdesaojose.com.br\/portal\/wp-content\/uploads\/2014\/10\/221-e1413293166455.jpg\"><img decoding=\"async\" loading=\"lazy\" class=\"size-full wp-image-858 aligncenter\" src=\"https:\/\/i0.wp.com\/irmasdesaojose.com.br\/portal\/wp-content\/uploads\/2014\/10\/221-e1413293166455.jpg?resize=700%2C483\" alt=\"221\" width=\"700\" height=\"483\" data-recalc-dims=\"1\" \/><\/a> <a href=\"https:\/\/i0.wp.com\/irmasdesaojose.com.br\/portal\/wp-content\/uploads\/2014\/10\/219-e1413293150795.jpg\"><img decoding=\"async\" loading=\"lazy\" class=\"size-full wp-image-857 aligncenter\" src=\"https:\/\/i0.wp.com\/irmasdesaojose.com.br\/portal\/wp-content\/uploads\/2014\/10\/219-e1413293150795.jpg?resize=700%2C525\" alt=\"219\" width=\"700\" height=\"525\" data-recalc-dims=\"1\" \/><\/a> <a href=\"https:\/\/i0.wp.com\/irmasdesaojose.com.br\/portal\/wp-content\/uploads\/2014\/10\/184-e1413293136433.jpg\"><img decoding=\"async\" loading=\"lazy\" class=\"size-full wp-image-856 aligncenter\" src=\"https:\/\/i0.wp.com\/irmasdesaojose.com.br\/portal\/wp-content\/uploads\/2014\/10\/184-e1413293136433.jpg?resize=700%2C525\" alt=\"184\" width=\"700\" height=\"525\" data-recalc-dims=\"1\" \/><\/a><\/p>\n","protected":false},"excerpt":{"rendered":"<p>No dia 14 de setembro aconteceu o t\u00e3o esperado Dia Paroquial da Juventude na Comunidade Santa Ana, em S\u00e3o Lu\u00eds, MA, com o tema: Como ser um jovem crist\u00e3o?<\/p>\n","protected":false},"author":1,"featured_media":0,"comment_status":"open","ping_status":"open","sticky":false,"template":"","format":"standard","meta":{"_monsterinsights_skip_tracking":false,"_monsterinsights_sitenote_active":false,"_monsterinsights_sitenote_note":"","_monsterinsights_sitenote_category":0,"jetpack_post_was_ever_published":false,"_jetpack_newsletter_access":"","_jetpack_dont_email_post_to_subs":false,"_jetpack_newsletter_tier_id":0,"_jetpack_memberships_contains_paywalled_content":false,"footnotes":"","_jetpack_memberships_contains_paid_content":false,"jetpack_publicize_message":"","jetpack_publicize_feature_enabled":true,"jetpack_social_post_already_shared":true,"jetpack_social_options":{"image_generator_settings":{"template":"highway","enabled":false}}},"categories":[1],"tags":[34,13,55],"jetpack_publicize_connections":[],"jetpack_featured_media_url":"","jetpack_shortlink":"https:\/\/wp.me\/p4Ftkv-dM","jetpack_sharing_enabled":true,"_links":{"self":[{"href":"http:\/\/irmasdesaojose.com.br\/portal\/wp-json\/wp\/v2\/posts\/854"}],"collection":[{"href":"http:\/\/irmasdesaojose.com.br\/portal\/wp-json\/wp\/v2\/posts"}],"about":[{"href":"http:\/\/irmasdesaojose.com.br\/portal\/wp-json\/wp\/v2\/types\/post"}],"author":[{"embeddable":true,"href":"http:\/\/irmasdesaojose.com.br\/portal\/wp-json\/wp\/v2\/users\/1"}],"replies":[{"embeddable":true,"href":"http:\/\/irmasdesaojose.com.br\/portal\/wp-json\/wp\/v2\/comments?post=854"}],"version-history":[{"count":1,"href":"http:\/\/irmasdesaojose.com.br\/portal\/wp-json\/wp\/v2\/posts\/854\/revisions"}],"predecessor-version":[{"id":859,"href":"http:\/\/irmasdesaojose.com.br\/portal\/wp-json\/wp\/v2\/posts\/854\/revisions\/859"}],"wp:attachment":[{"href":"http:\/\/irmasdesaojose.com.br\/portal\/wp-json\/wp\/v2\/media?parent=854"}],"wp:term":[{"taxonomy":"category","embeddable":true,"href":"http:\/\/irmasdesaojose.com.br\/portal\/wp-json\/wp\/v2\/categories?post=854"},{"taxonomy":"post_tag","embeddable":true,"href":"http:\/\/irmasdesaojose.com.br\/portal\/wp-json\/wp\/v2\/tags?post=854"}],"curies":[{"name":"wp","href":"https:\/\/api.w.org\/{rel}","templated":true}]}}