{"id":920,"date":"2014-09-14T16:11:01","date_gmt":"2014-09-14T16:11:01","guid":{"rendered":"http:\/\/irmasdesaojose.com.br\/portal\/?p=920"},"modified":"2014-10-14T16:20:34","modified_gmt":"2014-10-14T16:20:34","slug":"projeto-arte-de-cativar","status":"publish","type":"post","link":"http:\/\/irmasdesaojose.com.br\/portal\/projeto-arte-de-cativar\/","title":{"rendered":"Projeto Arte de Cativar"},"content":{"rendered":"<p style=\"text-align: center;\"><span style=\"color: #000000;\"><strong>&#8220;Perguntou o principezinho: O que significa &#8216;Cativar&#8217;?\u00a0<\/strong><strong>Cativar significa criar la\u00e7os &#8211; respondeu a raposa.\u00a0<\/strong><strong>CATIVA-ME! &#8211; disse o Pequeno Pr\u00edncipe&#8221;.\u00a0<\/strong>(Saint Exup\u00e9ry)<\/span><\/p>\n<p style=\"text-align: justify;\">\u00a0<span style=\"color: #000000;\">\u00a0No dia <strong>13 de setembro<\/strong> houve o lan\u00e7amento do <strong>Projeto Arte de Cativar<\/strong>, que contou com a participa\u00e7\u00e3o dos jovens que iniciar\u00e3o a forma\u00e7\u00e3o e ser\u00e3o os primeiros \u201ccativadores\u201d.<\/span><\/p>\n<p style=\"text-align: center;\"><a href=\"https:\/\/i0.wp.com\/irmasdesaojose.com.br\/portal\/wp-content\/uploads\/2014\/10\/271-e1413303331372.jpg\"><img decoding=\"async\" loading=\"lazy\" class=\"alignnone size-full wp-image-921\" src=\"https:\/\/i0.wp.com\/irmasdesaojose.com.br\/portal\/wp-content\/uploads\/2014\/10\/271-e1413303331372.jpg?resize=700%2C343\" alt=\"271\" width=\"700\" height=\"343\" srcset=\"https:\/\/i0.wp.com\/irmasdesaojose.com.br\/portal\/wp-content\/uploads\/2014\/10\/271-e1413303331372.jpg?w=700 700w, https:\/\/i0.wp.com\/irmasdesaojose.com.br\/portal\/wp-content\/uploads\/2014\/10\/271-e1413303331372.jpg?resize=300%2C147 300w\" sizes=\"(max-width: 700px) 100vw, 700px\" data-recalc-dims=\"1\" \/><\/a><\/p>\n<p style=\"text-align: center;\"><!--more--><\/p>\n<p style=\"text-align: justify;\"><span style=\"color: #000000;\">O projeto <strong>\u201cA Arte de Cativar\u201d<\/strong> objetiva <strong>Promover o Protagonismo Juvenil<\/strong>, de jovens da Par\u00f3quia Sant\u00edssima Trindade,\u00a0instrumentalizando-os a promover a\u00e7\u00f5es para a redu\u00e7\u00e3o de vulnerabilidades identificadas no territ\u00f3rio e atuarem como volunt\u00e1rios e multiplicadores dos conhecimentos adquiridos, relacionados aos Direitos Humanos da Crian\u00e7a, Adolescente e Jovem, protagonismo juvenil, preven\u00e7\u00e3o e redu\u00e7\u00e3o de danos no uso de Drogas; preparando-os para cativar outros jovens, sobretudo os jovens usu\u00e1rios de drogas, a exercer a plenitude de sua cidadania, atrav\u00e9s de programas de educa\u00e7\u00e3o em Direitos Humanos e da Pol\u00edtica\u00a0Nacional de Aten\u00e7\u00e3o Integral \u00e0 Sa\u00fade de Adolescentes e Jovens.<\/span><\/p>\n<p style=\"text-align: center;\"><a href=\"https:\/\/i0.wp.com\/irmasdesaojose.com.br\/portal\/wp-content\/uploads\/2014\/10\/263-e1413303482724.jpg\"><img decoding=\"async\" loading=\"lazy\" class=\"alignnone size-full wp-image-926\" src=\"https:\/\/i0.wp.com\/irmasdesaojose.com.br\/portal\/wp-content\/uploads\/2014\/10\/263-e1413303482724.jpg?resize=677%2C400\" alt=\"263\" width=\"677\" height=\"400\" srcset=\"https:\/\/i0.wp.com\/irmasdesaojose.com.br\/portal\/wp-content\/uploads\/2014\/10\/263-e1413303482724.jpg?w=677 677w, https:\/\/i0.wp.com\/irmasdesaojose.com.br\/portal\/wp-content\/uploads\/2014\/10\/263-e1413303482724.jpg?resize=300%2C177 300w\" sizes=\"(max-width: 677px) 100vw, 677px\" data-recalc-dims=\"1\" \/><\/a> <a href=\"https:\/\/i0.wp.com\/irmasdesaojose.com.br\/portal\/wp-content\/uploads\/2014\/10\/252-e1413303454308.jpg\"><img decoding=\"async\" loading=\"lazy\" class=\"alignnone size-full wp-image-925\" src=\"https:\/\/i0.wp.com\/irmasdesaojose.com.br\/portal\/wp-content\/uploads\/2014\/10\/252-e1413303454308.jpg?resize=700%2C445\" alt=\"252\" width=\"700\" height=\"445\" data-recalc-dims=\"1\" \/><\/a> <a href=\"https:\/\/i0.wp.com\/irmasdesaojose.com.br\/portal\/wp-content\/uploads\/2014\/10\/249-e1413303385305.jpg\"><img decoding=\"async\" loading=\"lazy\" class=\"alignnone size-full wp-image-923\" src=\"https:\/\/i0.wp.com\/irmasdesaojose.com.br\/portal\/wp-content\/uploads\/2014\/10\/249-e1413303385305.jpg?resize=700%2C525\" alt=\"249\" width=\"700\" height=\"525\" data-recalc-dims=\"1\" \/><\/a> <a href=\"https:\/\/i0.wp.com\/irmasdesaojose.com.br\/portal\/wp-content\/uploads\/2014\/10\/248-e1413303368985.jpg\"><img decoding=\"async\" loading=\"lazy\" class=\"alignnone size-full wp-image-922\" src=\"https:\/\/i0.wp.com\/irmasdesaojose.com.br\/portal\/wp-content\/uploads\/2014\/10\/248-e1413303368985.jpg?resize=700%2C383\" alt=\"248\" width=\"700\" height=\"383\" data-recalc-dims=\"1\" \/><\/a><\/p>\n<p style=\"text-align: justify;\">Estiveram presentes alguns representantes da: Funda\u00e7\u00e3o Justi\u00e7a e Paz se abra\u00e7ar\u00e3o (JPA), CRAS e CREAS.<\/p>\n","protected":false},"excerpt":{"rendered":"<p>&#8220;Perguntou o principezinho: O que significa &#8216;Cativar&#8217;?\u00a0Cativar significa criar la\u00e7os &#8211; respondeu a raposa.\u00a0CATIVA-ME! &#8211; disse o Pequeno Pr\u00edncipe&#8221;.\u00a0(Saint Exup\u00e9ry) \u00a0\u00a0No dia 13 de setembro houve o lan\u00e7amento do Projeto Arte de Cativar, que contou com a participa\u00e7\u00e3o dos jovens que iniciar\u00e3o a forma\u00e7\u00e3o e ser\u00e3o os primeiros \u201ccativadores\u201d.<\/p>\n","protected":false},"author":1,"featured_media":0,"comment_status":"open","ping_status":"open","sticky":false,"template":"","format":"standard","meta":{"_monsterinsights_skip_tracking":false,"_monsterinsights_sitenote_active":false,"_monsterinsights_sitenote_note":"","_monsterinsights_sitenote_category":0,"jetpack_post_was_ever_published":false,"_jetpack_newsletter_access":"","_jetpack_dont_email_post_to_subs":false,"_jetpack_newsletter_tier_id":0,"_jetpack_memberships_contains_paywalled_content":false,"footnotes":"","_jetpack_memberships_contains_paid_content":false,"jetpack_publicize_message":"","jetpack_publicize_feature_enabled":true,"jetpack_social_post_already_shared":true,"jetpack_social_options":{"image_generator_settings":{"template":"highway","enabled":false}}},"categories":[1],"tags":[71,55,35],"jetpack_publicize_connections":[],"jetpack_featured_media_url":"","jetpack_shortlink":"https:\/\/wp.me\/p4Ftkv-eQ","jetpack_sharing_enabled":true,"_links":{"self":[{"href":"http:\/\/irmasdesaojose.com.br\/portal\/wp-json\/wp\/v2\/posts\/920"}],"collection":[{"href":"http:\/\/irmasdesaojose.com.br\/portal\/wp-json\/wp\/v2\/posts"}],"about":[{"href":"http:\/\/irmasdesaojose.com.br\/portal\/wp-json\/wp\/v2\/types\/post"}],"author":[{"embeddable":true,"href":"http:\/\/irmasdesaojose.com.br\/portal\/wp-json\/wp\/v2\/users\/1"}],"replies":[{"embeddable":true,"href":"http:\/\/irmasdesaojose.com.br\/portal\/wp-json\/wp\/v2\/comments?post=920"}],"version-history":[{"count":2,"href":"http:\/\/irmasdesaojose.com.br\/portal\/wp-json\/wp\/v2\/posts\/920\/revisions"}],"predecessor-version":[{"id":929,"href":"http:\/\/irmasdesaojose.com.br\/portal\/wp-json\/wp\/v2\/posts\/920\/revisions\/929"}],"wp:attachment":[{"href":"http:\/\/irmasdesaojose.com.br\/portal\/wp-json\/wp\/v2\/media?parent=920"}],"wp:term":[{"taxonomy":"category","embeddable":true,"href":"http:\/\/irmasdesaojose.com.br\/portal\/wp-json\/wp\/v2\/categories?post=920"},{"taxonomy":"post_tag","embeddable":true,"href":"http:\/\/irmasdesaojose.com.br\/portal\/wp-json\/wp\/v2\/tags?post=920"}],"curies":[{"name":"wp","href":"https:\/\/api.w.org\/{rel}","templated":true}]}}